{"id":9936,"date":"2018-12-19T09:18:22","date_gmt":"2018-12-19T08:18:22","guid":{"rendered":"https:\/\/herzogtum-direkt.de\/?p=9936"},"modified":"2018-12-19T09:18:22","modified_gmt":"2018-12-19T08:18:22","slug":"weihnachten-in-venedig","status":"publish","type":"post","link":"https:\/\/herzogtum-direkt.de\/index.php\/2018\/12\/19\/weihnachten-in-venedig\/","title":{"rendered":"Weihnachten in Venedig"},"content":{"rendered":"<p><strong>Ratzeburg (pm).<\/strong> Antonio Vivaldi war f\u00fcnfzehn Jahre lang Instrumentallehrer, Orchesterleiter und schlie\u00dflich maestro de\u2019 concerti des Ospedale della Piet\u00e0 in Venedig, einem Waisenhaus f\u00fcr M\u00e4dchen. Hier entstanden eine Reihe seiner ber\u00fchmtesten Violinkonzerte und das Magnificat. Reisende kamen von weit her, um Vivaldi mit seinen Sch\u00fclerinnen in der Kirche Santa Maria della Piet\u00e0 zu h\u00f6ren.<\/p>\n<p>Domkantor Christian Skobowsky hat f\u00fcr die Weihnachtskonzerte im Ratzeburger Dom am Sonnabend, 22. Dezember 2018, um 19 Uhr und am Sonntag, 23. Dezember 2018, um 12 Uhr rund um Vivaldi ein venezianisches Programm zusammengestellt, das mit dem \u201eWinter\u201c aus den Vier Jahreszeiten er\u00f6ffnet wird. Den Abschluss bildet der festliche Lobgesang der Maria, das Magnificat f\u00fcr Solostimmen, Chor und Orchester. Der vierstimmige Chor ist nur f\u00fcr hohe Stimmen komponiert und wird von den Ratzeburger Domfinken und den S\u00e4ngerinnen des Domchores gesungen. Marie Luise Werneburg (Sopran) und Genevi\u00e8ve Tschumi (Mezzosopran) \u00fcbernehmen die Solopartien. Wie schon zuletzt bei Bachs h-Moll-Messe musizieren die jungen Orchestermusikerinnen des Bremer Bach Consorts.<\/p>\n<p>Das Programm wird auf der einen Seite erg\u00e4nzt durch zwei weitere Kompositionen aus Venedig von Giovanni Valentini und Alessandro Marcello (Oboenkonzert d-Moll, Solistin: Luise Haugk), auf der anderen Seite durch deutsche Meister, die viel von den damals stilbildenden Venezianern gelernt haben und in \u201eitalienischer Manier\u201c komponierten: Zur Auff\u00fchrung gelangen eine Kantate des norddeutschen Komponisten Matthias Weckmann und das ber\u00fchmte Doppelkonzert f\u00fcr zwei Violinen (Annegret Siedel und Oksana Vasilkova) von Johann Sebastian Bach. Schlie\u00dflich erklingt die Hirtenmusik (Pifa) aus dem \u201eMessias\u201c von Georg Friedrich H\u00e4ndel, der ein italienisches Weihnachtslied zugrunde liegt, das auch in Venedig bis heute gern gesungen wird.<\/p>\n<p>Der Kartenverkauf findet in der Buchhandlung Weber (Herrenstra\u00dfe 10) statt. Restkarten werden jeweils 45 Minuten vor Konzertbeginn an der Abend- bzw. Tageskasse angeboten.<\/p>\n<p><strong>Vorschau<\/strong><\/p>\n<p>Heiligabend, 24. Dezember 2018<br \/>\n23 Uhr<br \/>\nMUSIK IN DER CHRISTNACHT<br \/>\nDomorganist Christian Skobowsky<br \/>\nmusiziert Werke von J. S. Bach<\/p>\n","protected":false},"excerpt":{"rendered":"<p>Ratzeburg (pm). Antonio Vivaldi war f\u00fcnfzehn Jahre lang Instrumentallehrer, Orchesterleiter und schlie\u00dflich maestro de\u2019 concerti des Ospedale della Piet\u00e0 in Venedig, einem Waisenhaus f\u00fcr M\u00e4dchen. Hier entstanden eine Reihe seiner ber\u00fchmtesten Violinkonzerte und das Magnificat. Reisende kamen von weit her, um Vivaldi mit seinen Sch\u00fclerinnen in der Kirche Santa Maria della Piet\u00e0 zu h\u00f6ren. Domkantor [&hellip;]<\/p>\n","protected":false},"author":2,"featured_media":9937,"comment_status":"open","ping_status":"closed","sticky":false,"template":"","format":"standard","meta":{"jnews-multi-image_gallery":[],"jnews_single_post":[],"jnews_primary_category":[],"jnews_social_meta":[],"jnews_override_counter":[],"jnews_post_split":[],"footnotes":""},"categories":[70],"tags":[663,1332],"class_list":["post-9936","post","type-post","status-publish","format-standard","has-post-thumbnail","hentry","category-kultur","tag-ratzeburger-dom","tag-weihnachten-2018"],"_links":{"self":[{"href":"https:\/\/herzogtum-direkt.de\/index.php\/wp-json\/wp\/v2\/posts\/9936","targetHints":{"allow":["GET"]}}],"collection":[{"href":"https:\/\/herzogtum-direkt.de\/index.php\/wp-json\/wp\/v2\/posts"}],"about":[{"href":"https:\/\/herzogtum-direkt.de\/index.php\/wp-json\/wp\/v2\/types\/post"}],"author":[{"embeddable":true,"href":"https:\/\/herzogtum-direkt.de\/index.php\/wp-json\/wp\/v2\/users\/2"}],"replies":[{"embeddable":true,"href":"https:\/\/herzogtum-direkt.de\/index.php\/wp-json\/wp\/v2\/comments?post=9936"}],"version-history":[{"count":1,"href":"https:\/\/herzogtum-direkt.de\/index.php\/wp-json\/wp\/v2\/posts\/9936\/revisions"}],"predecessor-version":[{"id":9938,"href":"https:\/\/herzogtum-direkt.de\/index.php\/wp-json\/wp\/v2\/posts\/9936\/revisions\/9938"}],"wp:featuredmedia":[{"embeddable":true,"href":"https:\/\/herzogtum-direkt.de\/index.php\/wp-json\/wp\/v2\/media\/9937"}],"wp:attachment":[{"href":"https:\/\/herzogtum-direkt.de\/index.php\/wp-json\/wp\/v2\/media?parent=9936"}],"wp:term":[{"taxonomy":"category","embeddable":true,"href":"https:\/\/herzogtum-direkt.de\/index.php\/wp-json\/wp\/v2\/categories?post=9936"},{"taxonomy":"post_tag","embeddable":true,"href":"https:\/\/herzogtum-direkt.de\/index.php\/wp-json\/wp\/v2\/tags?post=9936"}],"curies":[{"name":"wp","href":"https:\/\/api.w.org\/{rel}","templated":true}]}}