{"id":9924,"date":"2018-12-19T08:28:20","date_gmt":"2018-12-19T07:28:20","guid":{"rendered":"https:\/\/herzogtum-direkt.de\/?p=9924"},"modified":"2018-12-19T08:28:20","modified_gmt":"2018-12-19T07:28:20","slug":"kulturerbe-aktiv-erleben-und-vermitteln","status":"publish","type":"post","link":"https:\/\/herzogtum-direkt.de\/index.php\/2018\/12\/19\/kulturerbe-aktiv-erleben-und-vermitteln\/","title":{"rendered":"Kulturerbe aktiv erleben und vermitteln"},"content":{"rendered":"<p><strong>Br\u00fcssel (pm).<\/strong> Die Europ\u00e4ische Union und die UNESCO wollen die Verbindungen zwischen Jugendlichen und dem europ\u00e4ischen Kulturerbe st\u00e4rken. Sie starten dazu ein Projekt, das voraussichtlich im Januar 2019 beginnen wird. Ziel ist es, das immaterielle Kulturerbe \u2013 beispielsweise Musik, Tanz, Brauchtum, Feste oder traditionelle Handwerkstechniken \u2013 in den Unterricht zu bringen.<\/p>\n<p>Die Genossenschaften in Deutschland, Yoga in Indien oder die Rumba aus Kuba \u2013 sie alle geh\u00f6ren zum immateriellen Kulturerbe der UNESCO. Immaterielles Kulturerbe bezeichnet lebendige, \u00fcber Generationen weitergegebene Traditionen und Praktiken, die einer Gemeinschaft ein Gef\u00fchl der Identit\u00e4t und der Kontinuit\u00e4t vermitteln, sich aber auch stetig weiterentwickeln.<\/p>\n<p>Die Projektpartner werden eine Reihe von Orientierungsmaterialien entwickeln, um Lehrer bei der Integration des immateriellen kulturellen Erbes in die Lehrpl\u00e4ne und au\u00dferschulischen Aktivit\u00e4ten zu unterst\u00fctzen. Die UNESCO wird dazu auch Trainingsworkshops f\u00fcr Schulen organisieren.<\/p>\n<p>Der f\u00fcr Bildung, Kultur, Jugend und Sport zust\u00e4ndige EU-Kommissar Tibor Navracsics sagte: \u201eDa wir uns dem Ende des Europ\u00e4ischen Jahres des Kulturerbes n\u00e4hern, freue ich mich, dass wir uns mit der UNESCO zusammenschlie\u00dfen, um jungen Menschen die aktive Auseinandersetzung mit dem europ\u00e4ischen Kulturerbe zu erm\u00f6glichen. Sie sind die H\u00fcter des europ\u00e4ischen Erbes, und ihre Rolle ist von entscheidender Bedeutung.\u201c<\/p>\n<p>Das gemeinsame Projekt konzentriert sich auf den Beitrag des Kulturerbes zur St\u00e4rkung von Kindern und Jugendlichen und auf die F\u00f6rderung einer integrativen und nachhaltigen Zukunft f\u00fcr Europa. Es tr\u00e4gt zu zwei der zehn von der Europ\u00e4ischen Kommission f\u00fcr das Kulturerbe-Jahr entwickelten europ\u00e4ischen Initiativen bei: Kulturelles Erbe an Schulen und Jugend f\u00fcr Kulturerbe.<\/p>\n","protected":false},"excerpt":{"rendered":"<p>Br\u00fcssel (pm). Die Europ\u00e4ische Union und die UNESCO wollen die Verbindungen zwischen Jugendlichen und dem europ\u00e4ischen Kulturerbe st\u00e4rken. Sie starten dazu ein Projekt, das voraussichtlich im Januar 2019 beginnen wird. Ziel ist es, das immaterielle Kulturerbe \u2013 beispielsweise Musik, Tanz, Brauchtum, Feste oder traditionelle Handwerkstechniken \u2013 in den Unterricht zu bringen. Die Genossenschaften in Deutschland, [&hellip;]<\/p>\n","protected":false},"author":2,"featured_media":8013,"comment_status":"open","ping_status":"closed","sticky":false,"template":"","format":"standard","meta":{"jnews-multi-image_gallery":[],"jnews_single_post":[],"jnews_primary_category":[],"jnews_social_meta":[],"jnews_override_counter":[],"jnews_post_split":[],"footnotes":""},"categories":[74,70],"tags":[670,1538,1835,1834],"class_list":["post-9924","post","type-post","status-publish","format-standard","has-post-thumbnail","hentry","category-jugend-direkt","category-kultur","tag-eu","tag-europaeische-union","tag-kulturerbe","tag-unesco"],"_links":{"self":[{"href":"https:\/\/herzogtum-direkt.de\/index.php\/wp-json\/wp\/v2\/posts\/9924","targetHints":{"allow":["GET"]}}],"collection":[{"href":"https:\/\/herzogtum-direkt.de\/index.php\/wp-json\/wp\/v2\/posts"}],"about":[{"href":"https:\/\/herzogtum-direkt.de\/index.php\/wp-json\/wp\/v2\/types\/post"}],"author":[{"embeddable":true,"href":"https:\/\/herzogtum-direkt.de\/index.php\/wp-json\/wp\/v2\/users\/2"}],"replies":[{"embeddable":true,"href":"https:\/\/herzogtum-direkt.de\/index.php\/wp-json\/wp\/v2\/comments?post=9924"}],"version-history":[{"count":1,"href":"https:\/\/herzogtum-direkt.de\/index.php\/wp-json\/wp\/v2\/posts\/9924\/revisions"}],"predecessor-version":[{"id":9925,"href":"https:\/\/herzogtum-direkt.de\/index.php\/wp-json\/wp\/v2\/posts\/9924\/revisions\/9925"}],"wp:featuredmedia":[{"embeddable":true,"href":"https:\/\/herzogtum-direkt.de\/index.php\/wp-json\/wp\/v2\/media\/8013"}],"wp:attachment":[{"href":"https:\/\/herzogtum-direkt.de\/index.php\/wp-json\/wp\/v2\/media?parent=9924"}],"wp:term":[{"taxonomy":"category","embeddable":true,"href":"https:\/\/herzogtum-direkt.de\/index.php\/wp-json\/wp\/v2\/categories?post=9924"},{"taxonomy":"post_tag","embeddable":true,"href":"https:\/\/herzogtum-direkt.de\/index.php\/wp-json\/wp\/v2\/tags?post=9924"}],"curies":[{"name":"wp","href":"https:\/\/api.w.org\/{rel}","templated":true}]}}