{"id":9859,"date":"2018-12-16T10:23:08","date_gmt":"2018-12-16T09:23:08","guid":{"rendered":"https:\/\/herzogtum-direkt.de\/?p=9859"},"modified":"2018-12-16T10:23:08","modified_gmt":"2018-12-16T09:23:08","slug":"gemeindevertretung-nusse-tagt-im-feuerwehrgeraetehaus","status":"publish","type":"post","link":"https:\/\/herzogtum-direkt.de\/index.php\/2018\/12\/16\/gemeindevertretung-nusse-tagt-im-feuerwehrgeraetehaus\/","title":{"rendered":"Gemeindevertretung Nusse tagt im Feuerwehrger\u00e4tehaus"},"content":{"rendered":"<p><strong>Nusse (pm).<\/strong> Die n\u00e4chste \u00f6ffentliche Sitzung der Gemeindevertretung Nusse ist am Donnerstag, 20. Dezember 2018, vorgesehen. Beginn ist um 19.30 Uhr im Feuerwehrger\u00e4tehaus Nusse, Kurzenlandskoppel 2. Auf der Tagesordnung ist unter anderem das Thema &#8222;1. Nachtragssatzung zur Geb\u00fchrensatzung der Gemeinde Nusse zur Deckung<br \/>\nder Kosten der Mitgliedschaft in den Gew\u00e4sserunterhaltungsverb\u00e4nden<br \/>\nSteinau\/Nusse und G\u00f6ldenitz\/Pirschbach&#8220; vorgesehen.<\/p>\n<p>Tagesordnung:<br \/>\nI. \u00d6ffentlicher Teil<br \/>\n1. Er\u00f6ffnung der Sitzung, Feststellung der Ordnungsm\u00e4\u00dfigkeit der Einladung und<br \/>\nder Beschlussf\u00e4higkeit<br \/>\n2. Erg\u00e4nzung\/\u00c4nderung der Tagesordnung<br \/>\n3. Beratung und Beschlussfassung von Tagesordnungspunkten unter Ausschluss<br \/>\nder \u00d6ffentlichkeit<br \/>\nhier: Verfahrensbeschluss nach \u00a7 35 Gemeindeordnung<br \/>\n4. Niederschrift der Sitzung vom 22.11.2018<br \/>\n5. Bericht des B\u00fcrgermeisters<br \/>\n6. Bericht aus den Aussch\u00fcssen<br \/>\n7. 1. Nachtragssatzung zur Geb\u00fchrensatzung der Gemeinde Nusse zur Deckung<br \/>\nder Kosten der Mitgliedschaft in den Gew\u00e4sserunterhaltungsverb\u00e4nden<br \/>\nSteinau\/Nusse und G\u00f6ldenitz\/Pirschbach<br \/>\n8. Ausstattung Bauhof:<br \/>\nhier Anschaffung eines Heisswasser\u2010 Hochdruckreinigers<br \/>\n9. Einwohnerfragezeit<br \/>\nII. Voraussichtlich nicht\u00f6ffentlicher Teil<br \/>\n10. Grundst\u00fccksangelegenheiten<br \/>\nIII. \u00d6ffentlicher Teil<br \/>\n11. Bekanntgabe der im nicht\u00f6ffentlichen Teil gefassten Beschl\u00fcsse<\/p>\n","protected":false},"excerpt":{"rendered":"<p>Nusse (pm). Die n\u00e4chste \u00f6ffentliche Sitzung der Gemeindevertretung Nusse ist am Donnerstag, 20. Dezember 2018, vorgesehen. Beginn ist um 19.30 Uhr im Feuerwehrger\u00e4tehaus Nusse, Kurzenlandskoppel 2. Auf der Tagesordnung ist unter anderem das Thema &#8222;1. Nachtragssatzung zur Geb\u00fchrensatzung der Gemeinde Nusse zur Deckung der Kosten der Mitgliedschaft in den Gew\u00e4sserunterhaltungsverb\u00e4nden Steinau\/Nusse und G\u00f6ldenitz\/Pirschbach&#8220; vorgesehen. Tagesordnung: [&hellip;]<\/p>\n","protected":false},"author":2,"featured_media":1186,"comment_status":"open","ping_status":"closed","sticky":false,"template":"","format":"standard","meta":{"jnews-multi-image_gallery":[],"jnews_single_post":[],"jnews_primary_category":[],"jnews_social_meta":[],"jnews_override_counter":[],"jnews_post_split":[],"footnotes":""},"categories":[67],"tags":[204],"class_list":["post-9859","post","type-post","status-publish","format-standard","has-post-thumbnail","hentry","category-amt-sandesneben-nusse","tag-nusse"],"_links":{"self":[{"href":"https:\/\/herzogtum-direkt.de\/index.php\/wp-json\/wp\/v2\/posts\/9859","targetHints":{"allow":["GET"]}}],"collection":[{"href":"https:\/\/herzogtum-direkt.de\/index.php\/wp-json\/wp\/v2\/posts"}],"about":[{"href":"https:\/\/herzogtum-direkt.de\/index.php\/wp-json\/wp\/v2\/types\/post"}],"author":[{"embeddable":true,"href":"https:\/\/herzogtum-direkt.de\/index.php\/wp-json\/wp\/v2\/users\/2"}],"replies":[{"embeddable":true,"href":"https:\/\/herzogtum-direkt.de\/index.php\/wp-json\/wp\/v2\/comments?post=9859"}],"version-history":[{"count":1,"href":"https:\/\/herzogtum-direkt.de\/index.php\/wp-json\/wp\/v2\/posts\/9859\/revisions"}],"predecessor-version":[{"id":9860,"href":"https:\/\/herzogtum-direkt.de\/index.php\/wp-json\/wp\/v2\/posts\/9859\/revisions\/9860"}],"wp:featuredmedia":[{"embeddable":true,"href":"https:\/\/herzogtum-direkt.de\/index.php\/wp-json\/wp\/v2\/media\/1186"}],"wp:attachment":[{"href":"https:\/\/herzogtum-direkt.de\/index.php\/wp-json\/wp\/v2\/media?parent=9859"}],"wp:term":[{"taxonomy":"category","embeddable":true,"href":"https:\/\/herzogtum-direkt.de\/index.php\/wp-json\/wp\/v2\/categories?post=9859"},{"taxonomy":"post_tag","embeddable":true,"href":"https:\/\/herzogtum-direkt.de\/index.php\/wp-json\/wp\/v2\/tags?post=9859"}],"curies":[{"name":"wp","href":"https:\/\/api.w.org\/{rel}","templated":true}]}}