{"id":9495,"date":"2018-12-03T11:53:38","date_gmt":"2018-12-03T10:53:38","guid":{"rendered":"https:\/\/herzogtum-direkt.de\/?p=9495"},"modified":"2018-12-03T11:53:38","modified_gmt":"2018-12-03T10:53:38","slug":"moellner-welle-beispielgebend-fuer-ein-hallenbad-in-schwarzenbek","status":"publish","type":"post","link":"https:\/\/herzogtum-direkt.de\/index.php\/2018\/12\/03\/moellner-welle-beispielgebend-fuer-ein-hallenbad-in-schwarzenbek\/","title":{"rendered":"M\u00f6llner Welle beispielgebend f\u00fcr ein Hallenbad in Schwarzenbek?"},"content":{"rendered":"<p><strong>Schwarzenbek\/M\u00f6lln (pm).<\/strong> &#8222;Immer weniger Kinder haben die M\u00f6glichkeit Schwimmen zu lernen \u2013 wir wollen dies \u00e4ndern\u201c, sagt Egon Siepert. Mit seinen CDU-Kollegen aus den St\u00e4dten M\u00f6lln und Schwarzenbek traf sich der Vorsitzende des Planungsausschusses Schwarzenbek zum Besuch der &#8218;M\u00f6llner Welle&#8216;.<\/p>\n<p>&#8222;Als Best Practice \u2013 Beispiel f\u00fcr ein Hallenbad haben wir ein funktionales aber nicht unterk\u00fchltes Beispiel in der Ausf\u00fchrung gesucht und in M\u00f6lln gefunden&#8220;, sagt Stadtverordneter G\u00fcnter Studt. Wichtig sei ein Wohlf\u00fchlfaktor f\u00fcr die Besucher aber vor allem die M\u00f6glichkeit f\u00fcr Schwimmlernkurse, Rehabilitationsmassnahmen und Bewegung zur Gesunderhaltung. &#8222;Ein Wolkenkuckucksheim wird es mit uns nicht geben, ein Spa\u00dfbad mit Spielger\u00e4ten und Riesenrutschen ist weder unser Wunsch noch aus unserer Sicht machbar&#8220;, legen die beiden CDU-Vertreter fest, &#8222;die finanziellen Auswirkungen werden wir bei allen \u00dcberlegungen in den Vordergrund stellen.&#8220;<\/p>\n<p>Schwimmmeister und Badleiter der M\u00f6llner Welle Dennis Westphal stand bei einem Rundgang Rede und Antwort \u2013 die M\u00f6llner Erfahrungen zu Schwimmlernkursen und Schwimmabzeichenabnahme interessierte dabei besonders. &#8222;Erfreulich ist die Zahl von ungef\u00e4hr 75 Seepferdchenabzeichen im Jahr, die auch in Schwarzenbek erreicht werden k\u00f6nnten&#8220;, sagt Siepert.<\/p>\n<p>Im Gespr\u00e4ch mit den M\u00f6llner Parteifreunden, Fraktionsvorsitzender Swantje Meins, Kreistagsabgeordnetem und Aufsichtsratsvorsitzendem der Stadtwerke M\u00f6lln Horst K\u00fchl und Kreistagsabgeordneter Anja Reimann, wurde deutlich, dass sich Politik und Verwaltung gemeinsam an einen Tisch setzen m\u00fcssten, um die Vor\u00fcberlegungen voranzutreiben. Vom Gesch\u00e4ftsf\u00fchrer der Vereinigten Stadtwerke Heinz Grothkopp gab es zudem Tipps zur Umsetzung: So habe es Vorteile einen Projektentwickler zu bestellen, der als Bindeglied zwischen Politik, Verwaltung und schlie\u00dflich den ausf\u00fchrenden Unternehmen auch in der Bauphase dienen k\u00f6nne.<\/p>\n<p>&#8222;Intensive Gespr\u00e4che werden wir sowohl mit den Fraktionen der Stadtverordnetenversammlung als auch mit dem Schwarzenbeker Umland f\u00fchren&#8220;, k\u00fcndigt Siepert an. Als zweite Kommune nach dem durch Mehrheitsbeschluss gescheiterten Versuch in B\u00fcchen wirft damit nun die CDU Schwarzenbek ihren Hut in den Ring, um ernsthaftes Interesse an einem Hallenbadbau im S\u00fcdkreis des Lauenburgischen zu bekunden. Anders als in B\u00fcchen ist hier die sogenannte Machbarkeitsstudie aber bereits auf den Weg gebracht und soll am Mittwoch in einer \u00f6ffentlichen Veranstaltung vorgestellt werden. F\u00f6rdermittel zum Bau des Bades k\u00f6nnte es dann auch aus dem Kreis geben: Die Mehrheitsfraktionen CDU und B\u00fcndnis 90 \/ Die Gr\u00fcnen im Kreistag haben dies in ihrer Kooperationsvereinbarung angek\u00fcndigt.<\/p>\n","protected":false},"excerpt":{"rendered":"<p>Schwarzenbek\/M\u00f6lln (pm). &#8222;Immer weniger Kinder haben die M\u00f6glichkeit Schwimmen zu lernen \u2013 wir wollen dies \u00e4ndern\u201c, sagt Egon Siepert. Mit seinen CDU-Kollegen aus den St\u00e4dten M\u00f6lln und Schwarzenbek traf sich der Vorsitzende des Planungsausschusses Schwarzenbek zum Besuch der &#8218;M\u00f6llner Welle&#8216;. &#8222;Als Best Practice \u2013 Beispiel f\u00fcr ein Hallenbad haben wir ein funktionales aber nicht unterk\u00fchltes [&hellip;]<\/p>\n","protected":false},"author":2,"featured_media":9496,"comment_status":"open","ping_status":"closed","sticky":false,"template":"","format":"standard","meta":{"jnews-multi-image_gallery":[],"jnews_single_post":[],"jnews_primary_category":[],"jnews_social_meta":[],"jnews_override_counter":[],"jnews_post_split":[],"footnotes":""},"categories":[63,66],"tags":[1642,1790,252],"class_list":["post-9495","post","type-post","status-publish","format-standard","has-post-thumbnail","hentry","category-herzogtum-lauenburg","category-moelln","tag-hallenbad","tag-moellner-welle","tag-schwarzenbek"],"_links":{"self":[{"href":"https:\/\/herzogtum-direkt.de\/index.php\/wp-json\/wp\/v2\/posts\/9495","targetHints":{"allow":["GET"]}}],"collection":[{"href":"https:\/\/herzogtum-direkt.de\/index.php\/wp-json\/wp\/v2\/posts"}],"about":[{"href":"https:\/\/herzogtum-direkt.de\/index.php\/wp-json\/wp\/v2\/types\/post"}],"author":[{"embeddable":true,"href":"https:\/\/herzogtum-direkt.de\/index.php\/wp-json\/wp\/v2\/users\/2"}],"replies":[{"embeddable":true,"href":"https:\/\/herzogtum-direkt.de\/index.php\/wp-json\/wp\/v2\/comments?post=9495"}],"version-history":[{"count":1,"href":"https:\/\/herzogtum-direkt.de\/index.php\/wp-json\/wp\/v2\/posts\/9495\/revisions"}],"predecessor-version":[{"id":9497,"href":"https:\/\/herzogtum-direkt.de\/index.php\/wp-json\/wp\/v2\/posts\/9495\/revisions\/9497"}],"wp:featuredmedia":[{"embeddable":true,"href":"https:\/\/herzogtum-direkt.de\/index.php\/wp-json\/wp\/v2\/media\/9496"}],"wp:attachment":[{"href":"https:\/\/herzogtum-direkt.de\/index.php\/wp-json\/wp\/v2\/media?parent=9495"}],"wp:term":[{"taxonomy":"category","embeddable":true,"href":"https:\/\/herzogtum-direkt.de\/index.php\/wp-json\/wp\/v2\/categories?post=9495"},{"taxonomy":"post_tag","embeddable":true,"href":"https:\/\/herzogtum-direkt.de\/index.php\/wp-json\/wp\/v2\/tags?post=9495"}],"curies":[{"name":"wp","href":"https:\/\/api.w.org\/{rel}","templated":true}]}}