{"id":9475,"date":"2018-12-03T09:57:38","date_gmt":"2018-12-03T08:57:38","guid":{"rendered":"https:\/\/herzogtum-direkt.de\/?p=9475"},"modified":"2018-12-04T08:09:42","modified_gmt":"2018-12-04T07:09:42","slug":"gewalt-kommt-nicht-in-die-tuete-3","status":"publish","type":"post","link":"https:\/\/herzogtum-direkt.de\/index.php\/2018\/12\/03\/gewalt-kommt-nicht-in-die-tuete-3\/","title":{"rendered":"&#8218;Gewalt kommt nicht in die T\u00fcte!&#8216;"},"content":{"rendered":"<p><strong>M\u00f6lln (pm).<\/strong> Zum zw\u00f6lften Mal fand in der Aula des BBZ M\u00f6lln anl\u00e4sslich des internationalen Tags \u201eNein zu Gewalt an Frauen\u201c eine Informationsveranstaltung statt. An zahlreichen Infost\u00e4nden konnten sich Sch\u00fcler \u00fcber das umfangreiche Beratungsnetzwerk des Kreises Herzogtum Lauenburg informieren und lie\u00dfen sich die von der B\u00e4ckerei Eggers und den Fachklassen des BBZ unter dem Motto \u201eGewalt kommt nicht in die T\u00fcte\u201c verteilten Br\u00f6tchen schmecken. Anlass war der internationale Tag \u201eNein zu Gewalt an Frauen\u201c. Dieser von den Vereinten Nationen deklarierte Tag zur Beseitigung jeder Form von Gewalt gegen Frauen findet allj\u00e4hrlich am 25. November statt. Er erinnert an das Schicksal dreier Frauen in der Dominikanischen Republik, die 1960 durch Soldaten des ehemaligen Diktators Trujillo verschleppt, vergewaltigt und ermordet wurden.<\/p>\n<p>Seit 1981 wird weltweit durch Aktionen, Veranstaltungen und Tagungen von Frauenprojekten und Initiativen, aber auch von staatlicher Seite am 25. November zur Beendigung von Gewalt gegen Frauen und Kinder aufgerufen.<\/p>\n<p><a href=\"https:\/\/herzogtum-direkt.de\/wp-content\/uploads\/2018\/12\/Gewaltt\u00fcte01.jpg\"><img fetchpriority=\"high\" decoding=\"async\" class=\"alignleft size-full wp-image-9477\" src=\"https:\/\/herzogtum-direkt.de\/wp-content\/uploads\/2018\/12\/Gewaltt\u00fcte01.jpg\" alt=\"\" width=\"1000\" height=\"667\" srcset=\"https:\/\/herzogtum-direkt.de\/wp-content\/uploads\/2018\/12\/Gewaltt\u00fcte01.jpg 1000w, https:\/\/herzogtum-direkt.de\/wp-content\/uploads\/2018\/12\/Gewaltt\u00fcte01-300x200.jpg 300w, https:\/\/herzogtum-direkt.de\/wp-content\/uploads\/2018\/12\/Gewaltt\u00fcte01-768x512.jpg 768w, https:\/\/herzogtum-direkt.de\/wp-content\/uploads\/2018\/12\/Gewaltt\u00fcte01-696x464.jpg 696w, https:\/\/herzogtum-direkt.de\/wp-content\/uploads\/2018\/12\/Gewaltt\u00fcte01-630x420.jpg 630w\" sizes=\"(max-width: 1000px) 100vw, 1000px\" \/><\/a><\/p>\n<p>Die Sch\u00fcler konnten sich bei der Alkohol- und Drogenberatung, der Frauenberatungsstelle (Frauen in Not e.V.), der Sozialen Beratung (Diakonisches Werk), dem Wei\u00dfen Ring, der Schuldnerberatung (Diakonisches Werk), dem Fachbereich Migration und Integration (Diakonisches Werk), der Fachstelle Kinderschutz Nord, der Erziehungsberatungsstelle sowie \u00fcber T\u00e4ter-Opfer-Ausgleich (Freie Jugendhilfe e.V.) informieren.<\/p>\n<p>Die Fachleute an zahlreichen Info-St\u00e4nden beantworteten Fragen zu Themen wie beispielsweise (h\u00e4usliche) Gewalt, Schulden, Sucht, Migration, Schwangerschaft, Depressionen und Selbsthilfe. Den Sch\u00fclern bot sich zudem die M\u00f6glichkeit, Vortr\u00e4ge des Wei\u00dfen Rings, der Frauenberatungsstelle (Frauen in Not e.V.) und der Fachstelle Kinderschutz Nord zu besuchen. Die Organisatoren des Informationstags zeigten sich zufrieden mit dem Verlauf der Veranstaltung und gehen nun in die Planung f\u00fcr das Jahr 2019.<\/p>\n","protected":false},"excerpt":{"rendered":"<p>M\u00f6lln (pm). Zum zw\u00f6lften Mal fand in der Aula des BBZ M\u00f6lln anl\u00e4sslich des internationalen Tags \u201eNein zu Gewalt an Frauen\u201c eine Informationsveranstaltung statt. An zahlreichen Infost\u00e4nden konnten sich Sch\u00fcler \u00fcber das umfangreiche Beratungsnetzwerk des Kreises Herzogtum Lauenburg informieren und lie\u00dfen sich die von der B\u00e4ckerei Eggers und den Fachklassen des BBZ unter dem Motto [&hellip;]<\/p>\n","protected":false},"author":2,"featured_media":9476,"comment_status":"open","ping_status":"closed","sticky":false,"template":"","format":"standard","meta":{"jnews-multi-image_gallery":[],"jnews_single_post":[],"jnews_primary_category":[],"jnews_social_meta":[],"jnews_override_counter":[],"jnews_post_split":[],"footnotes":""},"categories":[63,74,66],"tags":[1788],"class_list":["post-9475","post","type-post","status-publish","format-standard","has-post-thumbnail","hentry","category-herzogtum-lauenburg","category-jugend-direkt","category-moelln","tag-gewalt"],"_links":{"self":[{"href":"https:\/\/herzogtum-direkt.de\/index.php\/wp-json\/wp\/v2\/posts\/9475","targetHints":{"allow":["GET"]}}],"collection":[{"href":"https:\/\/herzogtum-direkt.de\/index.php\/wp-json\/wp\/v2\/posts"}],"about":[{"href":"https:\/\/herzogtum-direkt.de\/index.php\/wp-json\/wp\/v2\/types\/post"}],"author":[{"embeddable":true,"href":"https:\/\/herzogtum-direkt.de\/index.php\/wp-json\/wp\/v2\/users\/2"}],"replies":[{"embeddable":true,"href":"https:\/\/herzogtum-direkt.de\/index.php\/wp-json\/wp\/v2\/comments?post=9475"}],"version-history":[{"count":4,"href":"https:\/\/herzogtum-direkt.de\/index.php\/wp-json\/wp\/v2\/posts\/9475\/revisions"}],"predecessor-version":[{"id":9491,"href":"https:\/\/herzogtum-direkt.de\/index.php\/wp-json\/wp\/v2\/posts\/9475\/revisions\/9491"}],"wp:featuredmedia":[{"embeddable":true,"href":"https:\/\/herzogtum-direkt.de\/index.php\/wp-json\/wp\/v2\/media\/9476"}],"wp:attachment":[{"href":"https:\/\/herzogtum-direkt.de\/index.php\/wp-json\/wp\/v2\/media?parent=9475"}],"wp:term":[{"taxonomy":"category","embeddable":true,"href":"https:\/\/herzogtum-direkt.de\/index.php\/wp-json\/wp\/v2\/categories?post=9475"},{"taxonomy":"post_tag","embeddable":true,"href":"https:\/\/herzogtum-direkt.de\/index.php\/wp-json\/wp\/v2\/tags?post=9475"}],"curies":[{"name":"wp","href":"https:\/\/api.w.org\/{rel}","templated":true}]}}