{"id":9372,"date":"2018-11-29T10:32:29","date_gmt":"2018-11-29T09:32:29","guid":{"rendered":"https:\/\/herzogtum-direkt.de\/?p=9372"},"modified":"2018-11-29T10:33:02","modified_gmt":"2018-11-29T09:33:02","slug":"notenschluesseldienst-beim-inseladvent","status":"publish","type":"post","link":"https:\/\/herzogtum-direkt.de\/index.php\/2018\/11\/29\/notenschluesseldienst-beim-inseladvent\/","title":{"rendered":"Notenschl\u00fcsseldienst beim Inseladvent"},"content":{"rendered":"<figure id=\"attachment_9373\" aria-describedby=\"caption-attachment-9373\" style=\"width: 240px\" class=\"wp-caption alignleft\"><a href=\"https:\/\/herzogtum-direkt.de\/wp-content\/uploads\/2018\/11\/Notenschl\u00fcsseldienst.jpg\"><img fetchpriority=\"high\" decoding=\"async\" class=\" wp-image-9373\" src=\"https:\/\/herzogtum-direkt.de\/wp-content\/uploads\/2018\/11\/Notenschl\u00fcsseldienst-200x300.jpg\" alt=\"\" width=\"240\" height=\"360\" srcset=\"https:\/\/herzogtum-direkt.de\/wp-content\/uploads\/2018\/11\/Notenschl\u00fcsseldienst-200x300.jpg 200w, https:\/\/herzogtum-direkt.de\/wp-content\/uploads\/2018\/11\/Notenschl\u00fcsseldienst-280x420.jpg 280w, https:\/\/herzogtum-direkt.de\/wp-content\/uploads\/2018\/11\/Notenschl\u00fcsseldienst.jpg 500w\" sizes=\"(max-width: 240px) 100vw, 240px\" \/><\/a><figcaption id=\"caption-attachment-9373\" class=\"wp-caption-text\">Notenschl\u00fcsseldienst: Sopranistin Johanna Michalik und Jazzpianisten Sven Rieper. Foto: Fynn-Latif Bode<\/figcaption><\/figure>\n<p><strong>Ratzeburg (pm).<\/strong> &#8222;Macht auf die T\u00fcr!&#8220; \u2013 Ein Vor-Weihnachtsprogramm mit der Sopranistin Johanna Michalik und dem Jazzpianisten Sven Rieper. Trotz unterschiedliche musikalische Ausrichtung verbindet den Jazzmusiker und die Operns\u00e4ngerin die Lust am Musizieren: So ert\u00f6nt H\u00e4ndels Messias eintr\u00e4chtig neben jazzigen Klavierkl\u00e4ngen und Improvisationen.<\/p>\n<p>Im Rahmen des <a href=\"https:\/\/herzogtum-direkt.de\/index.php\/2018\/11\/28\/ratzeburg-laedt-zum-15-insel-advent\/\">Inseladvents<\/a> am Sonnabend, 8. Dezember, spielt das ungleiche Duo im Rokokosaal des Kreismuseums Ratzeburg um 17 Uhr sein rund einst\u00fcndiges Programm, der Eintritt ist frei.<\/p>\n<div class=\"brlbs-cmpnt-container brlbs-cmpnt-content-blocker brlbs-cmpnt-with-individual-styles\" data-borlabs-cookie-content-blocker-id=\"default\" data-borlabs-cookie-content=\"PGlmcmFtZSBzdHlsZT0iYm9yZGVyOiAxcHggc29saWQgYmxhY2s7IiBzcmM9Imh0dHBzOi8vd3d3Lm9wZW5zdHJlZXRtYXAub3JnL2V4cG9ydC9lbWJlZC5odG1sP2Jib3g9MTAuNzcyNDk3MDU3OTE0NzM2JTJDNTMuNzAxMzI0MjA1NDk4ODElMkMxMC43Nzc4NjE0NzU5NDQ1MiUyQzUzLjcwMzYwNDMwMDgxODU2JmFtcDtsYXllcj1tYXBuaWsmYW1wO21hcmtlcj01My43MDI0NjQyNjg2MDA0OCUyQzEwLjc3NTE3OTI2NjkyOTYyNiIgd2lkdGg9IjYyNSIgaGVpZ2h0PSI1NTAiIGZyYW1lYm9yZGVyPSIwIiBtYXJnaW53aWR0aD0iMCIgbWFyZ2luaGVpZ2h0PSIwIiBzY3JvbGxpbmc9Im5vIj48c3BhbiBzdHlsZT0iZGlzcGxheTogaW5saW5lLWJsb2NrOyB3aWR0aDogMHB4OyBvdmVyZmxvdzogaGlkZGVuOyBsaW5lLWhlaWdodDogMDsiIGRhdGEtbWNlLXR5cGU9ImJvb2ttYXJrIiBjbGFzcz0ibWNlX1NFTFJFU19zdGFydCI+77u\/PC9zcGFuPjwvaWZyYW1lPg==\">\n<div class=\"brlbs-cmpnt-cb-preset-a\">\n<p class=\"brlbs-cmpnt-cb-description\">Sie sehen gerade einen Platzhalterinhalt von <strong>Standard<\/strong>. Um auf den eigentlichen Inhalt zuzugreifen, klicken Sie auf den Button unten. Bitte beachten Sie, dass dabei Daten an Drittanbieter weitergegeben werden.<\/p>\n<div class=\"brlbs-cmpnt-cb-buttons\"> <a class=\"brlbs-cmpnt-cb-btn\" href=\"#\" data-borlabs-cookie-unblock role=\"button\">Inhalt entsperren<\/a> <a class=\"brlbs-cmpnt-cb-btn\" href=\"#\" data-borlabs-cookie-accept-service role=\"button\" style=\"display: none\">Erforderlichen Service akzeptieren und Inhalte entsperren<\/a> <\/div>\n<p> <a class=\"brlbs-cmpnt-cb-provider-toggle\" href=\"#\" data-borlabs-cookie-show-provider-information role=\"button\">Weitere Informationen<\/a> <\/div>\n<\/div>\n<p><small><a href=\"https:\/\/www.openstreetmap.org\/?mlat=53.70246&amp;mlon=10.77518#map=18\/53.70246\/10.77518\">View Larger Map<\/a><\/small><\/p>\n","protected":false},"excerpt":{"rendered":"<p>Ratzeburg (pm). &#8222;Macht auf die T\u00fcr!&#8220; \u2013 Ein Vor-Weihnachtsprogramm mit der Sopranistin Johanna Michalik und dem Jazzpianisten Sven Rieper. Trotz unterschiedliche musikalische Ausrichtung verbindet den Jazzmusiker und die Operns\u00e4ngerin die Lust am Musizieren: So ert\u00f6nt H\u00e4ndels Messias eintr\u00e4chtig neben jazzigen Klavierkl\u00e4ngen und Improvisationen. Im Rahmen des Inseladvents am Sonnabend, 8. Dezember, spielt das ungleiche Duo [&hellip;]<\/p>\n","protected":false},"author":2,"featured_media":9373,"comment_status":"open","ping_status":"closed","sticky":false,"template":"","format":"standard","meta":{"jnews-multi-image_gallery":[],"jnews_single_post":[],"jnews_primary_category":[],"jnews_social_meta":[],"jnews_override_counter":[],"jnews_post_split":[],"footnotes":""},"categories":[70],"tags":[1767,1332],"class_list":["post-9372","post","type-post","status-publish","format-standard","has-post-thumbnail","hentry","category-kultur","tag-inseladvent","tag-weihnachten-2018"],"_links":{"self":[{"href":"https:\/\/herzogtum-direkt.de\/index.php\/wp-json\/wp\/v2\/posts\/9372","targetHints":{"allow":["GET"]}}],"collection":[{"href":"https:\/\/herzogtum-direkt.de\/index.php\/wp-json\/wp\/v2\/posts"}],"about":[{"href":"https:\/\/herzogtum-direkt.de\/index.php\/wp-json\/wp\/v2\/types\/post"}],"author":[{"embeddable":true,"href":"https:\/\/herzogtum-direkt.de\/index.php\/wp-json\/wp\/v2\/users\/2"}],"replies":[{"embeddable":true,"href":"https:\/\/herzogtum-direkt.de\/index.php\/wp-json\/wp\/v2\/comments?post=9372"}],"version-history":[{"count":2,"href":"https:\/\/herzogtum-direkt.de\/index.php\/wp-json\/wp\/v2\/posts\/9372\/revisions"}],"predecessor-version":[{"id":9375,"href":"https:\/\/herzogtum-direkt.de\/index.php\/wp-json\/wp\/v2\/posts\/9372\/revisions\/9375"}],"wp:featuredmedia":[{"embeddable":true,"href":"https:\/\/herzogtum-direkt.de\/index.php\/wp-json\/wp\/v2\/media\/9373"}],"wp:attachment":[{"href":"https:\/\/herzogtum-direkt.de\/index.php\/wp-json\/wp\/v2\/media?parent=9372"}],"wp:term":[{"taxonomy":"category","embeddable":true,"href":"https:\/\/herzogtum-direkt.de\/index.php\/wp-json\/wp\/v2\/categories?post=9372"},{"taxonomy":"post_tag","embeddable":true,"href":"https:\/\/herzogtum-direkt.de\/index.php\/wp-json\/wp\/v2\/tags?post=9372"}],"curies":[{"name":"wp","href":"https:\/\/api.w.org\/{rel}","templated":true}]}}