{"id":9263,"date":"2018-11-26T15:16:24","date_gmt":"2018-11-26T13:16:24","guid":{"rendered":"https:\/\/herzogtum-direkt.de\/?p=9263"},"modified":"2018-11-27T14:07:10","modified_gmt":"2018-11-27T13:07:10","slug":"eine-millionen-gegen-rechts-auf-dem-moellner-schulberg","status":"publish","type":"post","link":"https:\/\/herzogtum-direkt.de\/index.php\/2018\/11\/26\/eine-millionen-gegen-rechts-auf-dem-moellner-schulberg\/","title":{"rendered":"Eine Million gegen Rechts auf dem M\u00f6llner Schulberg"},"content":{"rendered":"<p><strong>M\u00f6lln (pm).<\/strong> Musik f\u00fcr Frieden, Musik gegen Gewalt, Musik f\u00fcr Meinungsfreiheit, Musik um Politik zu machen. \u201eMan muss handeln, f\u00fcr eine bunte Gesellschaft, Demokratie und Frieden.\u201c Am Donnerstag (15 November 2018) besuchte Heinz Ratz mit einem Teil seiner Band &#8218;Strom und Wasser&#8216; das Marion D\u00f6nhoff Gymnasium in M\u00f6lln, am selben Abend gaben sie noch ein Konzert im Jugendzentrum \u201eTakt Los\u201c.<\/p>\n<p><a href=\"https:\/\/herzogtum-direkt.de\/index.php\/2018\/11\/10\/moellner-schulen-zeigen-haltung-gegen-rassismus-und-menschenfeindlichkeit-mit-einem-gemeinsamen-konzertprojekt\/\">Eine Million Gegen Rechts lautet das Motto<\/a>, 1.000.000 Euro sollen bis Ende 2019 f\u00fcr alternative Jugendzentren in ganz Deutschland gesammelt werden um sie am Leben zu erhalten, au\u00dferdem wollten sie mit ihren politischen Texten vor allem den Sch\u00fclern die Augen \u00f6ffnen und ihnen ihre Geschichte erz\u00e4hlen.<\/p>\n<p>Der Musiker Heinz Ratz nutzt Musik um sich in der Gesellschaft einzumischen, um seine Meinung zu teilen und um eine bessere Welt zu erschaffen, eine Welt gegen rechts, eine weltoffene Welt ohne Gewalt und Armut. Heinz Ratz vertritt eine klare Meinung, an welcher seine stark gepr\u00e4gte Jugend nicht ganz unschuldig ist. Sieht man den Musiker heute, ist es kaum vorzustellbar, dass er einmal rechts gewesen sein soll, doch unter Einfluss seines Vaters und seiner Lebenssituation stand er im Alter von f\u00fcnfzehn Jahren f\u00fcr die Werte Treue, Ehre und Tapferkeit ein. Allerdings bemerkte er schnell, wo all das hin f\u00fchrte, es gefiel ihm nicht, was die Menschen daraus machten, er w\u00fcrde sich selbst nicht als links betiteln, doch er ist mit Sicherheit gegen rechts. In seinem Leben hat er viel Leid gesehen und erlebt, mit seiner Mutter aus Peru und einem nationalsozialistischen Vater war er als Kind aus Europa geflohen. Er lernte fr\u00fch, dass er selbst k\u00e4mpfen muss, um seine Ziele zu erreichen und nach dem er einiges ausprobiert hatte, war die Kunst alles, was ihm blieb. Kunst wurde zu seinem Mittel der Machtentfaltung, nicht nur auf der B\u00fchne, auf welcher er seine Geschichten erz\u00e4hlt und Lieder singt, welche vom Leben handeln, sondern auch auf dem Papier. Er hat angefangen B\u00fccher zu schreiben, denn er wei\u00df, er hat eine Geschichte zu erz\u00e4hlen. Durch all die Armut, welche er erlebte, wurde er politisch und k\u00e4mpft seit einigen Jahren als Leader der Band \u201eStrom und Wasser\u201c f\u00fcr weit wichtigere Werte als Ehre und Tapferkeit.<\/p>\n<p>&#8218;Strom und Wasser&#8216; traten im Gymnasium als Duo auf, Heinz am Bass und Inko an der Gitarre, jedoch war Heinz der einzige, welcher sang und redete. Ihre Lieder haben eine hohe musikalische Bandbreite, doch sie spielen haupts\u00e4chlich Rock. Statement-Texte, welche zum Nachdenken anregen sollen, Lieder gegen Diskriminierung und Armut unterst\u00fctzen ihre politische Position. Sie singen zum Beispiel f\u00fcr Meinungsfreiheit und offene Dialoge in der Gesellschaft in allen Lebenslagen, um Verst\u00e4ndnis zu verwirklichen.<\/p>\n<p>Ihr Song \u201eSpiegellabyrinth aus L\u00fcgen\u201c handelt von Rechten, welche ver\u00e4rgert \u00fcber leere Versprechungen der Regierung sind und die Demokratie f\u00fcr verloren halten. Ein weiterer Makel der Gesellschaft sind die Reichen, welche von oben das Land erblicken, aber dabei den Blick f\u00fcr die Armut verlieren. So singen sie in ihrem Lied \u201eschlafende Armut\u201c zum Beispiel \u201eh\u00f6rt ihr den Ruf aus den dreckigen N\u00e4chten? [&#8230;] auch die Armut hat Kraft\u201c.<\/p>\n<p>Ein weiteres ihrer Projekte, unter anderem um gegen die Armut zu k\u00e4mpfen, bestand darin, dass sie Fl\u00fcchtlingslager besuchten und Geld sammeln, indem sie mit Musikern, welche sich unter den Gefl\u00fcchteten befanden, auf Tour gingen. Eine Aktion, welche f\u00fcr viel Aufmerksamkeit und Begeisterung sorgte. Sie halten die Politik f\u00fcr hartherzig und wollen die lieblose Welt auf eine neue Spur lenken, egal wie lang der Kampf dauern wird. Doch daf\u00fcr brauchen sie Aufmerksamkeit, Menschen, welche ihnen zuh\u00f6ren und Verst\u00e4ndnis, denn nur zusammen kann man die gr\u00f6\u00dften Ziele erreichen.<\/p>\n<p><strong>Marion D\u00f6nhoff Gymnasium, Geschichtsprofil Q1d,<\/strong><br \/>\n<strong>Text: Coralie Teske und Emely Tielmann<\/strong><\/p>\n","protected":false},"excerpt":{"rendered":"<p>M\u00f6lln (pm). Musik f\u00fcr Frieden, Musik gegen Gewalt, Musik f\u00fcr Meinungsfreiheit, Musik um Politik zu machen. \u201eMan muss handeln, f\u00fcr eine bunte Gesellschaft, Demokratie und Frieden.\u201c Am Donnerstag (15 November 2018) besuchte Heinz Ratz mit einem Teil seiner Band &#8218;Strom und Wasser&#8216; das Marion D\u00f6nhoff Gymnasium in M\u00f6lln, am selben Abend gaben sie noch ein [&hellip;]<\/p>\n","protected":false},"author":2,"featured_media":9271,"comment_status":"open","ping_status":"closed","sticky":false,"template":"","format":"standard","meta":{"jnews-multi-image_gallery":[],"jnews_single_post":[],"jnews_primary_category":[],"jnews_social_meta":[],"jnews_override_counter":[],"jnews_post_split":[],"footnotes":""},"categories":[63,74,66],"tags":[],"class_list":["post-9263","post","type-post","status-publish","format-standard","has-post-thumbnail","hentry","category-herzogtum-lauenburg","category-jugend-direkt","category-moelln"],"_links":{"self":[{"href":"https:\/\/herzogtum-direkt.de\/index.php\/wp-json\/wp\/v2\/posts\/9263","targetHints":{"allow":["GET"]}}],"collection":[{"href":"https:\/\/herzogtum-direkt.de\/index.php\/wp-json\/wp\/v2\/posts"}],"about":[{"href":"https:\/\/herzogtum-direkt.de\/index.php\/wp-json\/wp\/v2\/types\/post"}],"author":[{"embeddable":true,"href":"https:\/\/herzogtum-direkt.de\/index.php\/wp-json\/wp\/v2\/users\/2"}],"replies":[{"embeddable":true,"href":"https:\/\/herzogtum-direkt.de\/index.php\/wp-json\/wp\/v2\/comments?post=9263"}],"version-history":[{"count":5,"href":"https:\/\/herzogtum-direkt.de\/index.php\/wp-json\/wp\/v2\/posts\/9263\/revisions"}],"predecessor-version":[{"id":9319,"href":"https:\/\/herzogtum-direkt.de\/index.php\/wp-json\/wp\/v2\/posts\/9263\/revisions\/9319"}],"wp:featuredmedia":[{"embeddable":true,"href":"https:\/\/herzogtum-direkt.de\/index.php\/wp-json\/wp\/v2\/media\/9271"}],"wp:attachment":[{"href":"https:\/\/herzogtum-direkt.de\/index.php\/wp-json\/wp\/v2\/media?parent=9263"}],"wp:term":[{"taxonomy":"category","embeddable":true,"href":"https:\/\/herzogtum-direkt.de\/index.php\/wp-json\/wp\/v2\/categories?post=9263"},{"taxonomy":"post_tag","embeddable":true,"href":"https:\/\/herzogtum-direkt.de\/index.php\/wp-json\/wp\/v2\/tags?post=9263"}],"curies":[{"name":"wp","href":"https:\/\/api.w.org\/{rel}","templated":true}]}}