{"id":9184,"date":"2018-11-23T09:46:51","date_gmt":"2018-11-23T07:46:51","guid":{"rendered":"https:\/\/herzogtum-direkt.de\/?p=9184"},"modified":"2018-11-23T09:46:51","modified_gmt":"2018-11-23T07:46:51","slug":"jahreshauptversammlung-der-spd-moelln","status":"publish","type":"post","link":"https:\/\/herzogtum-direkt.de\/index.php\/2018\/11\/23\/jahreshauptversammlung-der-spd-moelln\/","title":{"rendered":"Jahreshauptversammlung der SPD M\u00f6lln"},"content":{"rendered":"<p><strong>M\u00f6lln (pm).<\/strong> Die M\u00f6llner SPD traf sich am Mittwoch, 21. November, zu ihrer Jahreshauptversammlung im M\u00f6llner Quellenhof. Der Vorsitzende Dr. Matthias Esche konnte dazu 26 Mitglieder der SPD begr\u00fc\u00dfen.<\/p>\n<p>Esche bedankte sich zun\u00e4chst einmal bei Manfred Ohldag f\u00fcr die 50-j\u00e4hrige Mitgliedschaft in der Partei. Manfred Ohldag sei eine in M\u00f6lln bekannte Pers\u00f6nlichkeit und die SPD sei sehr dankbar daf\u00fcr, dass er \u2013auch als erfolgreicher Gesch\u00e4ftsmann \u2013 der Partei 50 Jahre treu geblieben sei.<\/p>\n<p>Weiter konnte Esche berichten, dass es dem Vorstand gelungen sei einen Pachtvertrag \u00fcber ein gr\u00f6\u00dferes Areal abzuschlie\u00dfen, das als Streuobstwiese genutzt werden kann. In den n\u00e4chsten Jahren wird die M\u00f6llner SPD das Areal betreuen, naturnah pflegen und auch den M\u00f6llner B\u00fcrgern zug\u00e4nglich machen.<\/p>\n<p>Im vergangenen Jahr habe sich der Mitgliederbestand der M\u00f6llner SPD kontinuierlich bei 108 gehalten. Den ausgeschiedenen Mitgliedern standen in gleicher Anzahl Neuzug\u00e4nge gegen\u00fcber. Besonders erfreulich sei der Zugang von jungen Mitgliedern, die es erm\u00f6glichen nunmehr eine Juso-Gruppe in M\u00f6lln zu installieren.<\/p>\n<p>Den erfreulichen Meldungen standen allerdings auch die negativen Ergebnisse der letzten Wahlen gegen\u00fcber. So seien der SPD im Vergleich zu den guten Jahren zw\u00f6lf Millionen W\u00e4hler verloren gegangen. In diesem Zusammenhang mahnte Esche die SPD auf Bundesebene an, Entscheidungen der Basis ernster zu nehmen. So k\u00f6nne es nicht akzeptiert werden, dass die Basis einen Kandidaten f\u00fcr die Europawahl nominiert und die SPD auf Bundesebene die Kandidatin auf einem sicheren Listenplatz setzt, die in der Wahl unterlegen war und gleichzeitig den von der Basis gew\u00e4hlten Kandidaten weit nach hinten platziert.<br \/>\nKritisch \u00e4u\u00dferte sich Esche zur Arbeit der gro\u00dfen Koalition in Berlin. Die Ereignisse der letzten Monate haben die Kritiker einer gro\u00dfen Koalition best\u00e4tigt und k\u00fcnftig m\u00fcsse man solche politischen B\u00fcndnisse m\u00f6glichst vermeiden. Allerdings m\u00fcsse sich die SPD jetzt an die im Koalitionsvertrag gegen\u00fcber dem Koalitionspartner eingegangenen Verpflichtungen halten.<\/p>\n<p>Kommunalpolitisch sei es gelungen in wesentlichen Fragen zur konstruktiven Zusammenarbeit mit anderen Parteien der Stadtvertretung zu kommen. Als Beispiele wurden von Esche die Entscheidungen \u00fcber eine Busverbindung zum Uhlenkolk und Beschl\u00fcsse im Forstausschuss genannt.<\/p>\n<p>Die M\u00f6llner SPD hat im vergangenen Jahr verschieden Arbeitsgruppen eingerichtet, die kommunalpolitische Vorschl\u00e4ge erarbeitet haben. So hat die Arbeitsgruppe Altstadt und Verkehr sich Gedanken \u00fcber die Verkehrssituation in der Innenstadt gemacht. Entgegen der von einigen Gesch\u00e4ftsinhabern betriebenen Polemik und bewussten Falschmeldung gehe es nicht um die Sperrung der Altstadt sondern um Vorschl\u00e4ge zur Reduzierung des Verkehrs. Es gehe auch darum sich Gedanken zu machen, ob man sich nicht von der weitgehend autogerechten Stadt verabschieden m\u00fcsse. Die Reduzierung des Verkehrs sei nicht nur aus Sicht der Bewohner der Innenstadt dringend erforderlich sondern auch aus Gr\u00fcnden des Umwelt- und Klimaschutzes f\u00fcr alle B\u00fcrger M\u00f6llns ein ernstes Thema. Es m\u00fcssten Ma\u00dfnahmen ergriffen werden, um bestehende Tempolimits durchzusetzen und See- und M\u00fchlenstra\u00dfe seien in die \u00dcberlegungen einzubinden, ob sie nicht zu Anliegerstra\u00dfen gemacht werden sollten. Denkbar seien bspw. Bodenschwellen und sogenannte Pf\u00f6rtnerampeln. Um die Aufenthaltsqualit\u00e4t in der Innenstadt zu verbessern sollten auch barrierefreie Fu\u00dfwege und bessere Fahrradwege in die \u00dcberlegungen eingebunden werden. Korrespondierend zu diesen Ma\u00dfnahmen sollten in der Innenstadt auch B\u00e4nke und Begr\u00fcnungen, sowie Fahrradst\u00e4nder und weitere Ma\u00dfnahmen umgesetzt werden. Unsachliche Behauptungen \u00fcber vermeintliche \u201eSperrungen der Altstadt\u201c seien jedenfalls alles andere als hilfreich, um die Lebensqualit\u00e4t in M\u00f6lln zu verbessern. Die M\u00f6llner SPD wird in n\u00e4chster Zeit ihre Vorschl\u00e4ge konkretisieren und der \u00d6ffentlichkeit zur Verf\u00fcgung und Diskussion stellen.<\/p>\n<p>In einer weiteren Arbeitsgruppe versucht die M\u00f6llner SPD die Initiative zu ergreifen, um in M\u00f6lln ein Hospiz zu installieren, das Schwerstkranken ihre letzte Zeit erleichtern soll. Elke Heitmann berichtete, dass es erste \u00dcberlegungen gibt, aber der Weg dazu noch sehr weit sei. So m\u00fcssten zun\u00e4chst einmal die juristischen und organisatorischen Voraussetzungen mit der Gr\u00fcndung eines F\u00f6rdervereins geschaffen werden. Weiter m\u00fcssen zus\u00e4tzliche Informationen eingeholt werden und man m\u00fcsse mindestens 2 Millionen Euro zusammenbekommen, um so etwas aufzubauen. Hier m\u00fcssten zu gegebener Zeit Unterst\u00fctzer, Spender und \u00d6ffentlichkeit eingebunden werden. Nach Elke Heitmanns Worten m\u00fcsse man einen \u201eMarathon\u201c von drei bis f\u00fcnf Jahren einplanen.<\/p>\n<p>Wie jedes Jahr bei der Jahreshauptversammlung wurde abschlie\u00dfend f\u00fcr die M\u00f6llner Tafel gesammelt. Gisela Hillmann konnte mehr als 175 Euro von den anwesenden SPD-Mitgliedern einsammeln, die sie wieder f\u00fcr einen Lebensmitteleinkauf zugunsten der M\u00f6llner Tafel nutzen wird.<\/p>\n","protected":false},"excerpt":{"rendered":"<p>M\u00f6lln (pm). Die M\u00f6llner SPD traf sich am Mittwoch, 21. November, zu ihrer Jahreshauptversammlung im M\u00f6llner Quellenhof. Der Vorsitzende Dr. Matthias Esche konnte dazu 26 Mitglieder der SPD begr\u00fc\u00dfen. Esche bedankte sich zun\u00e4chst einmal bei Manfred Ohldag f\u00fcr die 50-j\u00e4hrige Mitgliedschaft in der Partei. Manfred Ohldag sei eine in M\u00f6lln bekannte Pers\u00f6nlichkeit und die SPD [&hellip;]<\/p>\n","protected":false},"author":2,"featured_media":1186,"comment_status":"open","ping_status":"closed","sticky":false,"template":"","format":"standard","meta":{"jnews-multi-image_gallery":[],"jnews_single_post":[],"jnews_primary_category":[],"jnews_social_meta":[],"jnews_override_counter":[],"jnews_post_split":[],"footnotes":""},"categories":[63,66],"tags":[133,498],"class_list":["post-9184","post","type-post","status-publish","format-standard","has-post-thumbnail","hentry","category-herzogtum-lauenburg","category-moelln","tag-moelln","tag-spd-moelln"],"_links":{"self":[{"href":"https:\/\/herzogtum-direkt.de\/index.php\/wp-json\/wp\/v2\/posts\/9184","targetHints":{"allow":["GET"]}}],"collection":[{"href":"https:\/\/herzogtum-direkt.de\/index.php\/wp-json\/wp\/v2\/posts"}],"about":[{"href":"https:\/\/herzogtum-direkt.de\/index.php\/wp-json\/wp\/v2\/types\/post"}],"author":[{"embeddable":true,"href":"https:\/\/herzogtum-direkt.de\/index.php\/wp-json\/wp\/v2\/users\/2"}],"replies":[{"embeddable":true,"href":"https:\/\/herzogtum-direkt.de\/index.php\/wp-json\/wp\/v2\/comments?post=9184"}],"version-history":[{"count":1,"href":"https:\/\/herzogtum-direkt.de\/index.php\/wp-json\/wp\/v2\/posts\/9184\/revisions"}],"predecessor-version":[{"id":9185,"href":"https:\/\/herzogtum-direkt.de\/index.php\/wp-json\/wp\/v2\/posts\/9184\/revisions\/9185"}],"wp:featuredmedia":[{"embeddable":true,"href":"https:\/\/herzogtum-direkt.de\/index.php\/wp-json\/wp\/v2\/media\/1186"}],"wp:attachment":[{"href":"https:\/\/herzogtum-direkt.de\/index.php\/wp-json\/wp\/v2\/media?parent=9184"}],"wp:term":[{"taxonomy":"category","embeddable":true,"href":"https:\/\/herzogtum-direkt.de\/index.php\/wp-json\/wp\/v2\/categories?post=9184"},{"taxonomy":"post_tag","embeddable":true,"href":"https:\/\/herzogtum-direkt.de\/index.php\/wp-json\/wp\/v2\/tags?post=9184"}],"curies":[{"name":"wp","href":"https:\/\/api.w.org\/{rel}","templated":true}]}}