{"id":9075,"date":"2018-11-20T12:10:27","date_gmt":"2018-11-20T10:10:27","guid":{"rendered":"https:\/\/herzogtum-direkt.de\/?p=9075"},"modified":"2018-11-20T12:10:27","modified_gmt":"2018-11-20T10:10:27","slug":"moelln-voruebergehende-sperrung-der-holzbruecke-am-schmalsee","status":"publish","type":"post","link":"https:\/\/herzogtum-direkt.de\/index.php\/2018\/11\/20\/moelln-voruebergehende-sperrung-der-holzbruecke-am-schmalsee\/","title":{"rendered":"M\u00f6lln: Vor\u00fcbergehende Sperrung der Holzbr\u00fccke am Schmalsee"},"content":{"rendered":"<p><strong>M\u00f6lln (pm).<\/strong> Die Holzbr\u00fccke am n\u00f6rdlichen Ende des Schmalsees unterhalb der Waldhalle musste aufgrund von Bausch\u00e4den vor\u00fcbergehend gesperrt werden. Die Tragf\u00e4higkeit ist nicht mehr gew\u00e4hrleistet.<\/p>\n<p>Neben Vandalismussch\u00e4den sind zus\u00e4tzlich festgestellte Baum\u00e4ngel zu beheben. Dies wird vor dem Winter nicht mehr erfolgen k\u00f6nnen, so dass die Br\u00fccke erst im Fr\u00fchjahr 2019 saniert und wieder freigegeben werden kann.<\/p>\n<p>Fu\u00dfg\u00e4nger und Radfahrer k\u00f6nnen ersatzweise die nahe gelegene Schaafbr\u00fccke im Verlauf des Waldhallenweges nutzen. Die Stadt bittet um Verst\u00e4ndnis f\u00fcr den entstehenden Umweg.<\/p>\n<div class=\"brlbs-cmpnt-container brlbs-cmpnt-content-blocker brlbs-cmpnt-with-individual-styles\" data-borlabs-cookie-content-blocker-id=\"default\" data-borlabs-cookie-content=\"PGlmcmFtZSBzdHlsZT0iYm9yZGVyOiAxcHggc29saWQgYmxhY2s7IiBzcmM9Imh0dHBzOi8vd3d3Lm9wZW5zdHJlZXRtYXAub3JnL2V4cG9ydC9lbWJlZC5odG1sP2Jib3g9MTAuNzA2NTg0NDUzNTgyNzY1JTJDNTMuNjE3NTU0NzY1NjMyJTJDMTAuNzE3MzEzMjg5NjQyMzM2JTJDNTMuNjIyMTIzOTA0NjY2NzE1JmFtcDtsYXllcj1tYXBuaWsiIHdpZHRoPSI2MjUiIGhlaWdodD0iNTUwIiBmcmFtZWJvcmRlcj0iMCIgbWFyZ2lud2lkdGg9IjAiIG1hcmdpbmhlaWdodD0iMCIgc2Nyb2xsaW5nPSJubyI+PHNwYW4gc3R5bGU9ImRpc3BsYXk6IGlubGluZS1ibG9jazsgd2lkdGg6IDBweDsgb3ZlcmZsb3c6IGhpZGRlbjsgbGluZS1oZWlnaHQ6IDA7IiBkYXRhLW1jZS10eXBlPSJib29rbWFyayIgY2xhc3M9Im1jZV9TRUxSRVNfc3RhcnQiPu+7vzwvc3Bhbj48L2lmcmFtZT4=\">\n<div class=\"brlbs-cmpnt-cb-preset-a\">\n<p class=\"brlbs-cmpnt-cb-description\">Sie sehen gerade einen Platzhalterinhalt von <strong>Standard<\/strong>. Um auf den eigentlichen Inhalt zuzugreifen, klicken Sie auf den Button unten. Bitte beachten Sie, dass dabei Daten an Drittanbieter weitergegeben werden.<\/p>\n<div class=\"brlbs-cmpnt-cb-buttons\"> <a class=\"brlbs-cmpnt-cb-btn\" href=\"#\" data-borlabs-cookie-unblock role=\"button\">Inhalt entsperren<\/a> <a class=\"brlbs-cmpnt-cb-btn\" href=\"#\" data-borlabs-cookie-accept-service role=\"button\" style=\"display: none\">Erforderlichen Service akzeptieren und Inhalte entsperren<\/a> <\/div>\n<p> <a class=\"brlbs-cmpnt-cb-provider-toggle\" href=\"#\" data-borlabs-cookie-show-provider-information role=\"button\">Weitere Informationen<\/a> <\/div>\n<\/div>\n<p><small><a href=\"https:\/\/www.openstreetmap.org\/#map=17\/53.61984\/10.71195\">Gr\u00f6\u00dfere Karte anzeigen<\/a><\/small><\/p>\n","protected":false},"excerpt":{"rendered":"<p>M\u00f6lln (pm). Die Holzbr\u00fccke am n\u00f6rdlichen Ende des Schmalsees unterhalb der Waldhalle musste aufgrund von Bausch\u00e4den vor\u00fcbergehend gesperrt werden. Die Tragf\u00e4higkeit ist nicht mehr gew\u00e4hrleistet. Neben Vandalismussch\u00e4den sind zus\u00e4tzlich festgestellte Baum\u00e4ngel zu beheben. Dies wird vor dem Winter nicht mehr erfolgen k\u00f6nnen, so dass die Br\u00fccke erst im Fr\u00fchjahr 2019 saniert und wieder freigegeben werden [&hellip;]<\/p>\n","protected":false},"author":2,"featured_media":9076,"comment_status":"open","ping_status":"closed","sticky":false,"template":"","format":"standard","meta":{"jnews-multi-image_gallery":[],"jnews_single_post":[],"jnews_primary_category":[],"jnews_social_meta":[],"jnews_override_counter":[],"jnews_post_split":[],"footnotes":""},"categories":[66],"tags":[133],"class_list":["post-9075","post","type-post","status-publish","format-standard","has-post-thumbnail","hentry","category-moelln","tag-moelln"],"_links":{"self":[{"href":"https:\/\/herzogtum-direkt.de\/index.php\/wp-json\/wp\/v2\/posts\/9075","targetHints":{"allow":["GET"]}}],"collection":[{"href":"https:\/\/herzogtum-direkt.de\/index.php\/wp-json\/wp\/v2\/posts"}],"about":[{"href":"https:\/\/herzogtum-direkt.de\/index.php\/wp-json\/wp\/v2\/types\/post"}],"author":[{"embeddable":true,"href":"https:\/\/herzogtum-direkt.de\/index.php\/wp-json\/wp\/v2\/users\/2"}],"replies":[{"embeddable":true,"href":"https:\/\/herzogtum-direkt.de\/index.php\/wp-json\/wp\/v2\/comments?post=9075"}],"version-history":[{"count":1,"href":"https:\/\/herzogtum-direkt.de\/index.php\/wp-json\/wp\/v2\/posts\/9075\/revisions"}],"predecessor-version":[{"id":9077,"href":"https:\/\/herzogtum-direkt.de\/index.php\/wp-json\/wp\/v2\/posts\/9075\/revisions\/9077"}],"wp:featuredmedia":[{"embeddable":true,"href":"https:\/\/herzogtum-direkt.de\/index.php\/wp-json\/wp\/v2\/media\/9076"}],"wp:attachment":[{"href":"https:\/\/herzogtum-direkt.de\/index.php\/wp-json\/wp\/v2\/media?parent=9075"}],"wp:term":[{"taxonomy":"category","embeddable":true,"href":"https:\/\/herzogtum-direkt.de\/index.php\/wp-json\/wp\/v2\/categories?post=9075"},{"taxonomy":"post_tag","embeddable":true,"href":"https:\/\/herzogtum-direkt.de\/index.php\/wp-json\/wp\/v2\/tags?post=9075"}],"curies":[{"name":"wp","href":"https:\/\/api.w.org\/{rel}","templated":true}]}}