{"id":8916,"date":"2018-11-15T10:42:45","date_gmt":"2018-11-15T08:42:45","guid":{"rendered":"https:\/\/herzogtum-direkt.de\/?p=8916"},"modified":"2018-11-15T10:42:45","modified_gmt":"2018-11-15T08:42:45","slug":"junge-menschen-entdecken-europaeische-hauptstadt-mit-kreisweitem-jugendforum-des-kreisjugendrings","status":"publish","type":"post","link":"https:\/\/herzogtum-direkt.de\/index.php\/2018\/11\/15\/junge-menschen-entdecken-europaeische-hauptstadt-mit-kreisweitem-jugendforum-des-kreisjugendrings\/","title":{"rendered":"Junge Menschen entdecken &#8218;europ\u00e4ische Hauptstadt&#8216; mit kreisweitem Jugendforum des Kreisjugendrings"},"content":{"rendered":"<p><strong>Herzogtum Lauenburg\/Br\u00fcssel (pm).<\/strong> Nachdem die Mitglieder des kreisweiten Jugendforums \u00fcber Monate mit der Unterst\u00fctzung des Kreisjugendring Herzogtum Lauenburg geplant und organisiert hatten, ging es vom 5. bis 8. November endlich f\u00fcr 24 junge Menschen aus dem ganzen Kreis Herzogtum Lauenburg nach Br\u00fcssel. Mit dabei waren junge Menschen aus den Kinder- und Jugendbeir\u00e4ten, aus Vereinen, aus Sch\u00fclervertretungen und weitere interessierte Mitfahrer. Die Jugendlichen im Alter von dreizehn bis 21 Jahren entdeckten dabei die Geschichte und Politik der Europ\u00e4ischen Union hautnah und tauchten nebenbei ein in den europ\u00e4ischen Alltag des multikulturellen Br\u00fcssels. Die Gruppe begegnete Menschen aus ganz Europa, die in Br\u00fcssel leben und arbeiten und sich f\u00fcr eine gemeinsame europ\u00e4ische Zukunft stark machen.<\/p>\n<p>Seit 70 Jahren bringen die Europ\u00e4ische Union und ihre Vorl\u00e4ufer Menschen aus ganz Europa zusammen, sorgen f\u00fcr Frieden in gro\u00dfen Teilen des Kontinents und lassen auch junge Menschen &#8211; zum Beispiel durch das grenzenlose Reisen &#8211; die vielen Vorteile eines vereinten und demokratischen Europas sp\u00fcren. Dabei spielt Br\u00fcssel als einer der Hauptsitze der EU eine besondere Rolle. Aus diesem Grund entstand die Idee des kreisweiten Jugendforums, sich die \u201eeurop\u00e4ische Hauptstadt\u201c einmal genauer anzuschauen und zu erkunden, wo europ\u00e4ische Politik eigentlich mitgestaltet wird.<\/p>\n<p>Neben dem Besuch des Besucherzentrums \u201eParlamentarium\u201c und dem Haus der europ\u00e4ischen Geschichte stand vor allem der mit viel Spannung erwartete Besuch des EU-Parlaments auf dem Programm der Jugendlichen. Auch wenn in Br\u00fcssel als Zweitsitz des Parlaments nur ein Teil der Sitzungen stattfindet (der Hauptsitz liegt in Stra\u00dfburg\/Frankreich), so bekamen die Teilnehmenden doch einen guten Einblick, wie ein Parlament mit Abgeordneten aus 28 Mitgliedsstaaten und 24 Amtssprachen funktionieren kann \u2013 auch wenn dies bedeutet, dass es manchmal etwas mehr Zeit in Anspruch nimmt.<\/p>\n<p>Zwar konnten die Jugendlichen ihre Fragen anders als geplant leider nicht direkt an Abgeordnete des Parlaments stellen, jedoch standen Mitarbeiter der B\u00fcros von CDU und SPD aufgrund von kurzfristigen Absagen trotzdem Rede und Antwort: Wie arbeiten die Abgeordneten der vielen unterschiedlichen Parteien in l\u00e4nder\u00fcbergreifenden Fraktionen zusammen? Wie werden Kompromisse und Mehrheiten \u00fcberhaupt gefunden? Wie sieht der Alltag einer oder eines Abgeordneten aus? Und warum ist es hilfreich mehrere Sprachen zu sprechen?<\/p>\n<p>Am Ende der vier Tage ist den Teilnehmenden klar: Europ\u00e4ische Politik ist sicherlich nicht einfach. Sie wird aber auch nicht einfacher, wenn wir aufh\u00f6ren zusammenzuarbeiten und ins Gespr\u00e4ch zu gehen. Dazu kann jeder etwas beitragen; die europ\u00e4ischen Institutionen genauso wie jede B\u00fcrgerin und jeder B\u00fcrger. Die jungen Mitglieder des kreisweiten Jugendforums stellten fest: \u201eEuropas Vielfalt, gemeinsame Werte und unsere demokratischen Errungenschaften sind unverzichtbar f\u00fcr eine gemeinsame Zukunft. Nur so k\u00f6nnen die Herausforderungen unserer Zeit gemeinsam bew\u00e4ltigt werden.\u201c<\/p>\n<p>\u201eDies sind viele wichtige Gr\u00fcnde am 26. Mai 2019 w\u00e4hlen zu gehen, wenn man das 18. Lebensjahr vollendet hat. Die Wahl des EU-Parlaments ist die Gelegenheit die Zukunft eines demokratischen Europas mitzugestalten\u201c, so Sara Opitz vom Kreisjugendring Herzogtum Lauenburg.<\/p>\n<p>Im kreisweiten Jugendforum engagieren sich junge Menschen aus dem gesamten Kreisgebiet. Sie treffen sich in regelm\u00e4\u00dfigen Abst\u00e4nden, tauschen sich \u00fcber aktuelle Geschehnisse, M\u00f6glichkeiten des politischen Engagements aus, planen eigene Projekte und verf\u00fcgen selbst\u00e4ndig \u00fcber einen j\u00e4hrlichen Jugendfonds in H\u00f6he von 7.000,- Euro. Das kreisweite Jugendforum steht allen Jugendlichen und jungen Menschen bis 27 Jahre offen. Bei Fragen und Interesse steht der Kreisjugendring gerne zur Verf\u00fcgung.<\/p>\n<p>Finanziell unterst\u00fctzt wurde die Fahrt neben dem kreisweiten Jugendforum auch vom Kinder- und Jugendbeirat Lauenburg und dem Jugendforum der Stadt Ratzeburg\/Amt Lauenburgische Seen. Die hierbei beteiligten \u201ePartnerschaften f\u00fcr Demokratie\u201c der drei F\u00f6rdergebiete werden im Rahmen des Bundesprogramms \u201eDemokratie leben!\u201c vom Bundesministerium f\u00fcr Familie, Senioren, Frauen und Jugend gef\u00f6rdert.<\/p>\n","protected":false},"excerpt":{"rendered":"<p>Herzogtum Lauenburg\/Br\u00fcssel (pm). Nachdem die Mitglieder des kreisweiten Jugendforums \u00fcber Monate mit der Unterst\u00fctzung des Kreisjugendring Herzogtum Lauenburg geplant und organisiert hatten, ging es vom 5. bis 8. November endlich f\u00fcr 24 junge Menschen aus dem ganzen Kreis Herzogtum Lauenburg nach Br\u00fcssel. Mit dabei waren junge Menschen aus den Kinder- und Jugendbeir\u00e4ten, aus Vereinen, aus [&hellip;]<\/p>\n","protected":false},"author":2,"featured_media":8917,"comment_status":"open","ping_status":"closed","sticky":false,"template":"","format":"standard","meta":{"jnews-multi-image_gallery":[],"jnews_single_post":[],"jnews_primary_category":[],"jnews_social_meta":[],"jnews_override_counter":[],"jnews_post_split":[],"footnotes":""},"categories":[63,74],"tags":[670,1079,543],"class_list":["post-8916","post","type-post","status-publish","format-standard","has-post-thumbnail","hentry","category-herzogtum-lauenburg","category-jugend-direkt","tag-eu","tag-europa","tag-jugendforum"],"_links":{"self":[{"href":"https:\/\/herzogtum-direkt.de\/index.php\/wp-json\/wp\/v2\/posts\/8916","targetHints":{"allow":["GET"]}}],"collection":[{"href":"https:\/\/herzogtum-direkt.de\/index.php\/wp-json\/wp\/v2\/posts"}],"about":[{"href":"https:\/\/herzogtum-direkt.de\/index.php\/wp-json\/wp\/v2\/types\/post"}],"author":[{"embeddable":true,"href":"https:\/\/herzogtum-direkt.de\/index.php\/wp-json\/wp\/v2\/users\/2"}],"replies":[{"embeddable":true,"href":"https:\/\/herzogtum-direkt.de\/index.php\/wp-json\/wp\/v2\/comments?post=8916"}],"version-history":[{"count":1,"href":"https:\/\/herzogtum-direkt.de\/index.php\/wp-json\/wp\/v2\/posts\/8916\/revisions"}],"predecessor-version":[{"id":8918,"href":"https:\/\/herzogtum-direkt.de\/index.php\/wp-json\/wp\/v2\/posts\/8916\/revisions\/8918"}],"wp:featuredmedia":[{"embeddable":true,"href":"https:\/\/herzogtum-direkt.de\/index.php\/wp-json\/wp\/v2\/media\/8917"}],"wp:attachment":[{"href":"https:\/\/herzogtum-direkt.de\/index.php\/wp-json\/wp\/v2\/media?parent=8916"}],"wp:term":[{"taxonomy":"category","embeddable":true,"href":"https:\/\/herzogtum-direkt.de\/index.php\/wp-json\/wp\/v2\/categories?post=8916"},{"taxonomy":"post_tag","embeddable":true,"href":"https:\/\/herzogtum-direkt.de\/index.php\/wp-json\/wp\/v2\/tags?post=8916"}],"curies":[{"name":"wp","href":"https:\/\/api.w.org\/{rel}","templated":true}]}}