{"id":8877,"date":"2018-11-14T09:18:57","date_gmt":"2018-11-14T07:18:57","guid":{"rendered":"https:\/\/herzogtum-direkt.de\/?p=8877"},"modified":"2018-11-14T09:18:57","modified_gmt":"2018-11-14T07:18:57","slug":"oh-eine-dummel-erfolgreicher-ausstellungsauftakt-in-der-kreisverwaltung","status":"publish","type":"post","link":"https:\/\/herzogtum-direkt.de\/index.php\/2018\/11\/14\/oh-eine-dummel-erfolgreicher-ausstellungsauftakt-in-der-kreisverwaltung\/","title":{"rendered":"&#8218;Oh eine Dummel!&#8216; &#8211; erfolgreicher Ausstellungsauftakt in der Kreisverwaltung"},"content":{"rendered":"<p><strong>Ratzeburg (pm).<\/strong> Seit nunmehr einer Woche l\u00e4dt die Ausstellung \u201eOh, eine Dummel! Rechtsextremismus und Menschenfeindlichkeit in Karikatur und Satire\u201d zur Besichtigung in die Ratzeburger Kreisverwaltung ein und nach Beobachtung von Landrat Dr. Christoph Mager durchaus mit Zuspruch von interessierten B\u00fcrgern, die ganz offensichtlich nicht mit einem Verwaltungsanliegen ins Kreishaus kamen.<\/p>\n<p>Bereits vor der Er\u00f6ffnung sei ihm ins Auge gefallen, so Mager in seiner Er\u00f6ffnungsansprache am vergangenen Dienstag vor rund 30 Ausstellungsbesucher*innen, dass zahlreiche Menschen doch sehr neugierig die zirka 60 aktuellen Karikaturen von namenhaften K\u00fcnstlern sowie die satirischen Fernseh- und Filmbeitr\u00e4ge an den drei Medienstationen im Erdgeschoss und im ersten Stock des Foyers betrachten und immer wieder auch ein nachdenkliches Schmunzeln zu entdecken war.<\/p>\n<p>Offensichtlich erf\u00fcllen die Exponate damit genau den Zweck, den Marcus Laube von der Mobilen Jugendarbeit der Stadt Celle als Mitinitiator der Ausstellung den Anwesenden erl\u00e4utern konnte. &#8222;Es ging uns bei der Entwicklung der Ausstellung vor allem darum, die Themen &#8222;Rechtsextremismus und Menschenfeindlichkeit&#8220; in einer ganz niederschwelligen Form, ohne viele p\u00e4dagogische Texte, aber doch inhaltsstark darbieten und so gerade junge Menschen auch selbst entdecken lassen zu k\u00f6nnen. Zudem sollte die Ausstellung auch \u00c4ngste abbauen, sich mit Rechtsextremismus aktiv auseinanderzusetzen, der meist sehr martialisch und bedrohlich wirken will. Was hilft da besser, als dar\u00fcber auch mal zu lachen?&#8220;, sagte Laube in seiner Einf\u00fchrung.<\/p>\n<p>Dass diese Verbindung von Humor und Nachdenklichkeit anregend und gut umgesetzt ist, konstatierten sowohl Landrat Dr. Mager als auch B\u00fcrgermeister Rainer Vo\u00df. Beide betonten einmal mehr, wie wichtig es gerade in der heutigen Zeit f\u00fcr alle B\u00fcrgerinnen und B\u00fcrger ist, klar und deutlich f\u00fcr die Werte des Grundgesetzes einzutreten. Diese, so Vo\u00df, s\u00e4hen sich vielen Herausforderungen ausgesetzt, denen Demokrat*innen beherzt und engagiert entgegentreten m\u00fcssen. Solch Engagement kann sich dabei im pers\u00f6nlichen Zwiegespr\u00e4ch, im \u00f6ffentlichen Widersprechen gerade auch in virtuellen R\u00e4umen, in Projekten wie der vom Verein Miteinander leben und dem Ratzeburger B\u00fcndnis organisierten Ausstellung oder auch auf einer Demonstration wie j\u00fcngst in Berkenthin zeigen. Und nat\u00fcrlich immer auch musikalisch, wie Liedermacher Klaus Irmscher dies w\u00e4hrend der Er\u00f6ffnung tat und sein neuesten Lied &#8222;Nacheilendes Verhalten&#8220; zu den rechtsradikalen Vorg\u00e4ngen in Chemnitz vorstellte.<\/p>\n<p>Wie solche Herausforderungen gerade aus der rechten Szene aktuell aussehen, skizzierten zwei Beitr\u00e4ge vom RAA Regionalzentrum Westmecklenburg und vom Regionalen Beratungsteam gegen Rechtsextremismus Kiel an einigen Beispielen. Beide schlossen mahnend, diese Szene keinesfalls aus dem Blick des zivilgesellschaftlichen Engagements zu lassen. Eine Botschaft, die auch die Ausstellung &#8222;Oh, eine Dummel!&#8220; transportiert, zu sehen im Kreishaus noch bis zum 23. November 2018 w\u00e4hrend der \u00d6ffnungszeiten. Sie wird gef\u00f6rdert von der Partnerschaft f\u00fcr Demokratie der Stadt Ratzeburg und des Amtes Lauenburgische Seen im Rahmen des Bundesprogramms \u201eDemokratie leben!\u201c.<\/p>\n","protected":false},"excerpt":{"rendered":"<p>Ratzeburg (pm). Seit nunmehr einer Woche l\u00e4dt die Ausstellung \u201eOh, eine Dummel! Rechtsextremismus und Menschenfeindlichkeit in Karikatur und Satire\u201d zur Besichtigung in die Ratzeburger Kreisverwaltung ein und nach Beobachtung von Landrat Dr. Christoph Mager durchaus mit Zuspruch von interessierten B\u00fcrgern, die ganz offensichtlich nicht mit einem Verwaltungsanliegen ins Kreishaus kamen. Bereits vor der Er\u00f6ffnung sei [&hellip;]<\/p>\n","protected":false},"author":2,"featured_media":8878,"comment_status":"open","ping_status":"closed","sticky":false,"template":"","format":"standard","meta":{"jnews-multi-image_gallery":[],"jnews_single_post":[],"jnews_primary_category":[],"jnews_social_meta":[],"jnews_override_counter":[],"jnews_post_split":[],"footnotes":""},"categories":[70,2],"tags":[1575,1573,1428],"class_list":["post-8877","post","type-post","status-publish","format-standard","has-post-thumbnail","hentry","category-kultur","category-startseite","tag-dummel","tag-karikatur","tag-rechtsextremismus"],"_links":{"self":[{"href":"https:\/\/herzogtum-direkt.de\/index.php\/wp-json\/wp\/v2\/posts\/8877","targetHints":{"allow":["GET"]}}],"collection":[{"href":"https:\/\/herzogtum-direkt.de\/index.php\/wp-json\/wp\/v2\/posts"}],"about":[{"href":"https:\/\/herzogtum-direkt.de\/index.php\/wp-json\/wp\/v2\/types\/post"}],"author":[{"embeddable":true,"href":"https:\/\/herzogtum-direkt.de\/index.php\/wp-json\/wp\/v2\/users\/2"}],"replies":[{"embeddable":true,"href":"https:\/\/herzogtum-direkt.de\/index.php\/wp-json\/wp\/v2\/comments?post=8877"}],"version-history":[{"count":1,"href":"https:\/\/herzogtum-direkt.de\/index.php\/wp-json\/wp\/v2\/posts\/8877\/revisions"}],"predecessor-version":[{"id":8879,"href":"https:\/\/herzogtum-direkt.de\/index.php\/wp-json\/wp\/v2\/posts\/8877\/revisions\/8879"}],"wp:featuredmedia":[{"embeddable":true,"href":"https:\/\/herzogtum-direkt.de\/index.php\/wp-json\/wp\/v2\/media\/8878"}],"wp:attachment":[{"href":"https:\/\/herzogtum-direkt.de\/index.php\/wp-json\/wp\/v2\/media?parent=8877"}],"wp:term":[{"taxonomy":"category","embeddable":true,"href":"https:\/\/herzogtum-direkt.de\/index.php\/wp-json\/wp\/v2\/categories?post=8877"},{"taxonomy":"post_tag","embeddable":true,"href":"https:\/\/herzogtum-direkt.de\/index.php\/wp-json\/wp\/v2\/tags?post=8877"}],"curies":[{"name":"wp","href":"https:\/\/api.w.org\/{rel}","templated":true}]}}