{"id":8823,"date":"2018-11-12T11:25:31","date_gmt":"2018-11-12T09:25:31","guid":{"rendered":"https:\/\/herzogtum-direkt.de\/?p=8823"},"modified":"2018-11-12T11:25:31","modified_gmt":"2018-11-12T09:25:31","slug":"haydns-kleine-orgelmesse-zum-volkstrauertag-in-der-nusser-kirche","status":"publish","type":"post","link":"https:\/\/herzogtum-direkt.de\/index.php\/2018\/11\/12\/haydns-kleine-orgelmesse-zum-volkstrauertag-in-der-nusser-kirche\/","title":{"rendered":"Haydns &#8218;Kleine Orgelmesse&#8216; zum Volkstrauertag in der Nusser Kirche"},"content":{"rendered":"<figure id=\"attachment_8109\" aria-describedby=\"caption-attachment-8109\" style=\"width: 199px\" class=\"wp-caption alignleft\"><a href=\"https:\/\/herzogtum-direkt.de\/wp-content\/uploads\/2018\/10\/Susanne-Dieudonn\u00e9.jpg\"><img fetchpriority=\"high\" decoding=\"async\" class=\"size-medium wp-image-8109\" src=\"https:\/\/herzogtum-direkt.de\/wp-content\/uploads\/2018\/10\/Susanne-Dieudonn\u00e9-199x300.jpg\" alt=\"\" width=\"199\" height=\"300\" srcset=\"https:\/\/herzogtum-direkt.de\/wp-content\/uploads\/2018\/10\/Susanne-Dieudonn\u00e9-199x300.jpg 199w, https:\/\/herzogtum-direkt.de\/wp-content\/uploads\/2018\/10\/Susanne-Dieudonn\u00e9-279x420.jpg 279w, https:\/\/herzogtum-direkt.de\/wp-content\/uploads\/2018\/10\/Susanne-Dieudonn\u00e9.jpg 500w\" sizes=\"(max-width: 199px) 100vw, 199px\" \/><\/a><figcaption id=\"caption-attachment-8109\" class=\"wp-caption-text\">Susanne Dieudonn\u00e9. Foto: hfr<\/figcaption><\/figure>\n<p><strong>Nusse (pm).<\/strong> Die evangelische Kirchengemeinde Nusse \/ Behlendorf l\u00e4dt am Sonntag, 18. November, zu einem besonderen Gottesdienst ein. Erklingen wird am diesj\u00e4hrigen Volkstrauertag um 9.30 Uhr die &#8222;Missa brevis St. Joannis de Deo&#8220;, von Joseph Haydn.<\/p>\n<p>Diese Messe wird auch &#8222;Kleine Orgelmesse&#8220; genannt. Es singt der Projektchor der Kirchengemeinde St. Johannis Krummesse. An der Orgel wird Sebastian Palz zu h\u00f6ren sein. Die Leitung des Projektes liegt in den H\u00e4nden von Susanne Dieudonn\u00e9, die auch das Sopransolo der Messe singen wird. Die Predigt h\u00e4lt Pastor Tobias Pfeifer.<\/p>\n<div class=\"brlbs-cmpnt-container brlbs-cmpnt-content-blocker brlbs-cmpnt-with-individual-styles\" data-borlabs-cookie-content-blocker-id=\"default\" data-borlabs-cookie-content=\"PGlmcmFtZSBzdHlsZT0iYm9yZGVyOiAxcHggc29saWQgYmxhY2s7IiBzcmM9Imh0dHBzOi8vd3d3Lm9wZW5zdHJlZXRtYXAub3JnL2V4cG9ydC9lbWJlZC5odG1sP2Jib3g9MTAuNTY1MjIxMzA5NjYxODY3JTJDNTMuNjU0MTI1ODI0MDEwMTQlMkMxMC41ODY2Nzg5ODE3ODEwMDglMkM1My42NjMyNTU2ODkwNzg4MiZhbXA7bGF5ZXI9bWFwbmlrJmFtcDttYXJrZXI9NTMuNjU4NjkxMDAzNzMxMTMlMkMxMC41NzU5NTAxNDU3MjE0MzYiIHdpZHRoPSI2MjUiIGhlaWdodD0iNTUwIiBmcmFtZWJvcmRlcj0iMCIgbWFyZ2lud2lkdGg9IjAiIG1hcmdpbmhlaWdodD0iMCIgc2Nyb2xsaW5nPSJubyI+PHNwYW4gc3R5bGU9ImRpc3BsYXk6IGlubGluZS1ibG9jazsgd2lkdGg6IDBweDsgb3ZlcmZsb3c6IGhpZGRlbjsgbGluZS1oZWlnaHQ6IDA7IiBkYXRhLW1jZS10eXBlPSJib29rbWFyayIgY2xhc3M9Im1jZV9TRUxSRVNfc3RhcnQiPu+7vzwvc3Bhbj48L2lmcmFtZT4=\">\n<div class=\"brlbs-cmpnt-cb-preset-a\">\n<p class=\"brlbs-cmpnt-cb-description\">Sie sehen gerade einen Platzhalterinhalt von <strong>Standard<\/strong>. Um auf den eigentlichen Inhalt zuzugreifen, klicken Sie auf den Button unten. Bitte beachten Sie, dass dabei Daten an Drittanbieter weitergegeben werden.<\/p>\n<div class=\"brlbs-cmpnt-cb-buttons\"> <a class=\"brlbs-cmpnt-cb-btn\" href=\"#\" data-borlabs-cookie-unblock role=\"button\">Inhalt entsperren<\/a> <a class=\"brlbs-cmpnt-cb-btn\" href=\"#\" data-borlabs-cookie-accept-service role=\"button\" style=\"display: none\">Erforderlichen Service akzeptieren und Inhalte entsperren<\/a> <\/div>\n<p> <a class=\"brlbs-cmpnt-cb-provider-toggle\" href=\"#\" data-borlabs-cookie-show-provider-information role=\"button\">Weitere Informationen<\/a> <\/div>\n<\/div>\n<p><small><a href=\"https:\/\/www.openstreetmap.org\/?mlat=53.6587&amp;mlon=10.5760#map=16\/53.6587\/10.5760\">Gr\u00f6\u00dfere Karte anzeigen<\/a><\/small><\/p>\n","protected":false},"excerpt":{"rendered":"<p>Nusse (pm). Die evangelische Kirchengemeinde Nusse \/ Behlendorf l\u00e4dt am Sonntag, 18. November, zu einem besonderen Gottesdienst ein. Erklingen wird am diesj\u00e4hrigen Volkstrauertag um 9.30 Uhr die &#8222;Missa brevis St. Joannis de Deo&#8220;, von Joseph Haydn. Diese Messe wird auch &#8222;Kleine Orgelmesse&#8220; genannt. Es singt der Projektchor der Kirchengemeinde St. Johannis Krummesse. An der Orgel [&hellip;]<\/p>\n","protected":false},"author":2,"featured_media":8109,"comment_status":"open","ping_status":"closed","sticky":false,"template":"","format":"standard","meta":{"jnews-multi-image_gallery":[],"jnews_single_post":[],"jnews_primary_category":[],"jnews_social_meta":[],"jnews_override_counter":[],"jnews_post_split":[],"footnotes":""},"categories":[67,70],"tags":[204,1673],"class_list":["post-8823","post","type-post","status-publish","format-standard","has-post-thumbnail","hentry","category-amt-sandesneben-nusse","category-kultur","tag-nusse","tag-volkstrauertag"],"_links":{"self":[{"href":"https:\/\/herzogtum-direkt.de\/index.php\/wp-json\/wp\/v2\/posts\/8823","targetHints":{"allow":["GET"]}}],"collection":[{"href":"https:\/\/herzogtum-direkt.de\/index.php\/wp-json\/wp\/v2\/posts"}],"about":[{"href":"https:\/\/herzogtum-direkt.de\/index.php\/wp-json\/wp\/v2\/types\/post"}],"author":[{"embeddable":true,"href":"https:\/\/herzogtum-direkt.de\/index.php\/wp-json\/wp\/v2\/users\/2"}],"replies":[{"embeddable":true,"href":"https:\/\/herzogtum-direkt.de\/index.php\/wp-json\/wp\/v2\/comments?post=8823"}],"version-history":[{"count":1,"href":"https:\/\/herzogtum-direkt.de\/index.php\/wp-json\/wp\/v2\/posts\/8823\/revisions"}],"predecessor-version":[{"id":8824,"href":"https:\/\/herzogtum-direkt.de\/index.php\/wp-json\/wp\/v2\/posts\/8823\/revisions\/8824"}],"wp:featuredmedia":[{"embeddable":true,"href":"https:\/\/herzogtum-direkt.de\/index.php\/wp-json\/wp\/v2\/media\/8109"}],"wp:attachment":[{"href":"https:\/\/herzogtum-direkt.de\/index.php\/wp-json\/wp\/v2\/media?parent=8823"}],"wp:term":[{"taxonomy":"category","embeddable":true,"href":"https:\/\/herzogtum-direkt.de\/index.php\/wp-json\/wp\/v2\/categories?post=8823"},{"taxonomy":"post_tag","embeddable":true,"href":"https:\/\/herzogtum-direkt.de\/index.php\/wp-json\/wp\/v2\/tags?post=8823"}],"curies":[{"name":"wp","href":"https:\/\/api.w.org\/{rel}","templated":true}]}}