{"id":8792,"date":"2018-11-11T10:19:15","date_gmt":"2018-11-11T08:19:15","guid":{"rendered":"https:\/\/herzogtum-direkt.de\/?p=8792"},"modified":"2018-11-11T11:24:30","modified_gmt":"2018-11-11T09:24:30","slug":"strassenquerungelk8792","status":"publish","type":"post","link":"https:\/\/herzogtum-direkt.de\/index.php\/2018\/11\/11\/strassenquerungelk8792\/","title":{"rendered":"B\u00fcchen: Stra\u00dfenquerung am Elbe-L\u00fcbeck-Kanal ist jetzt sicherer"},"content":{"rendered":"<p><strong>B\u00fcchen (pm).<\/strong> Die Stra\u00dfenquerung an der L205 vor der Ampel am Elbe-L\u00fcbeck-Kanal ist dank ABB-Idee f\u00fcr Fu\u00dfg\u00e4nger und Radfahrer nun sicherer. Der Anregung war ein SPD Antrag vorausgegangen, der einen Fu\u00df- und Radweg vom Elbe-L\u00fcbeck-Kanal zur Feldstra\u00dfe vorsah. Es w\u00e4re allerdings hier nur ein ein Meter breiter Weg m\u00f6glich. Wegen des vorhandenen Baumbestandes w\u00e4ren Fu\u00dfg\u00e4nger aber nur durch einen 50 Zentimeter breiten Gr\u00fcnstreifen von dem Verkehr auf der vielgenutzten Landesstra\u00dfe getrennt.<\/p>\n<p>\u201eGeplant sind zwar Stra\u00dfenbegrenzungspfosten in einem engeren Abstand. Das ist uns so aber zu wenig Sicherheitsvorkehrung\u201c, so Patrick Winkler (ABB). Von der ABB kam der Vorschlag die Leitplanke um zehn Meter einzuk\u00fcrzen. Dies ist mittlerweile von der Stra\u00dfenmeisterei umgesetzt worden. Direkt und gerade kommt man nun von dem Weg am ELK \u00fcber die Landesstra\u00dfe auf die rechte Seite Richtung B\u00fcchen-Dorf.<\/p>\n<p>\u201eWir unterst\u00fctzen den Vorschlag des ADFC-Ortsgruppenvorsitzenden, Martin Kolanus, den Gr\u00fcnstreifen zwischen Landesstra\u00dfe und vorhandenem Fu\u00df- und Radweg zu befestigen. Dies macht die \u00dcberquerung hier deutlicher und sicherer\u201c, so J\u00fcrgen Lempges (ABB).<\/p>\n","protected":false},"excerpt":{"rendered":"<p>B\u00fcchen (pm). Die Stra\u00dfenquerung an der L205 vor der Ampel am Elbe-L\u00fcbeck-Kanal ist dank ABB-Idee f\u00fcr Fu\u00dfg\u00e4nger und Radfahrer nun sicherer. Der Anregung war ein SPD Antrag vorausgegangen, der einen Fu\u00df- und Radweg vom Elbe-L\u00fcbeck-Kanal zur Feldstra\u00dfe vorsah. Es w\u00e4re allerdings hier nur ein ein Meter breiter Weg m\u00f6glich. Wegen des vorhandenen Baumbestandes w\u00e4ren Fu\u00dfg\u00e4nger [&hellip;]<\/p>\n","protected":false},"author":2,"featured_media":8793,"comment_status":"open","ping_status":"closed","sticky":false,"template":"","format":"standard","meta":{"jnews-multi-image_gallery":[],"jnews_single_post":[],"jnews_primary_category":[],"jnews_social_meta":[],"jnews_override_counter":[],"jnews_post_split":[],"footnotes":""},"categories":[63],"tags":[423,141],"class_list":["post-8792","post","type-post","status-publish","format-standard","has-post-thumbnail","hentry","category-herzogtum-lauenburg","tag-abb","tag-buechen"],"_links":{"self":[{"href":"https:\/\/herzogtum-direkt.de\/index.php\/wp-json\/wp\/v2\/posts\/8792","targetHints":{"allow":["GET"]}}],"collection":[{"href":"https:\/\/herzogtum-direkt.de\/index.php\/wp-json\/wp\/v2\/posts"}],"about":[{"href":"https:\/\/herzogtum-direkt.de\/index.php\/wp-json\/wp\/v2\/types\/post"}],"author":[{"embeddable":true,"href":"https:\/\/herzogtum-direkt.de\/index.php\/wp-json\/wp\/v2\/users\/2"}],"replies":[{"embeddable":true,"href":"https:\/\/herzogtum-direkt.de\/index.php\/wp-json\/wp\/v2\/comments?post=8792"}],"version-history":[{"count":3,"href":"https:\/\/herzogtum-direkt.de\/index.php\/wp-json\/wp\/v2\/posts\/8792\/revisions"}],"predecessor-version":[{"id":8796,"href":"https:\/\/herzogtum-direkt.de\/index.php\/wp-json\/wp\/v2\/posts\/8792\/revisions\/8796"}],"wp:featuredmedia":[{"embeddable":true,"href":"https:\/\/herzogtum-direkt.de\/index.php\/wp-json\/wp\/v2\/media\/8793"}],"wp:attachment":[{"href":"https:\/\/herzogtum-direkt.de\/index.php\/wp-json\/wp\/v2\/media?parent=8792"}],"wp:term":[{"taxonomy":"category","embeddable":true,"href":"https:\/\/herzogtum-direkt.de\/index.php\/wp-json\/wp\/v2\/categories?post=8792"},{"taxonomy":"post_tag","embeddable":true,"href":"https:\/\/herzogtum-direkt.de\/index.php\/wp-json\/wp\/v2\/tags?post=8792"}],"curies":[{"name":"wp","href":"https:\/\/api.w.org\/{rel}","templated":true}]}}