{"id":86523,"date":"2026-09-04T04:12:49","date_gmt":"2026-09-04T03:12:49","guid":{"rendered":"https:\/\/herzogtum-direkt.de\/?p=86523"},"modified":"2026-09-03T19:21:56","modified_gmt":"2026-09-03T18:21:56","slug":"auftakt-mit-cornelia-funke-herbstprogramm-in-der-lindenlounge","status":"publish","type":"post","link":"https:\/\/herzogtum-direkt.de\/index.php\/2026\/09\/04\/auftakt-mit-cornelia-funke-herbstprogramm-in-der-lindenlounge\/","title":{"rendered":"Auftakt mit Cornelia Funke &#8211; Herbstprogramm in der LindenLounge"},"content":{"rendered":"<p><strong>Linau (pm).\u00a0<\/strong>Die LindenLounge in Linau startet in die zweite Jahresh\u00e4lfte mit einem abwechslungsreichen Programm aus Lesungen, Gespr\u00e4chen, Konzerten, Veranstaltungen f\u00fcr Kinder, Ausstellungen und Diskussionen. In der Tenne eines \u00fcber 150 Jahre alten Bauernhauses entsteht dabei Raum f\u00fcr Begegnung und Austausch \u2013 mit Themen, die das Globale mit dem Lokalen verbinden.<\/p>\n<p>Die LindenLounge m\u00f6chte Weltoffenheit mit lokaler Verwurzelung verbinden und ihrem Publikum inspirierende Stunden, neue Denkanst\u00f6\u00dfe und zugleich unterhaltsame Begegnungen bieten. K\u00fcnstler:innen und Referent:innen aus der Region treffen dabei auf G\u00e4ste mit internationalem Hintergrund. \u201eWir m\u00f6chten Menschen ins Gespr\u00e4ch bringen und einen Ort schaffen, an dem Begegnung, Anregung und Diskussion m\u00f6glich sind&#8220;, so Dr. Jens Becker, Mitgr\u00fcnder der LindenLounge.<\/p>\n<p>Die ersten drei Veranstaltungen des Herbstprogramms im \u00dcberblick:<\/p>\n<p>Freitag, 11. September, 18:00 Uhr<br \/>\nDie bekannte Autorin Cornelia Funke kommt in die LindenLounge und stellt ihr neues Kinderbuch \u201eEmma glaubt nicht an Feen&#8220; vor. &#8222;Wir freuen uns riesig, dass Cornelia Funke sich auf den Weg macht nach Linau, dass sie Freude hat, auch an kleineren Orten aufzutreten&#8220;, sagt Dagmar Schumacher, Gesch\u00e4ftsf\u00fchrerin der LindenLounge. Die Vorstellung ist ausverkauft, es gibt eine Warteliste. Eintritt \u20ac14, \u20ac 8 f\u00fcr Kinder. Die Tenne wird f\u00fcr Cornelia Funke und das Publikum verzaubert sein durch die Werke der L\u00fcbecker K\u00fcnstlerin Anja Caroline Franksen und der New Yorker Blumenk\u00fcnstlerin Eve Suter.<\/p>\n<p>Samstag, 12. September, 17:00 Uhr<br \/>\n\u201eNew York, L\u00fcbeck, Linau &#8211; K\u00fcnstlerinnen im Gespr\u00e4ch&#8220;<br \/>\nDie L\u00fcbecker K\u00fcnstlerin Anja Caroline Franksen &amp; die New Yorker Blumenk\u00fcnstlerin Eve Suter sprechen \u00fcber die Ausstellung, die bei der Lesung am Vortag er\u00f6ffnet wird. Die LindenLounge l\u00e4dt um 17 Uhr ein zu einer F\u00fchrung durch die Ausstellung mit dem anschlie\u00dfenden K\u00fcnstlerinnengespr\u00e4ch. Dazu gibt es ein Glas Wein und kleine K\u00f6stlichkeiten. Die Ausstellung ist ge\u00f6ffnet von 15-19 Uhr. Eintritt frei<\/p>\n<p>Sonntag, 20. September, 14:30 Uhr<br \/>\n\u201eOmmschi besucht die LindenLounge&#8220;<br \/>\nAm 20. September ist Weltkindertag der Vereinten Nationen. &#8222;Ein sch\u00f6ner Anlass f\u00fcr uns, zum ersten Mal ganz ausdr\u00fccklich die Kinder in die LindenLounge einzuladen. Und daf\u00fcr haben wir uns etwas Besonderes ausgedacht: Ommschi, das knuffige, liebenswerte Wesen vom Yogastern, kommt zu uns (<a href=\"https:\/\/www.ommschi.com\">https:\/\/www.ommschi.com<\/a>). Freut Euch auf eine lustige YOGA-Geschichte zum Mitmachen \u2013 mit Bewegung, Musik und Tanz. Ein fr\u00f6hliches, buntes Programm von Nicole Schwochert f\u00fcr Kinder von etwa drei bis acht Jahren und ihre Familien&#8220;, so die Veranstalter.<br \/>\nEintritt: 12\/8 \u20ac<\/p>\n","protected":false},"excerpt":{"rendered":"<p>Linau (pm).\u00a0Die LindenLounge in Linau startet in die zweite Jahresh\u00e4lfte mit einem abwechslungsreichen Programm aus Lesungen, Gespr\u00e4chen, Konzerten, Veranstaltungen f\u00fcr Kinder, Ausstellungen und Diskussionen. In der Tenne eines \u00fcber 150 Jahre alten Bauernhauses entsteht dabei Raum f\u00fcr Begegnung und Austausch \u2013 mit Themen, die das Globale mit dem Lokalen verbinden. Die LindenLounge m\u00f6chte Weltoffenheit mit [&hellip;]<\/p>\n","protected":false},"author":2,"featured_media":86524,"comment_status":"closed","ping_status":"closed","sticky":false,"template":"","format":"standard","meta":{"jnews-multi-image_gallery":[],"jnews_single_post":{"subtitle":"","format":"standard","override":[{"template":"1","parallax":"1","fullscreen":"1","layout":"right-sidebar","sidebar":"default-sidebar","second_sidebar":"default-sidebar","share_position":"top","share_float_style":"share-monocrhome","show_featured":"1","show_post_meta":"1","show_post_author":"1","show_post_author_image":"1","show_post_date":"1","post_date_format":"default","post_date_format_custom":"Y\/m\/d","post_reading_time_wpm":"300","post_calculate_word_method":"str_word_count","show_zoom_button":"0","zoom_button_out_step":"2","zoom_button_in_step":"3","show_post_tag":"1","show_popup_post":"1","number_popup_post":"1","show_author_box":"1","show_post_related":"1","show_inline_post_related":"0"}],"image_override":[{"single_post_thumbnail_size":"crop-500","single_post_gallery_size":"crop-500"}],"trending_post_position":"meta","trending_post_label":"Trending","sponsored_post_label":"Sponsored by","disable_ad":"0"},"jnews_primary_category":[],"jnews_social_meta":[],"jnews_override_counter":{"view_counter_number":"0","share_counter_number":"0","like_counter_number":"0","dislike_counter_number":"0"},"jnews_post_split":{"post_split":[{"template":"1","tag":"h2","numbering":"asc","mode":"normal","first":"0","enable_toc":"0","toc_type":"normal"}]},"footnotes":""},"categories":[70],"tags":[1669,4019],"class_list":["post-86523","post","type-post","status-publish","format-standard","has-post-thumbnail","hentry","category-kultur","tag-linau","tag-lindenlounge"],"_links":{"self":[{"href":"https:\/\/herzogtum-direkt.de\/index.php\/wp-json\/wp\/v2\/posts\/86523","targetHints":{"allow":["GET"]}}],"collection":[{"href":"https:\/\/herzogtum-direkt.de\/index.php\/wp-json\/wp\/v2\/posts"}],"about":[{"href":"https:\/\/herzogtum-direkt.de\/index.php\/wp-json\/wp\/v2\/types\/post"}],"author":[{"embeddable":true,"href":"https:\/\/herzogtum-direkt.de\/index.php\/wp-json\/wp\/v2\/users\/2"}],"replies":[{"embeddable":true,"href":"https:\/\/herzogtum-direkt.de\/index.php\/wp-json\/wp\/v2\/comments?post=86523"}],"version-history":[{"count":1,"href":"https:\/\/herzogtum-direkt.de\/index.php\/wp-json\/wp\/v2\/posts\/86523\/revisions"}],"predecessor-version":[{"id":86525,"href":"https:\/\/herzogtum-direkt.de\/index.php\/wp-json\/wp\/v2\/posts\/86523\/revisions\/86525"}],"wp:featuredmedia":[{"embeddable":true,"href":"https:\/\/herzogtum-direkt.de\/index.php\/wp-json\/wp\/v2\/media\/86524"}],"wp:attachment":[{"href":"https:\/\/herzogtum-direkt.de\/index.php\/wp-json\/wp\/v2\/media?parent=86523"}],"wp:term":[{"taxonomy":"category","embeddable":true,"href":"https:\/\/herzogtum-direkt.de\/index.php\/wp-json\/wp\/v2\/categories?post=86523"},{"taxonomy":"post_tag","embeddable":true,"href":"https:\/\/herzogtum-direkt.de\/index.php\/wp-json\/wp\/v2\/tags?post=86523"}],"curies":[{"name":"wp","href":"https:\/\/api.w.org\/{rel}","templated":true}]}}