{"id":86517,"date":"2026-09-04T04:03:35","date_gmt":"2026-09-04T03:03:35","guid":{"rendered":"https:\/\/herzogtum-direkt.de\/?p=86517"},"modified":"2026-09-03T19:08:26","modified_gmt":"2026-09-03T18:08:26","slug":"herzlich-willkommen-vier-neue-auszubildende-starten-bei-der-stadt-moelln","status":"publish","type":"post","link":"https:\/\/herzogtum-direkt.de\/index.php\/2026\/09\/04\/herzlich-willkommen-vier-neue-auszubildende-starten-bei-der-stadt-moelln\/","title":{"rendered":"Herzlich willkommen: Vier neue Auszubildende starten bei der Stadt M\u00f6lln"},"content":{"rendered":"<p><strong>M\u00f6lln (pm).\u00a0<\/strong>Die Stadtverwaltung M\u00f6lln freut sich \u00fcber gleich vier neue Gesichter im Team. Zum sp\u00e4ten Sommer haben vier Nachwuchskr\u00e4fte ihre Ausbildung in ganz unterschiedlichen Aufgabenbereichen der Stadt begonnen.<\/p>\n<p>Den Anfang machte Mathis Helmke, der bereits seit dem 1. August 2026 den Fachbereich Stadtwald verst\u00e4rkt und sich dort zum Forstwirt ausbilden l\u00e4sst. Zum 1. September 2026 folgten schlie\u00dflich drei weitere Auszubildende: Lilo Maxi Kobel und Nick Jankowski haben ihre Ausbildung zu Verwaltungsfachangestellten aufgenommen. Komplettiert wird das Quartett durch Lucia Ernestine Geppert, die im Abwasserbeseitigungsbetrieb im Einsatz ist und dort den Beruf der Umwelttechnologin f\u00fcr Abwasserbewirtschaftung erlernt.<\/p>\n<p>Die Stadt M\u00f6lln hei\u00dft alle vier Nachwuchskr\u00e4fte herzlich willkommen und w\u00fcnscht ihnen einen gelungenen Start, viel Erfolg sowie eine spannende und lehrreiche Ausbildungszeit.<\/p>\n","protected":false},"excerpt":{"rendered":"<p>M\u00f6lln (pm).\u00a0Die Stadtverwaltung M\u00f6lln freut sich \u00fcber gleich vier neue Gesichter im Team. Zum sp\u00e4ten Sommer haben vier Nachwuchskr\u00e4fte ihre Ausbildung in ganz unterschiedlichen Aufgabenbereichen der Stadt begonnen. Den Anfang machte Mathis Helmke, der bereits seit dem 1. August 2026 den Fachbereich Stadtwald verst\u00e4rkt und sich dort zum Forstwirt ausbilden l\u00e4sst. Zum 1. September 2026 [&hellip;]<\/p>\n","protected":false},"author":2,"featured_media":86518,"comment_status":"closed","ping_status":"closed","sticky":false,"template":"","format":"standard","meta":{"jnews-multi-image_gallery":[],"jnews_single_post":{"subtitle":"","format":"standard","override":[{"template":"1","parallax":"1","fullscreen":"1","layout":"right-sidebar","sidebar":"default-sidebar","second_sidebar":"default-sidebar","share_position":"top","share_float_style":"share-monocrhome","show_featured":"1","show_post_meta":"1","show_post_author":"1","show_post_author_image":"1","show_post_date":"1","post_date_format":"default","post_date_format_custom":"Y\/m\/d","post_reading_time_wpm":"300","post_calculate_word_method":"str_word_count","show_zoom_button":"0","zoom_button_out_step":"2","zoom_button_in_step":"3","show_post_tag":"1","show_popup_post":"1","number_popup_post":"1","show_author_box":"1","show_post_related":"1","show_inline_post_related":"0"}],"image_override":[{"single_post_thumbnail_size":"crop-500","single_post_gallery_size":"crop-500"}],"trending_post_position":"meta","trending_post_label":"Trending","sponsored_post_label":"Sponsored by","disable_ad":"0"},"jnews_primary_category":[],"jnews_social_meta":[],"jnews_override_counter":{"view_counter_number":"0","share_counter_number":"0","like_counter_number":"0","dislike_counter_number":"0"},"jnews_post_split":{"post_split":[{"template":"1","tag":"h2","numbering":"asc","mode":"normal","first":"0","enable_toc":"0","toc_type":"normal"}]},"footnotes":""},"categories":[63,74,66],"tags":[],"class_list":["post-86517","post","type-post","status-publish","format-standard","has-post-thumbnail","hentry","category-herzogtum-lauenburg","category-jugend-direkt","category-moelln"],"_links":{"self":[{"href":"https:\/\/herzogtum-direkt.de\/index.php\/wp-json\/wp\/v2\/posts\/86517","targetHints":{"allow":["GET"]}}],"collection":[{"href":"https:\/\/herzogtum-direkt.de\/index.php\/wp-json\/wp\/v2\/posts"}],"about":[{"href":"https:\/\/herzogtum-direkt.de\/index.php\/wp-json\/wp\/v2\/types\/post"}],"author":[{"embeddable":true,"href":"https:\/\/herzogtum-direkt.de\/index.php\/wp-json\/wp\/v2\/users\/2"}],"replies":[{"embeddable":true,"href":"https:\/\/herzogtum-direkt.de\/index.php\/wp-json\/wp\/v2\/comments?post=86517"}],"version-history":[{"count":1,"href":"https:\/\/herzogtum-direkt.de\/index.php\/wp-json\/wp\/v2\/posts\/86517\/revisions"}],"predecessor-version":[{"id":86519,"href":"https:\/\/herzogtum-direkt.de\/index.php\/wp-json\/wp\/v2\/posts\/86517\/revisions\/86519"}],"wp:featuredmedia":[{"embeddable":true,"href":"https:\/\/herzogtum-direkt.de\/index.php\/wp-json\/wp\/v2\/media\/86518"}],"wp:attachment":[{"href":"https:\/\/herzogtum-direkt.de\/index.php\/wp-json\/wp\/v2\/media?parent=86517"}],"wp:term":[{"taxonomy":"category","embeddable":true,"href":"https:\/\/herzogtum-direkt.de\/index.php\/wp-json\/wp\/v2\/categories?post=86517"},{"taxonomy":"post_tag","embeddable":true,"href":"https:\/\/herzogtum-direkt.de\/index.php\/wp-json\/wp\/v2\/tags?post=86517"}],"curies":[{"name":"wp","href":"https:\/\/api.w.org\/{rel}","templated":true}]}}