{"id":86514,"date":"2026-09-03T12:26:38","date_gmt":"2026-09-03T11:26:38","guid":{"rendered":"https:\/\/herzogtum-direkt.de\/?p=86514"},"modified":"2026-09-03T12:26:38","modified_gmt":"2026-09-03T11:26:38","slug":"der-biosphaere-schaalsee-markt-laedt-zum-regionalen-genusserlebnis-ein","status":"publish","type":"post","link":"https:\/\/herzogtum-direkt.de\/index.php\/2026\/09\/03\/der-biosphaere-schaalsee-markt-laedt-zum-regionalen-genusserlebnis-ein\/","title":{"rendered":"Der Biosph\u00e4re-Schaalsee-Markt l\u00e4dt zum regionalen Genusserlebnis ein"},"content":{"rendered":"<p><b>Zarrentin <\/b><b>(pm). <\/b>Am Sonntag, 6. September, verwandelt sich das Informationszentrum PAHLHUUS wieder in einen lebendigen Treffpunkt f\u00fcr Genie\u00dfer und Entdecker regionaler Vielfalt. Der Markt ist von 10 bis 16 Uhr ge\u00f6ffnet.<\/p>\n<p>An 33 liebevoll gestalteten Marktst\u00e4nden pr\u00e4sentieren ProduzentInnen aus der Region ihre Spezialit\u00e4ten: von w\u00fcrzigem Ziegenk\u00e4se und aromatischem Honig \u00fcber Wildbratwurst und Softeis bis hin zu frischem Obst und Gem\u00fcse aus \u00f6kologischem Anbau. Erg\u00e4nzt wird das Angebot durch ofenfrische Backwaren, mediterrane Pasta, herbstliche Stauden und ein einzigartiges Kunsthandwerk.<\/p>\n<p>Der Biosph\u00e4re-Schaalsee-Markt steht f\u00fcr nachhaltigen Genuss, pers\u00f6nliche Begegnungen und die besondere Atmosph\u00e4re der Schaalsee-Region. Der Eintritt ist frei. Organisiert wird der monatlich stattfindende Markt vom F\u00f6rderverein Biosph\u00e4re Schaalsee e.V. in enger Zusammenarbeit mit dem Biosph\u00e4renreservatsamt Schaalsee-Elbe. Unterst\u00fctzt wird die Veranstaltung vom Amt Zarrentin und der riha WeserGold Getr\u00e4nke Betriebsst\u00e4tte Dodow.<\/p>\n<p>Der Eintritt ist frei. Alle Interessierten sind herzlich eingeladen, einen genussvollen Sommertag am Schaalsee zu verbringen.<\/p>\n","protected":false},"excerpt":{"rendered":"<p>Zarrentin (pm). Am Sonntag, 6. September, verwandelt sich das Informationszentrum PAHLHUUS wieder in einen lebendigen Treffpunkt f\u00fcr Genie\u00dfer und Entdecker regionaler Vielfalt. Der Markt ist von 10 bis 16 Uhr ge\u00f6ffnet. An 33 liebevoll gestalteten Marktst\u00e4nden pr\u00e4sentieren ProduzentInnen aus der Region ihre Spezialit\u00e4ten: von w\u00fcrzigem Ziegenk\u00e4se und aromatischem Honig \u00fcber Wildbratwurst und Softeis bis hin [&hellip;]<\/p>\n","protected":false},"author":2,"featured_media":63843,"comment_status":"closed","ping_status":"closed","sticky":false,"template":"","format":"standard","meta":{"jnews-multi-image_gallery":[],"jnews_single_post":{"subtitle":"","format":"standard","override":[{"template":"1","parallax":"1","fullscreen":"1","layout":"right-sidebar","sidebar":"default-sidebar","second_sidebar":"default-sidebar","share_position":"top","share_float_style":"share-monocrhome","show_featured":"1","show_post_meta":"1","show_post_author":"1","show_post_author_image":"1","show_post_date":"1","post_date_format":"default","post_date_format_custom":"Y\/m\/d","post_reading_time_wpm":"300","post_calculate_word_method":"str_word_count","show_zoom_button":"0","zoom_button_out_step":"2","zoom_button_in_step":"3","show_post_tag":"1","show_popup_post":"1","number_popup_post":"1","show_author_box":"1","show_post_related":"1","show_inline_post_related":"0"}],"image_override":[{"single_post_thumbnail_size":"crop-500","single_post_gallery_size":"crop-500"}],"trending_post_position":"meta","trending_post_label":"Trending","sponsored_post_label":"Sponsored by","disable_ad":"0"},"jnews_primary_category":[],"jnews_social_meta":[],"jnews_override_counter":{"view_counter_number":"0","share_counter_number":"0","like_counter_number":"0","dislike_counter_number":"0"},"jnews_post_split":{"post_split":[{"template":"1","tag":"h2","numbering":"asc","mode":"normal","first":"0","enable_toc":"0","toc_type":"normal"}]},"footnotes":""},"categories":[3757,73,4223],"tags":[],"class_list":["post-86514","post","type-post","status-publish","format-standard","has-post-thumbnail","hentry","category-ausflugstipp","category-landleute","category-mecklenburg-vorpommern"],"_links":{"self":[{"href":"https:\/\/herzogtum-direkt.de\/index.php\/wp-json\/wp\/v2\/posts\/86514","targetHints":{"allow":["GET"]}}],"collection":[{"href":"https:\/\/herzogtum-direkt.de\/index.php\/wp-json\/wp\/v2\/posts"}],"about":[{"href":"https:\/\/herzogtum-direkt.de\/index.php\/wp-json\/wp\/v2\/types\/post"}],"author":[{"embeddable":true,"href":"https:\/\/herzogtum-direkt.de\/index.php\/wp-json\/wp\/v2\/users\/2"}],"replies":[{"embeddable":true,"href":"https:\/\/herzogtum-direkt.de\/index.php\/wp-json\/wp\/v2\/comments?post=86514"}],"version-history":[{"count":1,"href":"https:\/\/herzogtum-direkt.de\/index.php\/wp-json\/wp\/v2\/posts\/86514\/revisions"}],"predecessor-version":[{"id":86515,"href":"https:\/\/herzogtum-direkt.de\/index.php\/wp-json\/wp\/v2\/posts\/86514\/revisions\/86515"}],"wp:featuredmedia":[{"embeddable":true,"href":"https:\/\/herzogtum-direkt.de\/index.php\/wp-json\/wp\/v2\/media\/63843"}],"wp:attachment":[{"href":"https:\/\/herzogtum-direkt.de\/index.php\/wp-json\/wp\/v2\/media?parent=86514"}],"wp:term":[{"taxonomy":"category","embeddable":true,"href":"https:\/\/herzogtum-direkt.de\/index.php\/wp-json\/wp\/v2\/categories?post=86514"},{"taxonomy":"post_tag","embeddable":true,"href":"https:\/\/herzogtum-direkt.de\/index.php\/wp-json\/wp\/v2\/tags?post=86514"}],"curies":[{"name":"wp","href":"https:\/\/api.w.org\/{rel}","templated":true}]}}