{"id":86511,"date":"2026-09-05T05:15:26","date_gmt":"2026-09-05T04:15:26","guid":{"rendered":"https:\/\/herzogtum-direkt.de\/?p=86511"},"modified":"2026-09-03T12:17:16","modified_gmt":"2026-09-03T11:17:16","slug":"buergersprechstunde-mit-katharina-fiedermann","status":"publish","type":"post","link":"https:\/\/herzogtum-direkt.de\/index.php\/2026\/09\/05\/buergersprechstunde-mit-katharina-fiedermann\/","title":{"rendered":"B\u00fcrgersprechstunde mit Katharina Fiedermann"},"content":{"rendered":"<p><b>M\u00f6lln (pm). <\/b>Die n\u00e4chste B\u00fcrgersprechstunde bietet die B\u00fcrgervorsteherin Katharina Fiedermann am Donnerstag, 10. September 2026\u00a0im Stadthaus Raum 114 an. In der Zeit von\u00a017 Uhr bis 18 Uhr steht die B\u00fcrgervorsteherin f\u00fcr Gespr\u00e4che zur Verf\u00fcgung.<\/p>\n<p>Anmeldungen zum Termin oder nach Vereinbarung, nimmt Merle Mariak gerne unter der Telefonnummer 04542-803154 oder per E-Mail\u00a0<a href=\"mailto:merle.mariak@moelln.de\" target=\"_blank\" rel=\"noopener\">merle.mariak@moelln.de<\/a> entgegen.<\/p>\n","protected":false},"excerpt":{"rendered":"<p>M\u00f6lln (pm). Die n\u00e4chste B\u00fcrgersprechstunde bietet die B\u00fcrgervorsteherin Katharina Fiedermann am Donnerstag, 10. September 2026\u00a0im Stadthaus Raum 114 an. In der Zeit von\u00a017 Uhr bis 18 Uhr steht die B\u00fcrgervorsteherin f\u00fcr Gespr\u00e4che zur Verf\u00fcgung. Anmeldungen zum Termin oder nach Vereinbarung, nimmt Merle Mariak gerne unter der Telefonnummer 04542-803154 oder per E-Mail\u00a0merle.mariak@moelln.de entgegen.<\/p>\n","protected":false},"author":2,"featured_media":64173,"comment_status":"closed","ping_status":"closed","sticky":false,"template":"","format":"standard","meta":{"jnews-multi-image_gallery":[],"jnews_single_post":{"subtitle":"","format":"standard","override":[{"template":"1","parallax":"1","fullscreen":"1","layout":"right-sidebar","sidebar":"default-sidebar","second_sidebar":"default-sidebar","share_position":"top","share_float_style":"share-monocrhome","show_featured":"1","show_post_meta":"1","show_post_author":"1","show_post_author_image":"1","show_post_date":"1","post_date_format":"default","post_date_format_custom":"Y\/m\/d","post_reading_time_wpm":"300","post_calculate_word_method":"str_word_count","show_zoom_button":"0","zoom_button_out_step":"2","zoom_button_in_step":"3","show_post_tag":"1","show_popup_post":"1","number_popup_post":"1","show_author_box":"1","show_post_related":"1","show_inline_post_related":"0"}],"image_override":[{"single_post_thumbnail_size":"crop-500","single_post_gallery_size":"crop-500"}],"trending_post_position":"meta","trending_post_label":"Trending","sponsored_post_label":"Sponsored by","disable_ad":"0"},"jnews_primary_category":[],"jnews_social_meta":[],"jnews_override_counter":{"view_counter_number":"0","share_counter_number":"0","like_counter_number":"0","dislike_counter_number":"0"},"jnews_post_split":{"post_split":[{"template":"1","tag":"h2","numbering":"asc","mode":"normal","first":"0","enable_toc":"0","toc_type":"normal"}]},"footnotes":""},"categories":[73,66],"tags":[1873,3736],"class_list":["post-86511","post","type-post","status-publish","format-standard","has-post-thumbnail","hentry","category-landleute","category-moelln","tag-buergersprechstunde","tag-buergervorsteherin"],"_links":{"self":[{"href":"https:\/\/herzogtum-direkt.de\/index.php\/wp-json\/wp\/v2\/posts\/86511","targetHints":{"allow":["GET"]}}],"collection":[{"href":"https:\/\/herzogtum-direkt.de\/index.php\/wp-json\/wp\/v2\/posts"}],"about":[{"href":"https:\/\/herzogtum-direkt.de\/index.php\/wp-json\/wp\/v2\/types\/post"}],"author":[{"embeddable":true,"href":"https:\/\/herzogtum-direkt.de\/index.php\/wp-json\/wp\/v2\/users\/2"}],"replies":[{"embeddable":true,"href":"https:\/\/herzogtum-direkt.de\/index.php\/wp-json\/wp\/v2\/comments?post=86511"}],"version-history":[{"count":1,"href":"https:\/\/herzogtum-direkt.de\/index.php\/wp-json\/wp\/v2\/posts\/86511\/revisions"}],"predecessor-version":[{"id":86512,"href":"https:\/\/herzogtum-direkt.de\/index.php\/wp-json\/wp\/v2\/posts\/86511\/revisions\/86512"}],"wp:featuredmedia":[{"embeddable":true,"href":"https:\/\/herzogtum-direkt.de\/index.php\/wp-json\/wp\/v2\/media\/64173"}],"wp:attachment":[{"href":"https:\/\/herzogtum-direkt.de\/index.php\/wp-json\/wp\/v2\/media?parent=86511"}],"wp:term":[{"taxonomy":"category","embeddable":true,"href":"https:\/\/herzogtum-direkt.de\/index.php\/wp-json\/wp\/v2\/categories?post=86511"},{"taxonomy":"post_tag","embeddable":true,"href":"https:\/\/herzogtum-direkt.de\/index.php\/wp-json\/wp\/v2\/tags?post=86511"}],"curies":[{"name":"wp","href":"https:\/\/api.w.org\/{rel}","templated":true}]}}