{"id":86509,"date":"2026-09-06T05:09:01","date_gmt":"2026-09-06T04:09:01","guid":{"rendered":"https:\/\/herzogtum-direkt.de\/?p=86509"},"modified":"2026-09-03T12:11:33","modified_gmt":"2026-09-03T11:11:33","slug":"waldspaziergang-in-farchau","status":"publish","type":"post","link":"https:\/\/herzogtum-direkt.de\/index.php\/2026\/09\/06\/waldspaziergang-in-farchau\/","title":{"rendered":"Waldspaziergang in Farchau"},"content":{"rendered":"<p><span style=\"color: #333333;\"><span style=\"font-size: large;\"><b>Ratzeburg\/Farchau (pm). <\/b>Jeder Wald hat seine Geschichte. In Baumlebenszeit gemessen, ver\u00e4ndern sich W\u00e4lder st\u00e4ndig, f\u00fcr uns Menschen dagegen nur sehr langsam. Am Donnerstag, 10. September 2026 um 17 Uhr laden die Kreisforsten zu einem Waldspaziergang in das Waldgebiet oberhalb des Ratzeburger K\u00fcchensees ein.<\/span><\/span><\/p>\n<p><span style=\"color: #333333;\"><span style=\"font-size: large;\">Bei der F\u00fchrung m\u00f6chten wird gezeigt wie die nat\u00fcrliche Entwicklung der W\u00e4lder und die Arbeit der Kreisforsten zusammenspielen: Wie k\u00f6nnen Baumarten gef\u00f6rdert werden, um die W\u00e4lder vielf\u00e4ltig und widerstandsf\u00e4hig zu halten? Warum finden Waldpflege und Holzernte bereits ab September statt? Wie integrieren und ber\u00fccksichtigen die Kreisforsten den Naturschutz? Andreas M\u00fcller aus dem Forstrevier Farchau und Annekatrin Kohn von den Kreisforsten beantworten viele Fragen auf einem 1,5 -st\u00fcndigem Rundweg und auch abseits der Wege.<\/span><\/span><\/p>\n<p><span style=\"color: #333333;\"><span style=\"font-size: large;\">Ab September werden die besonderen Laubmischw\u00e4lder \u00f6kologisch sensibel bewirtschaftet, um der n\u00e4chsten Waldgeneration Raum zu geben. Im Fr\u00fchjahr wird eine Folgeveranstaltung angeboten, um zu schauen, wie sich der Wald ver\u00e4ndert hat. Der Termin wird rechtzeitig angek\u00fcndigt.<\/span><\/span><\/p>\n<p><span style=\"color: #333333;\"><span style=\"font-size: large;\">Festes Schuhwerk und witterungsangepasste Kleidung, sowie einen ausreichenden Insektenschutz sind empfehlenswert. Die Teilnahme erfolgt auf eigene Gefahr.<\/span><\/span><\/p>\n<p><span style=\"color: #333333;\"><span style=\"font-size: large;\">Eine Anmeldung ist nicht erforderlich. Der Treffpunkt ist der Parkplatz an der Farchauer Liegewiese i Ratzeburg. Google-Standort: <a href=\"https:\/\/maps.app.goo.gl\/22VkTAxckCS62KJRA\" target=\"_blank\" rel=\"noopener\">https:\/\/maps.app.goo.gl\/22VkTAxckCS62KJRA<\/a><\/span><\/span><\/p>\n","protected":false},"excerpt":{"rendered":"<p>Ratzeburg\/Farchau (pm). Jeder Wald hat seine Geschichte. In Baumlebenszeit gemessen, ver\u00e4ndern sich W\u00e4lder st\u00e4ndig, f\u00fcr uns Menschen dagegen nur sehr langsam. Am Donnerstag, 10. September 2026 um 17 Uhr laden die Kreisforsten zu einem Waldspaziergang in das Waldgebiet oberhalb des Ratzeburger K\u00fcchensees ein. Bei der F\u00fchrung m\u00f6chten wird gezeigt wie die nat\u00fcrliche Entwicklung der W\u00e4lder [&hellip;]<\/p>\n","protected":false},"author":2,"featured_media":86283,"comment_status":"closed","ping_status":"closed","sticky":false,"template":"","format":"standard","meta":{"jnews-multi-image_gallery":[],"jnews_single_post":{"format":"standard","override":[{"template":"1","parallax":"1","fullscreen":"1","layout":"right-sidebar","sidebar":"default-sidebar","second_sidebar":"default-sidebar","share_position":"top","share_float_style":"share-monocrhome","show_featured":"1","show_post_meta":"1","show_post_author":"1","show_post_author_image":"1","show_post_date":"1","post_date_format":"default","post_date_format_custom":"Y\/m\/d","post_reading_time_wpm":"300","post_calculate_word_method":"str_word_count","show_zoom_button":"0","zoom_button_out_step":"2","zoom_button_in_step":"3","show_post_tag":"1","show_popup_post":"1","number_popup_post":"1","show_author_box":"1","show_post_related":"1","show_inline_post_related":"0"}],"image_override":[{"single_post_thumbnail_size":"crop-500","single_post_gallery_size":"crop-500"}],"trending_post_position":"meta","trending_post_label":"Trending","sponsored_post_label":"Sponsored by","disable_ad":"0","subtitle":"Davor und danach \u2013 ein Blick hinter die Waldkulisse"},"jnews_primary_category":[],"jnews_social_meta":[],"jnews_override_counter":{"view_counter_number":"0","share_counter_number":"0","like_counter_number":"0","dislike_counter_number":"0"},"jnews_post_split":{"post_split":[{"template":"1","tag":"h2","numbering":"asc","mode":"normal","first":"0","enable_toc":"0","toc_type":"normal"}]},"footnotes":""},"categories":[3757,63,64,2,1237],"tags":[2670,2863,1898],"class_list":["post-86509","post","type-post","status-publish","format-standard","has-post-thumbnail","hentry","category-ausflugstipp","category-herzogtum-lauenburg","category-ratzeburg","category-startseite","category-umweltnatur","tag-farchau","tag-kreisforsten","tag-wald"],"_links":{"self":[{"href":"https:\/\/herzogtum-direkt.de\/index.php\/wp-json\/wp\/v2\/posts\/86509","targetHints":{"allow":["GET"]}}],"collection":[{"href":"https:\/\/herzogtum-direkt.de\/index.php\/wp-json\/wp\/v2\/posts"}],"about":[{"href":"https:\/\/herzogtum-direkt.de\/index.php\/wp-json\/wp\/v2\/types\/post"}],"author":[{"embeddable":true,"href":"https:\/\/herzogtum-direkt.de\/index.php\/wp-json\/wp\/v2\/users\/2"}],"replies":[{"embeddable":true,"href":"https:\/\/herzogtum-direkt.de\/index.php\/wp-json\/wp\/v2\/comments?post=86509"}],"version-history":[{"count":1,"href":"https:\/\/herzogtum-direkt.de\/index.php\/wp-json\/wp\/v2\/posts\/86509\/revisions"}],"predecessor-version":[{"id":86510,"href":"https:\/\/herzogtum-direkt.de\/index.php\/wp-json\/wp\/v2\/posts\/86509\/revisions\/86510"}],"wp:featuredmedia":[{"embeddable":true,"href":"https:\/\/herzogtum-direkt.de\/index.php\/wp-json\/wp\/v2\/media\/86283"}],"wp:attachment":[{"href":"https:\/\/herzogtum-direkt.de\/index.php\/wp-json\/wp\/v2\/media?parent=86509"}],"wp:term":[{"taxonomy":"category","embeddable":true,"href":"https:\/\/herzogtum-direkt.de\/index.php\/wp-json\/wp\/v2\/categories?post=86509"},{"taxonomy":"post_tag","embeddable":true,"href":"https:\/\/herzogtum-direkt.de\/index.php\/wp-json\/wp\/v2\/tags?post=86509"}],"curies":[{"name":"wp","href":"https:\/\/api.w.org\/{rel}","templated":true}]}}