{"id":86498,"date":"2026-09-06T05:32:02","date_gmt":"2026-09-06T04:32:02","guid":{"rendered":"https:\/\/herzogtum-direkt.de\/?p=86498"},"modified":"2026-09-03T11:34:28","modified_gmt":"2026-09-03T10:34:28","slug":"dokumentation-und-es-war-sommer-dieter-thomas-kuhn-und-band","status":"publish","type":"post","link":"https:\/\/herzogtum-direkt.de\/index.php\/2026\/09\/06\/dokumentation-und-es-war-sommer-dieter-thomas-kuhn-und-band\/","title":{"rendered":"Dokumentation: \u201aUnd es war Sommer &#8211; Dieter Thomas Kuhn und Band\u2018"},"content":{"rendered":"<p><span style=\"color: #333333;\"><span style=\"font-size: large;\"><b>Ratzeburg (pm). <\/b>Im Filmclub des Burgtheater Ratzeburg wird am Dienstag, 8. September die Dokumentation \u201eUnd es war Sommer &#8211; Dieter Thomas Kuhn &amp; Band\u201c gezeigt, eine warmherzige, komische und zugleich ber\u00fchrende Dokumentation \u00fcber Musik, Freundschaft und die Kunst, das Leben leicht zu nehmen \u2013 auch wenn es schwer wird. Der Beginn der Vorf\u00fchrung ist um 18.30 Uhr. <\/span><\/span><\/p>\n<p><span style=\"color: #333333;\"><span style=\"font-size: large;\">Was in den 90er-Jahren als ironisches Schlagerprojekt unter T\u00fcbinger Freunden begann, entwickelte sich \u00fcber Jahrzehnte zu einem generations\u00fcbergreifenden Kultph\u00e4nomen: Dieter Thomas Kuhn &amp; Band. Im Sommer 2024 begleitet der Film die achtk\u00f6pfige Band auf ihrer gro\u00dfen Open-Air-Tour quer durch Deutschland \u2013 vor Tausenden Fans mit Sonnenblumen, Glitzer und aufgeklebten Brusthaartoupets. Mit unver\u00f6ffentlichtem Archivmaterial, intensiven Live-Aufnahmen und intimen Backstage-Momenten erz\u00e4hlt die Doku die Geschichte einer Band zwischen Euphorie, Ersch\u00f6pfung und jahrzehntelanger Freundschaft. Der Film blickt zur\u00fcck auf die ersten kleinen Auftritte Anfang der 90er, den unerwarteten Erfolg und ein Leben im Ausnahmezustand zwischen Tourbus, Konfetti und Schlagermedleys \u2026 Weitere Infos unter <a href=\"http:\/\/www.filmclub-ratzeburg.de\/\" target=\"_blank\" rel=\"noopener\">www.filmclub-ratzeburg.de<\/a> <\/span><\/span><\/p>\n","protected":false},"excerpt":{"rendered":"<p>Ratzeburg (pm). Im Filmclub des Burgtheater Ratzeburg wird am Dienstag, 8. September die Dokumentation \u201eUnd es war Sommer &#8211; Dieter Thomas Kuhn &amp; Band\u201c gezeigt, eine warmherzige, komische und zugleich ber\u00fchrende Dokumentation \u00fcber Musik, Freundschaft und die Kunst, das Leben leicht zu nehmen \u2013 auch wenn es schwer wird. Der Beginn der Vorf\u00fchrung ist um [&hellip;]<\/p>\n","protected":false},"author":2,"featured_media":86499,"comment_status":"closed","ping_status":"closed","sticky":false,"template":"","format":"standard","meta":{"jnews-multi-image_gallery":[],"jnews_single_post":{"subtitle":"","format":"standard","override":[{"template":"1","parallax":"1","fullscreen":"1","layout":"right-sidebar","sidebar":"default-sidebar","second_sidebar":"default-sidebar","share_position":"top","share_float_style":"share-monocrhome","show_featured":"1","show_post_meta":"1","show_post_author":"1","show_post_author_image":"1","show_post_date":"1","post_date_format":"default","post_date_format_custom":"Y\/m\/d","post_reading_time_wpm":"300","post_calculate_word_method":"str_word_count","show_zoom_button":"0","zoom_button_out_step":"2","zoom_button_in_step":"3","show_post_tag":"1","show_popup_post":"1","number_popup_post":"1","show_author_box":"1","show_post_related":"1","show_inline_post_related":"0"}],"image_override":[{"single_post_thumbnail_size":"crop-500","single_post_gallery_size":"crop-500"}],"trending_post_position":"meta","trending_post_label":"Trending","sponsored_post_label":"Sponsored by","disable_ad":"0"},"jnews_primary_category":[],"jnews_social_meta":[],"jnews_override_counter":{"view_counter_number":"0","share_counter_number":"0","like_counter_number":"0","dislike_counter_number":"0"},"jnews_post_split":{"post_split":[{"template":"1","tag":"h2","numbering":"asc","mode":"normal","first":"0","enable_toc":"0","toc_type":"normal"}]},"footnotes":""},"categories":[63,70,64],"tags":[143,233,234],"class_list":["post-86498","post","type-post","status-publish","format-standard","has-post-thumbnail","hentry","category-herzogtum-lauenburg","category-kultur","category-ratzeburg","tag-doku-dienstag","tag-filmclub-burgtheater-ratzeburg","tag-kino"],"_links":{"self":[{"href":"https:\/\/herzogtum-direkt.de\/index.php\/wp-json\/wp\/v2\/posts\/86498","targetHints":{"allow":["GET"]}}],"collection":[{"href":"https:\/\/herzogtum-direkt.de\/index.php\/wp-json\/wp\/v2\/posts"}],"about":[{"href":"https:\/\/herzogtum-direkt.de\/index.php\/wp-json\/wp\/v2\/types\/post"}],"author":[{"embeddable":true,"href":"https:\/\/herzogtum-direkt.de\/index.php\/wp-json\/wp\/v2\/users\/2"}],"replies":[{"embeddable":true,"href":"https:\/\/herzogtum-direkt.de\/index.php\/wp-json\/wp\/v2\/comments?post=86498"}],"version-history":[{"count":1,"href":"https:\/\/herzogtum-direkt.de\/index.php\/wp-json\/wp\/v2\/posts\/86498\/revisions"}],"predecessor-version":[{"id":86500,"href":"https:\/\/herzogtum-direkt.de\/index.php\/wp-json\/wp\/v2\/posts\/86498\/revisions\/86500"}],"wp:featuredmedia":[{"embeddable":true,"href":"https:\/\/herzogtum-direkt.de\/index.php\/wp-json\/wp\/v2\/media\/86499"}],"wp:attachment":[{"href":"https:\/\/herzogtum-direkt.de\/index.php\/wp-json\/wp\/v2\/media?parent=86498"}],"wp:term":[{"taxonomy":"category","embeddable":true,"href":"https:\/\/herzogtum-direkt.de\/index.php\/wp-json\/wp\/v2\/categories?post=86498"},{"taxonomy":"post_tag","embeddable":true,"href":"https:\/\/herzogtum-direkt.de\/index.php\/wp-json\/wp\/v2\/tags?post=86498"}],"curies":[{"name":"wp","href":"https:\/\/api.w.org\/{rel}","templated":true}]}}