{"id":86494,"date":"2026-09-06T05:25:01","date_gmt":"2026-09-06T04:25:01","guid":{"rendered":"https:\/\/herzogtum-direkt.de\/?p=86494"},"modified":"2026-09-03T11:28:06","modified_gmt":"2026-09-03T10:28:06","slug":"geschichte-im-laternenschein-mit-dem-ratzeburger-nachtwaechter-unterwegs","status":"publish","type":"post","link":"https:\/\/herzogtum-direkt.de\/index.php\/2026\/09\/06\/geschichte-im-laternenschein-mit-dem-ratzeburger-nachtwaechter-unterwegs\/","title":{"rendered":"Geschichte im Laternenschein: Mit dem Ratzeburger Nachtw\u00e4chter unterwegs"},"content":{"rendered":"<p align=\"justify\"><span style=\"font-size: 12pt;\"><strong>Ratzeburg (pm).\u00a0<\/strong><span style=\"font-family: Calibri, sans-serif;\">Wenn die D\u00e4mmerung \u00fcber der Inselstadt hereinbricht und die historischen Gassen langsam im Schein der Laternen liegen, beginnt eine Reise in vergangene Jahrhunderte: Am Freitag, 18. September 2026, l\u00e4dt der Ratzeburger Nachtw\u00e4chter um 18.30 Uhr zu einem stimmungsvollen Rundgang durch die historische Altstadt ein.<\/span><\/span><\/p>\n<p align=\"justify\"><span style=\"font-family: 'Times New Roman', serif; font-size: 12pt;\"><span style=\"color: #000000;\"><span style=\"font-family: Calibri, sans-serif;\">Ausgestattet mit Horn, Hellebarde und Laterne f\u00fchrt der Nachtw\u00e4chter seine G\u00e4ste durch die abendlichen Gassen Ratzeburgs. Unterwegs erz\u00e4hlt er Wissenswertes, Kurioses und Spannendes aus der Stadtgeschichte und gibt Einblicke in das Leben vergangener Zeiten. Dabei erfahren die Teilnehmenden, welche Aufgaben der Nachtw\u00e4chter nach Einbruch der Dunkelheit \u00fcbernahm und wie sich das Leben in Ratzeburg zu sp\u00e4ter Stunde gestaltete. Historische Geschichten und die besondere Atmosph\u00e4re der abendlichen Altstadt machen die F\u00fchrung zu einem unterhaltsamen Stadterlebnis.<\/span><\/span><\/span><\/p>\n<ul>\n<li style=\"list-style-type: none;\">\n<ul>\n<li>\n<p align=\"justify\"><span style=\"font-family: 'Times New Roman', serif; font-size: 12pt;\"><span style=\"color: #000000;\"><span style=\"font-family: Calibri, sans-serif;\">Start und Dauer: Freitag, 18. September, 18.30 Uhr (Dauer ca. 1,5 Stunden)<\/span><\/span><\/span><\/p>\n<\/li>\n<li>\n<p align=\"justify\"><span style=\"font-family: 'Times New Roman', serif; font-size: 12pt;\"><span style=\"color: #000000;\"><span style=\"font-family: Calibri, sans-serif;\">Treffpunkt: bei der alten Wache am Marktplatz <\/span><\/span><\/span><\/p>\n<\/li>\n<li>\n<p align=\"justify\"><span style=\"font-family: 'Times New Roman', serif; font-size: 12pt;\"><span style=\"color: #000000;\"><span style=\"font-family: Calibri, sans-serif;\">Preis: 8,- Euro \/ Person, Kinder bis einschl. 14 Jahren sind kostenfrei<\/span><\/span><\/span><\/p>\n<\/li>\n<li>\n<p align=\"justify\"><span style=\"font-family: 'Times New Roman', serif; font-size: 12pt;\"><span style=\"color: #000000;\"><span style=\"font-family: Calibri, sans-serif;\">Keine Anmeldung erforderlich, den Preis f\u00fcr die F\u00fchrung zahlen Sie bar vor Ort <\/span><\/span><\/span><\/p>\n<\/li>\n<li>\n<p align=\"justify\"><span style=\"font-family: Calibri, sans-serif; font-size: 12pt;\">Witterungsbedingte Absagen bleiben vorbehalten.<\/span><\/p>\n<\/li>\n<\/ul>\n<\/li>\n<\/ul>\n<p class=\"western\" align=\"justify\"><span style=\"font-family: 'Times New Roman', serif; font-size: 12pt;\"><span style=\"color: #000000;\"><span style=\"font-family: Calibri, sans-serif;\">Weitere \u00f6ffentliche Nachtw\u00e4chterf\u00fchrungen werden bis Oktober jeweils einmal monatlich angeboten. <\/span><\/span><span style=\"color: #000000;\"><span style=\"font-family: Calibri, sans-serif;\"><i><u>Tipp:<\/u><\/i><\/span><\/span><i> <\/i><span style=\"color: #000000;\"><span style=\"font-family: Calibri, sans-serif;\">Die F\u00fchrung ist auch individuell f\u00fcr Gruppen zu Wunschterminen buchbar.<\/span><\/span><\/span><\/p>\n<p class=\"western\" align=\"justify\"><span style=\"font-family: 'Times New Roman', serif; font-size: 12pt;\"><span style=\"color: #000000;\"><span style=\"font-family: Calibri, sans-serif;\">Mehr Informationen erhalten Interessierte bei der Tourist-Information Ratzeburg unter <a href=\"mailto:tourist-info@ratzeburg.de\" target=\"_blank\" rel=\"noopener\">tourist-info@ratzeburg.de<\/a> oder Tel. 04541 8000-886 sowie auf der <\/span><\/span><span style=\"color: #0000ff;\"><u><a href=\"https:\/\/www.ratzeburg-tourismus.de\/\" target=\"_blank\" rel=\"noopener\"><span style=\"font-family: Calibri, sans-serif;\">Website<\/span><\/a><\/u><\/span><span style=\"color: #000000;\"><span style=\"font-family: Calibri, sans-serif;\">.<\/span><\/span><\/span><\/p>\n","protected":false},"excerpt":{"rendered":"<p>Ratzeburg (pm).\u00a0Wenn die D\u00e4mmerung \u00fcber der Inselstadt hereinbricht und die historischen Gassen langsam im Schein der Laternen liegen, beginnt eine Reise in vergangene Jahrhunderte: Am Freitag, 18. September 2026, l\u00e4dt der Ratzeburger Nachtw\u00e4chter um 18.30 Uhr zu einem stimmungsvollen Rundgang durch die historische Altstadt ein. Ausgestattet mit Horn, Hellebarde und Laterne f\u00fchrt der Nachtw\u00e4chter seine [&hellip;]<\/p>\n","protected":false},"author":2,"featured_media":85448,"comment_status":"closed","ping_status":"closed","sticky":false,"template":"","format":"standard","meta":{"jnews-multi-image_gallery":[],"jnews_single_post":{"subtitle":"","format":"standard","override":[{"template":"1","parallax":"1","fullscreen":"1","layout":"right-sidebar","sidebar":"default-sidebar","second_sidebar":"default-sidebar","share_position":"top","share_float_style":"share-monocrhome","show_featured":"1","show_post_meta":"1","show_post_author":"1","show_post_author_image":"1","show_post_date":"1","post_date_format":"default","post_date_format_custom":"Y\/m\/d","post_reading_time_wpm":"300","post_calculate_word_method":"str_word_count","show_zoom_button":"0","zoom_button_out_step":"2","zoom_button_in_step":"3","show_post_tag":"1","show_popup_post":"1","number_popup_post":"1","show_author_box":"1","show_post_related":"1","show_inline_post_related":"0"}],"image_override":[{"single_post_thumbnail_size":"crop-500","single_post_gallery_size":"crop-500"}],"trending_post_position":"meta","trending_post_label":"Trending","sponsored_post_label":"Sponsored by","disable_ad":"0"},"jnews_primary_category":[],"jnews_social_meta":[],"jnews_override_counter":{"view_counter_number":"0","share_counter_number":"0","like_counter_number":"0","dislike_counter_number":"0"},"jnews_post_split":{"post_split":[{"template":"1","tag":"h2","numbering":"asc","mode":"normal","first":"0","enable_toc":"0","toc_type":"normal"}]},"footnotes":""},"categories":[63,64,4128],"tags":[4132,380,703],"class_list":["post-86494","post","type-post","status-publish","format-standard","has-post-thumbnail","hentry","category-herzogtum-lauenburg","category-ratzeburg","category-regionalgeschichte","tag-nachtwaechter","tag-stadtfuehrung","tag-tourismus"],"_links":{"self":[{"href":"https:\/\/herzogtum-direkt.de\/index.php\/wp-json\/wp\/v2\/posts\/86494","targetHints":{"allow":["GET"]}}],"collection":[{"href":"https:\/\/herzogtum-direkt.de\/index.php\/wp-json\/wp\/v2\/posts"}],"about":[{"href":"https:\/\/herzogtum-direkt.de\/index.php\/wp-json\/wp\/v2\/types\/post"}],"author":[{"embeddable":true,"href":"https:\/\/herzogtum-direkt.de\/index.php\/wp-json\/wp\/v2\/users\/2"}],"replies":[{"embeddable":true,"href":"https:\/\/herzogtum-direkt.de\/index.php\/wp-json\/wp\/v2\/comments?post=86494"}],"version-history":[{"count":1,"href":"https:\/\/herzogtum-direkt.de\/index.php\/wp-json\/wp\/v2\/posts\/86494\/revisions"}],"predecessor-version":[{"id":86496,"href":"https:\/\/herzogtum-direkt.de\/index.php\/wp-json\/wp\/v2\/posts\/86494\/revisions\/86496"}],"wp:featuredmedia":[{"embeddable":true,"href":"https:\/\/herzogtum-direkt.de\/index.php\/wp-json\/wp\/v2\/media\/85448"}],"wp:attachment":[{"href":"https:\/\/herzogtum-direkt.de\/index.php\/wp-json\/wp\/v2\/media?parent=86494"}],"wp:term":[{"taxonomy":"category","embeddable":true,"href":"https:\/\/herzogtum-direkt.de\/index.php\/wp-json\/wp\/v2\/categories?post=86494"},{"taxonomy":"post_tag","embeddable":true,"href":"https:\/\/herzogtum-direkt.de\/index.php\/wp-json\/wp\/v2\/tags?post=86494"}],"curies":[{"name":"wp","href":"https:\/\/api.w.org\/{rel}","templated":true}]}}