{"id":86483,"date":"2026-09-05T05:18:10","date_gmt":"2026-09-05T04:18:10","guid":{"rendered":"https:\/\/herzogtum-direkt.de\/?p=86483"},"modified":"2026-09-03T09:22:05","modified_gmt":"2026-09-03T08:22:05","slug":"gruener-fraktionsvorsitzender-lasse-petersdotter-besucht-den-kreis","status":"publish","type":"post","link":"https:\/\/herzogtum-direkt.de\/index.php\/2026\/09\/05\/gruener-fraktionsvorsitzender-lasse-petersdotter-besucht-den-kreis\/","title":{"rendered":"Gr\u00fcner Fraktionsvorsitzender Lasse Petersdotter besucht den Kreis"},"content":{"rendered":"<p><span style=\"color: #333333;\"><span style=\"font-size: large;\"><b>Salem (pm). <\/b>Wie geht es unserem Wald nach diesem Hitzesommer? Dazu l\u00e4dt der Landtagsabgeordnete Oliver Brandt von B\u00fcndnis 90\/Die Gr\u00fcnen am Freitag, 11. September, um 16.30 Uhr zu einem Waldspaziergang im Revier Farchau mit den Kreisforsten ein. Der Fraktionsvorsitzende der Gr\u00fcnen Landtagsfraktion, Lasse Petersdotter, wird ihn dabei begleiten.<\/span><\/span><\/p>\n<p><span style=\"color: #333333;\"><span style=\"font-size: large;\">Das Herzogtum Lauenburg ist der waldreichste Kreis im n\u00f6rdlichsten Bundesland. Wie dieses besondere \u00d6kosystem mit den klimatischen Ver\u00e4nderungen zurechtkommt und wie eine nachhaltige Bewirtschaftung aussieht, k\u00f6nnen alle Naturinteressierten erfahren. Treffpunkt f\u00fcr die rund zweist\u00fcndige Erkundung ist der Wanderparkplatz Dorotheenhofer Weg der Gemeinde Salem.<\/span><\/span><\/p>\n<p><span style=\"color: #333333;\"><span style=\"font-size: large;\">Anschlie\u00dfend laden die beiden Landtagsabgeordneten gemeinsam mit dem Ortsverband M\u00f6lln von B\u00fcndnis 90\/Die Gr\u00fcnen zu einem Diskussionsabend ein. Dabei geht es um das Thema: \u201eHitzewelle, Klimastress! Was tut Schleswig-Holstein?&#8220;. Die Veranstaltung findet im Kulturzentrum Courage, Seestra\u00dfe 1B in M\u00f6lln statt. Beginn ist um 19 Uhr.<\/span><\/span><\/p>\n","protected":false},"excerpt":{"rendered":"<p>Salem (pm). Wie geht es unserem Wald nach diesem Hitzesommer? Dazu l\u00e4dt der Landtagsabgeordnete Oliver Brandt von B\u00fcndnis 90\/Die Gr\u00fcnen am Freitag, 11. September, um 16.30 Uhr zu einem Waldspaziergang im Revier Farchau mit den Kreisforsten ein. Der Fraktionsvorsitzende der Gr\u00fcnen Landtagsfraktion, Lasse Petersdotter, wird ihn dabei begleiten. Das Herzogtum Lauenburg ist der waldreichste Kreis [&hellip;]<\/p>\n","protected":false},"author":2,"featured_media":86091,"comment_status":"closed","ping_status":"closed","sticky":false,"template":"","format":"standard","meta":{"jnews-multi-image_gallery":[],"jnews_single_post":{"format":"standard","override":[{"template":"1","parallax":"1","fullscreen":"1","layout":"right-sidebar","sidebar":"default-sidebar","second_sidebar":"default-sidebar","share_position":"top","share_float_style":"share-monocrhome","show_featured":"1","show_post_meta":"1","show_post_author":"1","show_post_author_image":"1","show_post_date":"1","post_date_format":"default","post_date_format_custom":"Y\/m\/d","post_reading_time_wpm":"300","post_calculate_word_method":"str_word_count","show_zoom_button":"0","zoom_button_out_step":"2","zoom_button_in_step":"3","show_post_tag":"1","show_popup_post":"1","number_popup_post":"1","show_author_box":"1","show_post_related":"1","show_inline_post_related":"0"}],"image_override":[{"single_post_thumbnail_size":"crop-500","single_post_gallery_size":"crop-500"}],"trending_post_position":"meta","trending_post_label":"Trending","sponsored_post_label":"Sponsored by","disable_ad":"0","subtitle":"\u00d6ffentlicher Waldspaziergang und Diskussionsabend mit den Landtagsabgeordneten Oliver Brandt und Lasse Petersdotter"},"jnews_primary_category":[],"jnews_social_meta":[],"jnews_override_counter":{"view_counter_number":"0","share_counter_number":"0","like_counter_number":"0","dislike_counter_number":"0"},"jnews_post_split":{"post_split":[{"template":"1","tag":"h2","numbering":"asc","mode":"normal","first":"0","enable_toc":"0","toc_type":"normal"}]},"footnotes":""},"categories":[69,3757,63,1237],"tags":[144,3236,730,1898],"class_list":["post-86483","post","type-post","status-publish","format-standard","has-post-thumbnail","hentry","category-amt-lauenburgische-seen","category-ausflugstipp","category-herzogtum-lauenburg","category-umweltnatur","tag-buendnis-90-die-gruene","tag-fuehrung","tag-salem","tag-wald"],"_links":{"self":[{"href":"https:\/\/herzogtum-direkt.de\/index.php\/wp-json\/wp\/v2\/posts\/86483","targetHints":{"allow":["GET"]}}],"collection":[{"href":"https:\/\/herzogtum-direkt.de\/index.php\/wp-json\/wp\/v2\/posts"}],"about":[{"href":"https:\/\/herzogtum-direkt.de\/index.php\/wp-json\/wp\/v2\/types\/post"}],"author":[{"embeddable":true,"href":"https:\/\/herzogtum-direkt.de\/index.php\/wp-json\/wp\/v2\/users\/2"}],"replies":[{"embeddable":true,"href":"https:\/\/herzogtum-direkt.de\/index.php\/wp-json\/wp\/v2\/comments?post=86483"}],"version-history":[{"count":1,"href":"https:\/\/herzogtum-direkt.de\/index.php\/wp-json\/wp\/v2\/posts\/86483\/revisions"}],"predecessor-version":[{"id":86484,"href":"https:\/\/herzogtum-direkt.de\/index.php\/wp-json\/wp\/v2\/posts\/86483\/revisions\/86484"}],"wp:featuredmedia":[{"embeddable":true,"href":"https:\/\/herzogtum-direkt.de\/index.php\/wp-json\/wp\/v2\/media\/86091"}],"wp:attachment":[{"href":"https:\/\/herzogtum-direkt.de\/index.php\/wp-json\/wp\/v2\/media?parent=86483"}],"wp:term":[{"taxonomy":"category","embeddable":true,"href":"https:\/\/herzogtum-direkt.de\/index.php\/wp-json\/wp\/v2\/categories?post=86483"},{"taxonomy":"post_tag","embeddable":true,"href":"https:\/\/herzogtum-direkt.de\/index.php\/wp-json\/wp\/v2\/tags?post=86483"}],"curies":[{"name":"wp","href":"https:\/\/api.w.org\/{rel}","templated":true}]}}