{"id":86471,"date":"2026-09-03T09:03:29","date_gmt":"2026-09-03T08:03:29","guid":{"rendered":"https:\/\/herzogtum-direkt.de\/?p=86471"},"modified":"2026-09-03T09:03:29","modified_gmt":"2026-09-03T08:03:29","slug":"baum-als-lebensraum-von-baumhoehlen-und-anderen-entdeckungen-im-billetal","status":"publish","type":"post","link":"https:\/\/herzogtum-direkt.de\/index.php\/2026\/09\/03\/baum-als-lebensraum-von-baumhoehlen-und-anderen-entdeckungen-im-billetal\/","title":{"rendered":"Baum als Lebensraum &#8211; Von Baumh\u00f6hlen und anderen Entdeckungen im Billetal"},"content":{"rendered":"<p><span style=\"color: #333333;\"><span style=\"font-size: large;\"><b>Aum\u00fchle (pm).<\/b> Interessierte Erwachsene und Familien mit Kindern ab 8 Jahren k\u00f6nnen am Montag, 7. September 2026 um 17 Uhr an einer Rangerf\u00fchrung im Naturschutzgebiet Billetal teilnehmen. Der Treffpunkt ist die Staubr\u00fccke am M\u00fchlenteich in Aum\u00fchle.<\/span><\/span><\/p>\n<p><span style=\"color: #333333;\"><span style=\"font-size: large;\">B\u00e4ume sind Leben und Lebensraum in einem. Wunden an B\u00e4umen k\u00f6nnen beispielsweise Unterschlupf, Mikroklima und Nahrung f\u00fcr eine Vielzahl von Lebewesen bieten. Diese Ranger-F\u00fchrung im Naturschutzgebiet Billetal l\u00e4dt dazu ein, gemeinsam auf Entdeckungstour zu gehen und die Vielfalt dessen Bewohner zu sehen, zu h\u00f6ren, zu riechen und zu f\u00fchlen. Warum das Billetal besonders viele Baum- und Totholz-Lebensr\u00e4ume aufweist und was wir tun k\u00f6nnen, um diese zu sch\u00fctzen, erz\u00e4hlt eine Rangerin oder ein Ranger.<\/span><\/span><\/p>\n<p><span style=\"color: #333333;\"><span style=\"font-size: large;\">Mitzubringen sind festes Schuhwerk, wetterfeste Kleidung und, falls vorhanden, Fernglas und Lupe. Die Veranstaltung ist kostenlos. Eine Anmeldung ist nicht erforderlich. Hunde bitte nur nach vorheriger Absprache (per E-Mail) mitbringen.<\/span><\/span><\/p>\n<p><span style=\"color: #333333;\"><span style=\"font-size: large;\">Die Wegstrecke kann nur von trittsicheren Personen begangen werden und ist nicht geeignet f\u00fcr Rollstuhl, Rollator oder Kinderwagen. Ein kostenloser P+R und ein Pendlerparkplatz sind fu\u00dfl\u00e4ufig erreichbar.<\/span><\/span><\/p>\n<p><span style=\"color: #333333;\"><span style=\"font-size: large;\">Die Inhalte der Veranstaltung sind nur bedingt zug\u00e4nglich f\u00fcr sehbehinderte Menschen, schwerh\u00f6rige oder geh\u00f6rlose Menschen. Fragen hierzu richten sich an die E-Mail-Adresse <a href=\"mailto:rangerteam-ahrensburg@lfu.landsh.de\">rangerteam-ahrensburg@lfu.landsh.de<\/a>. <\/span><\/span><\/p>\n","protected":false},"excerpt":{"rendered":"<p>Aum\u00fchle (pm). Interessierte Erwachsene und Familien mit Kindern ab 8 Jahren k\u00f6nnen am Montag, 7. September 2026 um 17 Uhr an einer Rangerf\u00fchrung im Naturschutzgebiet Billetal teilnehmen. Der Treffpunkt ist die Staubr\u00fccke am M\u00fchlenteich in Aum\u00fchle. B\u00e4ume sind Leben und Lebensraum in einem. Wunden an B\u00e4umen k\u00f6nnen beispielsweise Unterschlupf, Mikroklima und Nahrung f\u00fcr eine Vielzahl [&hellip;]<\/p>\n","protected":false},"author":2,"featured_media":83259,"comment_status":"closed","ping_status":"closed","sticky":false,"template":"","format":"standard","meta":{"jnews-multi-image_gallery":[],"jnews_single_post":{"subtitle":"","format":"standard","override":[{"template":"1","parallax":"1","fullscreen":"1","layout":"right-sidebar","sidebar":"default-sidebar","second_sidebar":"default-sidebar","share_position":"top","share_float_style":"share-monocrhome","show_featured":"1","show_post_meta":"1","show_post_author":"1","show_post_author_image":"1","show_post_date":"1","post_date_format":"default","post_date_format_custom":"Y\/m\/d","post_reading_time_wpm":"300","post_calculate_word_method":"str_word_count","show_zoom_button":"0","zoom_button_out_step":"2","zoom_button_in_step":"3","show_post_tag":"1","show_popup_post":"1","number_popup_post":"1","show_author_box":"1","show_post_related":"1","show_inline_post_related":"0"}],"image_override":[{"single_post_thumbnail_size":"crop-500","single_post_gallery_size":"crop-500"}],"trending_post_position":"meta","trending_post_label":"Trending","sponsored_post_label":"Sponsored by","disable_ad":"0"},"jnews_primary_category":[],"jnews_social_meta":[],"jnews_override_counter":{"view_counter_number":"0","share_counter_number":"0","like_counter_number":"0","dislike_counter_number":"0"},"jnews_post_split":{"post_split":[{"template":"1","tag":"h2","numbering":"asc","mode":"normal","first":"0","enable_toc":"0","toc_type":"normal"}]},"footnotes":""},"categories":[3757,63,1237],"tags":[134,3236,3605],"class_list":["post-86471","post","type-post","status-publish","format-standard","has-post-thumbnail","hentry","category-ausflugstipp","category-herzogtum-lauenburg","category-umweltnatur","tag-aumuehle","tag-fuehrung","tag-naturpark-ranger"],"_links":{"self":[{"href":"https:\/\/herzogtum-direkt.de\/index.php\/wp-json\/wp\/v2\/posts\/86471","targetHints":{"allow":["GET"]}}],"collection":[{"href":"https:\/\/herzogtum-direkt.de\/index.php\/wp-json\/wp\/v2\/posts"}],"about":[{"href":"https:\/\/herzogtum-direkt.de\/index.php\/wp-json\/wp\/v2\/types\/post"}],"author":[{"embeddable":true,"href":"https:\/\/herzogtum-direkt.de\/index.php\/wp-json\/wp\/v2\/users\/2"}],"replies":[{"embeddable":true,"href":"https:\/\/herzogtum-direkt.de\/index.php\/wp-json\/wp\/v2\/comments?post=86471"}],"version-history":[{"count":1,"href":"https:\/\/herzogtum-direkt.de\/index.php\/wp-json\/wp\/v2\/posts\/86471\/revisions"}],"predecessor-version":[{"id":86474,"href":"https:\/\/herzogtum-direkt.de\/index.php\/wp-json\/wp\/v2\/posts\/86471\/revisions\/86474"}],"wp:featuredmedia":[{"embeddable":true,"href":"https:\/\/herzogtum-direkt.de\/index.php\/wp-json\/wp\/v2\/media\/83259"}],"wp:attachment":[{"href":"https:\/\/herzogtum-direkt.de\/index.php\/wp-json\/wp\/v2\/media?parent=86471"}],"wp:term":[{"taxonomy":"category","embeddable":true,"href":"https:\/\/herzogtum-direkt.de\/index.php\/wp-json\/wp\/v2\/categories?post=86471"},{"taxonomy":"post_tag","embeddable":true,"href":"https:\/\/herzogtum-direkt.de\/index.php\/wp-json\/wp\/v2\/tags?post=86471"}],"curies":[{"name":"wp","href":"https:\/\/api.w.org\/{rel}","templated":true}]}}