{"id":86464,"date":"2026-09-03T08:49:15","date_gmt":"2026-09-03T07:49:15","guid":{"rendered":"https:\/\/herzogtum-direkt.de\/?p=86464"},"modified":"2026-09-03T08:49:45","modified_gmt":"2026-09-03T07:49:45","slug":"86464","status":"publish","type":"post","link":"https:\/\/herzogtum-direkt.de\/index.php\/2026\/09\/03\/86464\/","title":{"rendered":"Geesthacht feiert Kulturnacht"},"content":{"rendered":"<p><span style=\"color: #333333;\"><span style=\"font-family: Lucida Grande, Verdana, Arial, Helvetica, sans-serif;\"><span style=\"font-size: large;\"><b>Geesthacht (pm).<\/b> Mehrere Tausend Besucherinnen und Besucher feierten am Sonnabend, 29. August 2026, die Vielfalt Geesthachts: Anl\u00e4sslich der achten Kulturnacht in Geesthacht haben sich viele Vereine und Kulturschaffende aus Geesthacht und Umgebung in der Innenstadt pr\u00e4sentiert. Von Tanzvorf\u00fchrungen, Spielangeboten, Ausstellungen und Chorkonzerten \u00fcber Kleinkunst, Lesungen, Live-Musik bis hin zu multikultureller Kulinarik wurde das bunte Angebot von Jung und Alt gefeiert und sichtlich genossen.<\/span><\/span><\/span><\/p>\n<figure id=\"attachment_86467\" aria-describedby=\"caption-attachment-86467\" style=\"width: 1000px\" class=\"wp-caption alignnone\"><img decoding=\"async\" class=\"wp-image-86467 size-full\" src=\"https:\/\/herzogtum-direkt.de\/wp-content\/uploads\/2026\/09\/Die-Partyboys-Stelzenlaeufer-Geesthacht.jpg\" alt=\"\" width=\"1000\" height=\"606\" srcset=\"https:\/\/herzogtum-direkt.de\/wp-content\/uploads\/2026\/09\/Die-Partyboys-Stelzenlaeufer-Geesthacht.jpg 1000w, https:\/\/herzogtum-direkt.de\/wp-content\/uploads\/2026\/09\/Die-Partyboys-Stelzenlaeufer-Geesthacht-600x364.jpg 600w, https:\/\/herzogtum-direkt.de\/wp-content\/uploads\/2026\/09\/Die-Partyboys-Stelzenlaeufer-Geesthacht-768x465.jpg 768w\" sizes=\"(max-width: 1000px) 100vw, 1000px\" \/><figcaption id=\"caption-attachment-86467\" class=\"wp-caption-text\">Die Partyboys Stelzenl\u00e4ufer. Foto: Stadt Geesthacht, Philipp Plaukowitsch, hfr<\/figcaption><\/figure>\n<p><span style=\"color: #333333;\">\u201e<span style=\"font-family: Lucida Grande, Verdana, Arial, Helvetica, sans-serif;\"><span style=\"font-size: large;\">Es ist sch\u00f6n zu sehen, wie viel Gemeinschaft ein kulturelles Angebot schaffen kann\u201c, sagt Geesthachts B\u00fcrgermeister Olaf Schulze. \u201eDie Stra\u00dfen waren voller Menschen &#8211; sch\u00f6n, dass das Angebot von allen Seiten so gut angenommen wurde. Geesthacht ist vielf\u00e4ltig \u2013 und das haben Kulturschaffende sowie viele Ehrenamtliche uns heute wieder mit ihrem Einsatz gezeigt! Ein gro\u00dfer Dank geht auch an das Team unseres st\u00e4dtischen Kulturmanagements, das die Veranstaltung toll organisiert hat\u201c.<\/span><\/span><\/span><\/p>\n<p><span style=\"color: #333333;\"><span style=\"font-family: Lucida Grande, Verdana, Arial, Helvetica, sans-serif;\"><span style=\"font-size: large;\">Nachdem es mittags noch einen Regenschauer gab, konnte die Kulturnacht bei bestem sp\u00e4tsommerlichem Wetter stattfinden. Nach der festlichen Er\u00f6ffnung am Alten Friedhof mit einem Klarinettenkonzert von Jens Gutzmann und einleitenden Worten von B\u00fcrgermeister Olaf Schulze machten die \u201eSuper Rabatzkis\u201c Stimmung und nahmen die G\u00e4ste \u00fcber die Berliner Stra\u00dfe in einem gemeinsamen Zug mit in die Innenstadt.<\/span><\/span><\/span><\/p>\n<p><span style=\"color: #333333;\"><span style=\"font-family: Lucida Grande, Verdana, Arial, Helvetica, sans-serif;\"><span style=\"font-size: large;\">Dort warteten schon kunterbunte Angebote auf alle Besuchenden. Einige Beispiele: Das Team der Stadtjugendpflege Geesthacht war mit Spielen in der Bergedorfer Stra\u00dfe vor Ort, Kunsthandwerkinnen und Kunsthandwerker pr\u00e4sentierten dort an St\u00e4nden ihre Werke und der Imkerverein gab Informationen \u00fcber die Bedeutung von Bienen weiter. Die Marching Band gab immer wieder mitrei\u00dfende Konzerte in der Fu\u00dfg\u00e4ngerzone. Zudem trieben als riesige Erdm\u00e4nnchen getarnte Stelzenl\u00e4ufer mit den G\u00e4sten ihren Schabernack und sie zauberten nicht nur den Kindern ein L\u00e4cheln ins Gesicht.<\/span><\/span><\/span><\/p>\n<p><span style=\"color: #333333;\"><span style=\"font-family: Lucida Grande, Verdana, Arial, Helvetica, sans-serif;\"><span style=\"font-size: large;\">Kulinarische St\u00e4nde wurden vom T\u00fcrkischen Elternverein, der Wirtschaftlichen Vereinigung Geesthacht (WVG) und der Partnerschaft Afrika angeboten, so dass ein breitgef\u00e4chertes Angebot f\u00fcr alle G\u00e4ste bereitstand.<\/span><\/span><\/span><\/p>\n<p><span style=\"color: #333333;\"><span style=\"font-family: Lucida Grande, Verdana, Arial, Helvetica, sans-serif;\"><span style=\"font-size: large;\">Die Ausstellungen in der Volkshochschule (VHS) und im GeesthachtMuseum! sowie die ToleranzR\u00e4ume auf dem Rathausvorplatz erfreuten sich vieler interessierter Besucherinnen und Besucher. Auch der Workshop um das K\u00fcnstlertrio von Holm Lilie, bei dem Interessierte selbst k\u00fcnstlerisch aktiv werden konnten, wurde sehr gut angenommen. Viele G\u00e4ste wurden zudem in den Hof hinter dem Museum gezogen: die Niederdeutsche B\u00fchne lockte mit kurzweiligen Sketchen G\u00e4ste, garniert mit wie immer mitrei\u00dfender Singer-Songwriter-Musik von Bober. <\/span><\/span><\/span><\/p>\n<p><span style=\"color: #333333;\"><span style=\"font-family: Lucida Grande, Verdana, Arial, Helvetica, sans-serif;\"><span style=\"font-size: large;\">Live-Musik gab es in vielen Ecken der Stadt. Mit schwungvollem Gospel der \u201eFresh Old Gospel Band\u201c stand die Friedenskirche gleich zweimal im Mittelpunkt. Auch die St.-Salvatoris-Kirche war bei beiden Vorstellungen des Chores \u201eJoyful Voices\u201c voll. <\/span><\/span><\/span><\/p>\n<p><span style=\"color: #333333;\"><span style=\"font-family: Lucida Grande, Verdana, Arial, Helvetica, sans-serif;\"><span style=\"font-size: large;\">Caf\u00e9 Geiger war erstmals Teil der Kulturnacht und hat den \u201eUrban Captains\u201c mit dem anliegenden Innenhof eine perfekte B\u00fchne geboten. Lena Inter hat in der unteren Bergedorfer Stra\u00dfe die Menge mitgerissen und den lauen Sommerabend mit wundervoll interpretierten Songs gef\u00fcllt. Im Teehus hat Jule ihre punkigen Songs in akustischer Version gespielt und drinnen wie drau\u00dfen Zuh\u00f6rende begeistert. <\/span><\/span><\/span><\/p>\n<p><span style=\"color: #333333;\"><span style=\"font-family: Lucida Grande, Verdana, Arial, Helvetica, sans-serif;\"><span style=\"font-size: large;\">Vor dem kleinen Theater Schillerstra\u00dfe haben \u201eMusik for the Kitchen\u201c f\u00fcr den richtigen Soundtrack zu den Drinks gesorgt, bevor sie ein letztes Set im Museum gespielt haben. Dort wurde noch bis in den Abend gelacht, getanzt und gefeiert.<\/span><\/span><\/span><\/p>\n<figure id=\"attachment_86465\" aria-describedby=\"caption-attachment-86465\" style=\"width: 1000px\" class=\"wp-caption alignnone\"><img decoding=\"async\" class=\"wp-image-86465 size-full\" src=\"https:\/\/herzogtum-direkt.de\/wp-content\/uploads\/2026\/09\/Musik-For-The-Kitchen-for-dem-kTS.jpg\" alt=\"\" width=\"1000\" height=\"688\" srcset=\"https:\/\/herzogtum-direkt.de\/wp-content\/uploads\/2026\/09\/Musik-For-The-Kitchen-for-dem-kTS.jpg 1000w, https:\/\/herzogtum-direkt.de\/wp-content\/uploads\/2026\/09\/Musik-For-The-Kitchen-for-dem-kTS-600x413.jpg 600w, https:\/\/herzogtum-direkt.de\/wp-content\/uploads\/2026\/09\/Musik-For-The-Kitchen-for-dem-kTS-768x528.jpg 768w\" sizes=\"(max-width: 1000px) 100vw, 1000px\" \/><figcaption id=\"caption-attachment-86465\" class=\"wp-caption-text\"><br \/>\nFoto: Stadt Geesthacht, Philipp Plaukowitsch, hfr<\/figcaption><\/figure>\n<p><span style=\"color: #333333;\">\u201e<span style=\"font-family: Lucida Grande, Verdana, Arial, Helvetica, sans-serif;\"><span style=\"font-size: large;\">Eine rundum gelungene Kulturnacht!\u201c, so das Fazit von Geesthachts Stadt- und Kulturmanagerin Jeanette van Beek. \u201eDas Feedback der G\u00e4ste war schon am Abend richtig toll \u2013 wie sch\u00f6n, wenn wir die Stadt Geesthacht in all ihren Farben gemeinsam, gut gelaunt und friedlich feiern. Unser Dank gilt allen ehrenamtlichen Helferinnen und Helfern, die mit ihren St\u00e4nden und Angeboten die Kulturnacht mit Leben gef\u00fcllt haben. Zudem danken wir der Kreissparkasse Herzogtum Lauenburg f\u00fcr ihre Unterst\u00fctzung.\u201c<\/span><\/span><\/span><\/p>\n<p><span style=\"color: #333333;\">\u00a0<\/span><\/p>\n","protected":false},"excerpt":{"rendered":"<p>Geesthacht (pm). Mehrere Tausend Besucherinnen und Besucher feierten am Sonnabend, 29. August 2026, die Vielfalt Geesthachts: Anl\u00e4sslich der achten Kulturnacht in Geesthacht haben sich viele Vereine und Kulturschaffende aus Geesthacht und Umgebung in der Innenstadt pr\u00e4sentiert. Von Tanzvorf\u00fchrungen, Spielangeboten, Ausstellungen und Chorkonzerten \u00fcber Kleinkunst, Lesungen, Live-Musik bis hin zu multikultureller Kulinarik wurde das bunte Angebot [&hellip;]<\/p>\n","protected":false},"author":2,"featured_media":86466,"comment_status":"closed","ping_status":"closed","sticky":false,"template":"","format":"standard","meta":{"jnews-multi-image_gallery":[],"jnews_single_post":{"subtitle":"","format":"standard","override":[{"template":"1","parallax":"1","fullscreen":"1","layout":"right-sidebar","sidebar":"default-sidebar","second_sidebar":"default-sidebar","share_position":"top","share_float_style":"share-monocrhome","show_featured":"1","show_post_meta":"1","show_post_author":"1","show_post_author_image":"1","show_post_date":"1","post_date_format":"default","post_date_format_custom":"Y\/m\/d","post_reading_time_wpm":"300","post_calculate_word_method":"str_word_count","show_zoom_button":"0","zoom_button_out_step":"2","zoom_button_in_step":"3","show_post_tag":"1","show_popup_post":"1","number_popup_post":"1","show_author_box":"1","show_post_related":"1","show_inline_post_related":"0"}],"image_override":[{"single_post_thumbnail_size":"crop-500","single_post_gallery_size":"crop-500"}],"trending_post_position":"meta","trending_post_label":"Trending","sponsored_post_label":"Sponsored by","disable_ad":"0"},"jnews_primary_category":[],"jnews_social_meta":[],"jnews_override_counter":{"view_counter_number":"0","share_counter_number":"0","like_counter_number":"0","dislike_counter_number":"0"},"jnews_post_split":{"post_split":[{"template":"1","tag":"h2","numbering":"asc","mode":"normal","first":"0","enable_toc":"0","toc_type":"normal"}]},"footnotes":""},"categories":[1,2625,70],"tags":[],"class_list":["post-86464","post","type-post","status-publish","format-standard","has-post-thumbnail","hentry","category-feature","category-geesthacht","category-kultur"],"_links":{"self":[{"href":"https:\/\/herzogtum-direkt.de\/index.php\/wp-json\/wp\/v2\/posts\/86464","targetHints":{"allow":["GET"]}}],"collection":[{"href":"https:\/\/herzogtum-direkt.de\/index.php\/wp-json\/wp\/v2\/posts"}],"about":[{"href":"https:\/\/herzogtum-direkt.de\/index.php\/wp-json\/wp\/v2\/types\/post"}],"author":[{"embeddable":true,"href":"https:\/\/herzogtum-direkt.de\/index.php\/wp-json\/wp\/v2\/users\/2"}],"replies":[{"embeddable":true,"href":"https:\/\/herzogtum-direkt.de\/index.php\/wp-json\/wp\/v2\/comments?post=86464"}],"version-history":[{"count":2,"href":"https:\/\/herzogtum-direkt.de\/index.php\/wp-json\/wp\/v2\/posts\/86464\/revisions"}],"predecessor-version":[{"id":86469,"href":"https:\/\/herzogtum-direkt.de\/index.php\/wp-json\/wp\/v2\/posts\/86464\/revisions\/86469"}],"wp:featuredmedia":[{"embeddable":true,"href":"https:\/\/herzogtum-direkt.de\/index.php\/wp-json\/wp\/v2\/media\/86466"}],"wp:attachment":[{"href":"https:\/\/herzogtum-direkt.de\/index.php\/wp-json\/wp\/v2\/media?parent=86464"}],"wp:term":[{"taxonomy":"category","embeddable":true,"href":"https:\/\/herzogtum-direkt.de\/index.php\/wp-json\/wp\/v2\/categories?post=86464"},{"taxonomy":"post_tag","embeddable":true,"href":"https:\/\/herzogtum-direkt.de\/index.php\/wp-json\/wp\/v2\/tags?post=86464"}],"curies":[{"name":"wp","href":"https:\/\/api.w.org\/{rel}","templated":true}]}}