{"id":86462,"date":"2026-09-05T05:26:45","date_gmt":"2026-09-05T04:26:45","guid":{"rendered":"https:\/\/herzogtum-direkt.de\/?p=86462"},"modified":"2026-09-03T08:32:03","modified_gmt":"2026-09-03T07:32:03","slug":"jurastudium-auch-erstes-juristisches-staatsexamen-soll-elektronisch-moeglich-werden","status":"publish","type":"post","link":"https:\/\/herzogtum-direkt.de\/index.php\/2026\/09\/05\/jurastudium-auch-erstes-juristisches-staatsexamen-soll-elektronisch-moeglich-werden\/","title":{"rendered":"Jurastudium: auch Erstes juristisches Staatsexamen soll elektronisch m\u00f6glich werden"},"content":{"rendered":"<p><span style=\"color: #333333; font-size: 12pt;\"><span style=\"font-family: Lucida Grande, Verdana, Arial, Helvetica, sans-serif;\"><strong>Kiel (pm).<\/strong> Nachdem 2024 f\u00fcr Jura-Referendare aus Schleswig-Holstein in Kooperation mit Hamburg die M\u00f6glichkeit geschaffen wurde, die Pr\u00fcfungsklausuren des Zweiten juristischen Staatsexamens elektronisch zu schreiben, folgen nun die n\u00e4chsten Schritte: Justizministerin Prof. Dr. Kerstin von der Decken und der Vizepr\u00e4sident f\u00fcr Studium und Lehre der Christian-Albrechts-Universit\u00e4t zu Kiel (CAU), Prof. Dr. Markus Hundt, unterzeichnen heute (2. Oktober) eine Absichtserkl\u00e4rung (letter of intent), um das Erste juristische Staatsexamen voraussichtlich ab 2028 in Kiel digital anbieten zu k\u00f6nnen. Zugleich soll die Kooperation mit Hamburg vertieft werden, um voraussichtlich ab Mitte 2027 dort die Pr\u00fcfungsklausuren elektronisch schreiben zu k\u00f6nnen, bis dies auch in Kiel m\u00f6glich wird.\u00a0\u00a0<\/span><\/span><\/p>\n<p><span style=\"color: #333333; font-size: 12pt;\">\u201e<span style=\"font-family: Lucida Grande, Verdana, Arial, Helvetica, sans-serif;\">Ein Gro\u00dfteil der Referendare nutzt inzwischen die M\u00f6glichkeit, die Pr\u00fcfungsklausuren des Zweiten juristischen Staatsexamens elektronisch zu schreiben. Wir wollen dieses zeitgem\u00e4\u00dfe Angebot auf das Erste juristische Staatsexamen ausweiten.&#8220;, betont Ministerin von der Decken. \u201eMein Dank gilt den Verantwortlichen der Universit\u00e4t und der Studierendenvertretung f\u00fcr die gute Zusammenarbeit und konstruktiven Abstimmungen.&#8220;, so von der Decken. In der Absichtserkl\u00e4rung sehen Universit\u00e4t und Justizministerium vor, bei der Einf\u00fchrung einer digitalen Pr\u00fcfungsinfrastruktur f\u00fcr die CAU eng zu kooperieren, um diese f\u00fcr das Erste juristische Staatsexamen mit nutzen zu k\u00f6nnen.<\/span><\/span><\/p>\n<p><span style=\"color: #333333; font-size: 12pt;\">\u201e<span style=\"font-family: Lucida Grande, Verdana, Arial, Helvetica, sans-serif;\">Wir wollen einen Teilbereich eines Bestandsgeb\u00e4udes am Campus am Westufer baulich zu einem e-Assessment-Center ausbauen. Hierzu soll insbesondere die erforderliche IT-Infrastruktur geschaffen werden, um die elektronischen Pr\u00fcfungen zu erm\u00f6glichen. Das geplante e-Assessment-Center soll allen Fakult\u00e4ten der CAU w\u00e4hrend der Pr\u00fcfungszeitr\u00e4ume zur Verf\u00fcgung stehen.&#8220;, erl\u00e4utert Vizepr\u00e4sident Hundt.<\/span><\/span><\/p>\n<p><span style=\"color: #333333; font-size: 12pt;\"><span style=\"font-family: Lucida Grande, Verdana, Arial, Helvetica, sans-serif;\">Das Ministerium beabsichtigt, zur Erm\u00f6glichung einer Mitnutzung des e-Assessement-Centers einen finanziellen Beitrag nach Ma\u00dfgabe der haushaltsrechtlichen Bestimmungen zu leisten, um die f\u00fcr das Erste juristische Staatsexamen erforderlichen Pr\u00fcfungsbedingungen zu schaffen. Der Beitrag soll insbesondere die durch die Ausstattung der R\u00e4umlichkeiten (bspw. Tische, Bestuhlung, IT-Ausstattung) und den Pr\u00fcfungsbetrieb entstehenden Kosten umfassen. \u201eDie CAU begr\u00fc\u00dft ausdr\u00fccklich das Interesse des Ministeriums, die R\u00e4umlichkeiten mit zu nutzen und einen finanziellen Beitrag zur Errichtung zu leisten.&#8220;, so Hundt.\u00a0<\/span><\/span><\/p>\n<p><span style=\"color: #333333; font-size: 12pt;\"><span style=\"font-family: Lucida Grande, Verdana, Arial, Helvetica, sans-serif;\">Im Anschluss an die heute geschlossene Absichtserkl\u00e4rung sollen zu einem sp\u00e4teren Zeitpunkt gemeinsam rechtsverbindliche schriftliche Vereinbarungen unter Ber\u00fccksichtigung des Baufortschritts erarbeitet werden. Darin sollen die H\u00f6he des Beitrages des Ministeriums zur Ausstattung des e-Assesment-Centers, die Nutzungsgeb\u00fchren und -zeitr\u00e4ume sowie die m\u00f6gliche Inanspruchnahme von technischer Unterst\u00fctzung w\u00e4hrend der Pr\u00fcfungen geregelt werden.<\/span><\/span><\/p>\n<p><span style=\"color: #333333; font-size: 12pt;\"><span style=\"font-family: Lucida Grande, Verdana, Arial, Helvetica, sans-serif;\">Um auch schon vor Fertigstellung des e-Assesment-Centers in Kiel das Erste juristische Staatsexamen digital anbieten zu k\u00f6nnen, sollen voraussichtlich ab Mitte 2027 Studierende in Erweiterung der bestehenden Kooperation mit Hamburg die Pr\u00fcfungsklausuren des Ersten juristischen Staatsexamens in den bestehenden speziellen Pr\u00fcfungsr\u00e4umen in Hamburg am PC schreiben k\u00f6nnen, wenn sie dies m\u00f6chten. Die Umsetzung wird derzeit vorbereitet.<\/span><\/span><\/p>\n<p><span style=\"color: #333333; font-size: 12pt;\"><span style=\"font-family: Lucida Grande, Verdana, Arial, Helvetica, sans-serif;\">Bisher werden die Pr\u00fcfungsklausuren des Ersten juristischen Staatsexamens in Schleswig-Holstein handschriftlich in zwei Durchg\u00e4ngen in den Monaten Januar und Juli in Neum\u00fcnster geschrieben.<\/span><\/span><\/p>\n","protected":false},"excerpt":{"rendered":"<p>Kiel (pm). Nachdem 2024 f\u00fcr Jura-Referendare aus Schleswig-Holstein in Kooperation mit Hamburg die M\u00f6glichkeit geschaffen wurde, die Pr\u00fcfungsklausuren des Zweiten juristischen Staatsexamens elektronisch zu schreiben, folgen nun die n\u00e4chsten Schritte: Justizministerin Prof. Dr. Kerstin von der Decken und der Vizepr\u00e4sident f\u00fcr Studium und Lehre der Christian-Albrechts-Universit\u00e4t zu Kiel (CAU), Prof. Dr. Markus Hundt, unterzeichnen heute [&hellip;]<\/p>\n","protected":false},"author":2,"featured_media":33640,"comment_status":"closed","ping_status":"closed","sticky":false,"template":"","format":"standard","meta":{"jnews-multi-image_gallery":[],"jnews_single_post":{"format":"standard","override":[{"template":"1","parallax":"1","fullscreen":"1","layout":"right-sidebar","sidebar":"default-sidebar","second_sidebar":"default-sidebar","share_position":"top","share_float_style":"share-monocrhome","show_featured":"1","show_post_meta":"1","show_post_author":"1","show_post_author_image":"1","show_post_date":"1","post_date_format":"default","post_date_format_custom":"Y\/m\/d","post_reading_time_wpm":"300","post_calculate_word_method":"str_word_count","show_zoom_button":"0","zoom_button_out_step":"2","zoom_button_in_step":"3","show_post_tag":"1","show_popup_post":"1","number_popup_post":"1","show_author_box":"1","show_post_related":"1","show_inline_post_related":"0"}],"image_override":[{"single_post_thumbnail_size":"crop-500","single_post_gallery_size":"crop-500"}],"trending_post_position":"meta","trending_post_label":"Trending","sponsored_post_label":"Sponsored by","disable_ad":"0","subtitle":"\u00a0Ministerin von der Decken und CAU-Vizepr\u00e4sident Hundt unterzeichnen Absichtserkl\u00e4rung\u00a0"},"jnews_primary_category":[],"jnews_social_meta":[],"jnews_override_counter":{"view_counter_number":"0","share_counter_number":"0","like_counter_number":"0","dislike_counter_number":"0"},"jnews_post_split":{"post_split":[{"template":"1","tag":"h2","numbering":"asc","mode":"normal","first":"0","enable_toc":"0","toc_type":"normal"}]},"footnotes":""},"categories":[95,74,72],"tags":[3416,1482],"class_list":["post-86462","post","type-post","status-publish","format-standard","has-post-thumbnail","hentry","category-aus-der-region","category-jugend-direkt","category-wirtschaft","tag-justiz","tag-studium"],"_links":{"self":[{"href":"https:\/\/herzogtum-direkt.de\/index.php\/wp-json\/wp\/v2\/posts\/86462","targetHints":{"allow":["GET"]}}],"collection":[{"href":"https:\/\/herzogtum-direkt.de\/index.php\/wp-json\/wp\/v2\/posts"}],"about":[{"href":"https:\/\/herzogtum-direkt.de\/index.php\/wp-json\/wp\/v2\/types\/post"}],"author":[{"embeddable":true,"href":"https:\/\/herzogtum-direkt.de\/index.php\/wp-json\/wp\/v2\/users\/2"}],"replies":[{"embeddable":true,"href":"https:\/\/herzogtum-direkt.de\/index.php\/wp-json\/wp\/v2\/comments?post=86462"}],"version-history":[{"count":1,"href":"https:\/\/herzogtum-direkt.de\/index.php\/wp-json\/wp\/v2\/posts\/86462\/revisions"}],"predecessor-version":[{"id":86463,"href":"https:\/\/herzogtum-direkt.de\/index.php\/wp-json\/wp\/v2\/posts\/86462\/revisions\/86463"}],"wp:featuredmedia":[{"embeddable":true,"href":"https:\/\/herzogtum-direkt.de\/index.php\/wp-json\/wp\/v2\/media\/33640"}],"wp:attachment":[{"href":"https:\/\/herzogtum-direkt.de\/index.php\/wp-json\/wp\/v2\/media?parent=86462"}],"wp:term":[{"taxonomy":"category","embeddable":true,"href":"https:\/\/herzogtum-direkt.de\/index.php\/wp-json\/wp\/v2\/categories?post=86462"},{"taxonomy":"post_tag","embeddable":true,"href":"https:\/\/herzogtum-direkt.de\/index.php\/wp-json\/wp\/v2\/tags?post=86462"}],"curies":[{"name":"wp","href":"https:\/\/api.w.org\/{rel}","templated":true}]}}