{"id":86460,"date":"2026-09-03T08:24:19","date_gmt":"2026-09-03T07:24:19","guid":{"rendered":"https:\/\/herzogtum-direkt.de\/?p=86460"},"modified":"2026-09-03T08:24:19","modified_gmt":"2026-09-03T07:24:19","slug":"fahrbahnerneuerung-fuehrt-zu-einer-vollsperrung-der-strasse-demolierung","status":"publish","type":"post","link":"https:\/\/herzogtum-direkt.de\/index.php\/2026\/09\/03\/fahrbahnerneuerung-fuehrt-zu-einer-vollsperrung-der-strasse-demolierung\/","title":{"rendered":"Fahrbahnerneuerung f\u00fchrt zu einer Vollsperrung der Stra\u00dfe &#8218;Demolierung&#8216;"},"content":{"rendered":"<p style=\"font-weight: 400;\"><strong>Ratzeburg (pm).\u00a0<\/strong>Wegen notwendiger Fahrbahnerneuerungen wird die Stra\u00dfe &#8218;Demolierung&#8216; im Abschnitt zwischen T\u00f6pferstra\u00dfe und der Stra\u00dfe &#8218;Reeperbahn&#8216; ab Montag, 7. September 2026 f\u00fcr voraussichtlich zwei Wochen vollgesperrt. Eine Durchfahrt ist nicht m\u00f6glich.<\/p>\n<p style=\"font-weight: 400;\">Eine \u00f6rtliche Umleitung \u00fcber die Wasserstra\u00dfe und der Stra\u00dfe &#8218;B\u00f6tersteg &#8218; ist ausgeschildert. Auf der Umleitungsstrecke werden zur Sicherung des Verkehrsflusses und zur Vermeidung von Blockaden tempor\u00e4re Haltverbote in der Wasserstra\u00dfe angeordnet. Fu\u00dfg\u00e4ngerinnen und Fu\u00dfg\u00e4nger k\u00f6nnen den Bereich durchgehend sicher passieren. Alle Geb\u00e4ude bleiben zu Fu\u00df erreichbar. Die Arbeiten sind f\u00fcr die Sicherung der Infrastruktur dringend erforderlich. Die Stadt Ratzeburg bittet alle Betroffenen um Verst\u00e4ndnis f\u00fcr die unvermeidbaren Behinderungen.<\/p>\n","protected":false},"excerpt":{"rendered":"<p>Ratzeburg (pm).\u00a0Wegen notwendiger Fahrbahnerneuerungen wird die Stra\u00dfe &#8218;Demolierung&#8216; im Abschnitt zwischen T\u00f6pferstra\u00dfe und der Stra\u00dfe &#8218;Reeperbahn&#8216; ab Montag, 7. September 2026 f\u00fcr voraussichtlich zwei Wochen vollgesperrt. Eine Durchfahrt ist nicht m\u00f6glich. Eine \u00f6rtliche Umleitung \u00fcber die Wasserstra\u00dfe und der Stra\u00dfe &#8218;B\u00f6tersteg &#8218; ist ausgeschildert. Auf der Umleitungsstrecke werden zur Sicherung des Verkehrsflusses und zur Vermeidung [&hellip;]<\/p>\n","protected":false},"author":2,"featured_media":50756,"comment_status":"closed","ping_status":"closed","sticky":false,"template":"","format":"standard","meta":{"jnews-multi-image_gallery":[],"jnews_single_post":{"subtitle":"","format":"standard","override":[{"template":"1","parallax":"1","fullscreen":"1","layout":"right-sidebar","sidebar":"default-sidebar","second_sidebar":"default-sidebar","share_position":"top","share_float_style":"share-monocrhome","show_featured":"1","show_post_meta":"1","show_post_author":"1","show_post_author_image":"1","show_post_date":"1","post_date_format":"default","post_date_format_custom":"Y\/m\/d","post_reading_time_wpm":"300","post_calculate_word_method":"str_word_count","show_zoom_button":"0","zoom_button_out_step":"2","zoom_button_in_step":"3","show_post_tag":"1","show_popup_post":"1","number_popup_post":"1","show_author_box":"1","show_post_related":"1","show_inline_post_related":"0"}],"image_override":[{"single_post_thumbnail_size":"crop-500","single_post_gallery_size":"crop-500"}],"trending_post_position":"meta","trending_post_label":"Trending","sponsored_post_label":"Sponsored by","disable_ad":"0"},"jnews_primary_category":[],"jnews_social_meta":[],"jnews_override_counter":{"view_counter_number":"0","share_counter_number":"0","like_counter_number":"0","dislike_counter_number":"0"},"jnews_post_split":{"post_split":[{"template":"1","tag":"h2","numbering":"asc","mode":"normal","first":"0","enable_toc":"0","toc_type":"normal"}]},"footnotes":""},"categories":[64],"tags":[907,3407,530],"class_list":["post-86460","post","type-post","status-publish","format-standard","has-post-thumbnail","hentry","category-ratzeburg","tag-strassensanierung","tag-verkehrsbehinderung","tag-vollsperrung"],"_links":{"self":[{"href":"https:\/\/herzogtum-direkt.de\/index.php\/wp-json\/wp\/v2\/posts\/86460","targetHints":{"allow":["GET"]}}],"collection":[{"href":"https:\/\/herzogtum-direkt.de\/index.php\/wp-json\/wp\/v2\/posts"}],"about":[{"href":"https:\/\/herzogtum-direkt.de\/index.php\/wp-json\/wp\/v2\/types\/post"}],"author":[{"embeddable":true,"href":"https:\/\/herzogtum-direkt.de\/index.php\/wp-json\/wp\/v2\/users\/2"}],"replies":[{"embeddable":true,"href":"https:\/\/herzogtum-direkt.de\/index.php\/wp-json\/wp\/v2\/comments?post=86460"}],"version-history":[{"count":1,"href":"https:\/\/herzogtum-direkt.de\/index.php\/wp-json\/wp\/v2\/posts\/86460\/revisions"}],"predecessor-version":[{"id":86461,"href":"https:\/\/herzogtum-direkt.de\/index.php\/wp-json\/wp\/v2\/posts\/86460\/revisions\/86461"}],"wp:featuredmedia":[{"embeddable":true,"href":"https:\/\/herzogtum-direkt.de\/index.php\/wp-json\/wp\/v2\/media\/50756"}],"wp:attachment":[{"href":"https:\/\/herzogtum-direkt.de\/index.php\/wp-json\/wp\/v2\/media?parent=86460"}],"wp:term":[{"taxonomy":"category","embeddable":true,"href":"https:\/\/herzogtum-direkt.de\/index.php\/wp-json\/wp\/v2\/categories?post=86460"},{"taxonomy":"post_tag","embeddable":true,"href":"https:\/\/herzogtum-direkt.de\/index.php\/wp-json\/wp\/v2\/tags?post=86460"}],"curies":[{"name":"wp","href":"https:\/\/api.w.org\/{rel}","templated":true}]}}