{"id":86456,"date":"2026-09-03T08:12:03","date_gmt":"2026-09-03T07:12:03","guid":{"rendered":"https:\/\/herzogtum-direkt.de\/?p=86456"},"modified":"2026-09-03T08:12:03","modified_gmt":"2026-09-03T07:12:03","slug":"die-buehne-in-klein-pampau-ist-wieder-offen","status":"publish","type":"post","link":"https:\/\/herzogtum-direkt.de\/index.php\/2026\/09\/03\/die-buehne-in-klein-pampau-ist-wieder-offen\/","title":{"rendered":"Die B\u00fchne in Klein Pampau ist wieder offen"},"content":{"rendered":"<div class=\"flex w-full flex-col gap-1 break-words\" dir=\"auto\">\n<div>\n<div class=\"select-none\">\n<div dir=\"auto\" data-message-part-type=\"answer\" data-testid=\"text-message-part\">\n<div class=\"markdown-container-style max-w-none gap-1 overflow-x-visible py-0 pb-0 font-normal text-wrap break-words select-text\" dir=\"auto\"><b style=\"font-size: large;\">Klein Pampau (pm).<\/b><span style=\"font-size: large;\"> Schluss mit Hitze, H\u00e4ngematte und \u201eDas mache ich dann nach den Ferien&#8220;. Am Freitag, 18. September 2026, startet die Offene B\u00fchne im Gemeindehaus, Gr\u00fcner Weg 13 in Klein Pampau erneut durch. Der Einlass ist ab 19 Uhr und der Beginn ist um 19.30 Uhr. Der Eintritt ist frei.<\/span><\/div>\n<\/div>\n<\/div>\n<\/div>\n<\/div>\n<div class=\"flex min-h-8 w-full flex-row items-center justify-between gap-2 py-1 font-normal transition-opacity duration-500 ease-in-out group-hover:opacity-100 opacity-100 mt-3 mb-2 pt-0\">\n<div class=\"flex flex-row items-center gap-2\">\n<p><span style=\"font-size: large;\">Nach ein paar Wochen ohne B\u00fchne darf endlich wieder gesungen, gereimt, erz\u00e4hlt, musiziert, gelacht und gestaunt werden. Alles, was in zehn Minuten auf die B\u00fchne passt und keinen Bauantrag erfordert, ist willkommen.<\/span><\/p>\n<p><span style=\"font-size: large;\">Die Offene B\u00fchne Klein Pampau h\u00e4lt, was der Name verspricht: Offenheit. F\u00fcr erfahrene K\u00fcnstler mit Lampenfieber, neue Talente mit gro\u00dfen Ideen und alle, die schon immer vor Publikum etwas ausprobieren wollten. Ob Musik, Poetry, Zauberei, Comedy oder etwas v\u00f6llig Unerwartetes \u2013 Hauptsache, es findet den Weg auf die B\u00fchne.<\/p>\n<p>Wer lieber im Publikum Platz nimmt, ist ebenfalls herzlich willkommen. Ohne Zuschauer verliert eine offene B\u00fchne ihren Reiz, \u00e4hnlich wie ein Mikrofon ohne Strom.<\/p>\n<p>Nach der Sommerpause steht ein Abend mit bekannten Gesichtern, neuen Talenten, spontanen \u00dcberraschungen und hoffentlich viel Applaus bevor. Anmeldungen f\u00fcr Auftritte sind vorab unter <a href=\"mailto:offene-buehne@klein-pampau.de\" target=\"_blank\" rel=\"noopener\">offene-buehne@klein-pampau.de<\/a> m\u00f6glich \u2013 oder einfach mit Mut und einem Beitrag im Gep\u00e4ck vorbeikommen. <br \/>\nDie B\u00fchne wartet, das Publikum ebenfalls. Und irgendwo sitzt bestimmt schon jemand, der eigentlich nur \u201emal gucken&#8220; wollte.<br \/>\n<\/span><\/p>\n<\/div>\n<div class=\"flex flex-row items-center gap-0\">\n<div class=\"relative overflow-hidden\">\n<div>\n<div class=\"text-hint text-sm\" data-state=\"closed\">\u00a0<\/div>\n<\/div>\n<\/div>\n<\/div>\n<\/div>\n","protected":false},"excerpt":{"rendered":"<p>Klein Pampau (pm). Schluss mit Hitze, H\u00e4ngematte und \u201eDas mache ich dann nach den Ferien&#8220;. Am Freitag, 18. September 2026, startet die Offene B\u00fchne im Gemeindehaus, Gr\u00fcner Weg 13 in Klein Pampau erneut durch. Der Einlass ist ab 19 Uhr und der Beginn ist um 19.30 Uhr. Der Eintritt ist frei. Nach ein paar Wochen [&hellip;]<\/p>\n","protected":false},"author":2,"featured_media":74645,"comment_status":"closed","ping_status":"closed","sticky":false,"template":"","format":"standard","meta":{"jnews-multi-image_gallery":[],"jnews_single_post":{"subtitle":"","format":"standard","override":[{"template":"1","parallax":"1","fullscreen":"1","layout":"right-sidebar","sidebar":"default-sidebar","second_sidebar":"default-sidebar","share_position":"top","share_float_style":"share-monocrhome","show_featured":"1","show_post_meta":"1","show_post_author":"1","show_post_author_image":"1","show_post_date":"1","post_date_format":"default","post_date_format_custom":"Y\/m\/d","post_reading_time_wpm":"300","post_calculate_word_method":"str_word_count","show_zoom_button":"0","zoom_button_out_step":"2","zoom_button_in_step":"3","show_post_tag":"1","show_popup_post":"1","number_popup_post":"1","show_author_box":"1","show_post_related":"1","show_inline_post_related":"0"}],"image_override":[{"single_post_thumbnail_size":"crop-500","single_post_gallery_size":"crop-500"}],"trending_post_position":"meta","trending_post_label":"Trending","sponsored_post_label":"Sponsored by","disable_ad":"0"},"jnews_primary_category":[],"jnews_social_meta":[],"jnews_override_counter":{"view_counter_number":"0","share_counter_number":"0","like_counter_number":"0","dislike_counter_number":"0"},"jnews_post_split":{"post_split":[{"template":"1","tag":"h2","numbering":"asc","mode":"normal","first":"0","enable_toc":"0","toc_type":"normal"}]},"footnotes":""},"categories":[3757,2650,63,70],"tags":[1874,3589,4058,417],"class_list":["post-86456","post","type-post","status-publish","format-standard","has-post-thumbnail","hentry","category-ausflugstipp","category-buechen","category-herzogtum-lauenburg","category-kultur","tag-klein-pampau","tag-musik","tag-offene-buehne","tag-theater"],"_links":{"self":[{"href":"https:\/\/herzogtum-direkt.de\/index.php\/wp-json\/wp\/v2\/posts\/86456","targetHints":{"allow":["GET"]}}],"collection":[{"href":"https:\/\/herzogtum-direkt.de\/index.php\/wp-json\/wp\/v2\/posts"}],"about":[{"href":"https:\/\/herzogtum-direkt.de\/index.php\/wp-json\/wp\/v2\/types\/post"}],"author":[{"embeddable":true,"href":"https:\/\/herzogtum-direkt.de\/index.php\/wp-json\/wp\/v2\/users\/2"}],"replies":[{"embeddable":true,"href":"https:\/\/herzogtum-direkt.de\/index.php\/wp-json\/wp\/v2\/comments?post=86456"}],"version-history":[{"count":1,"href":"https:\/\/herzogtum-direkt.de\/index.php\/wp-json\/wp\/v2\/posts\/86456\/revisions"}],"predecessor-version":[{"id":86457,"href":"https:\/\/herzogtum-direkt.de\/index.php\/wp-json\/wp\/v2\/posts\/86456\/revisions\/86457"}],"wp:featuredmedia":[{"embeddable":true,"href":"https:\/\/herzogtum-direkt.de\/index.php\/wp-json\/wp\/v2\/media\/74645"}],"wp:attachment":[{"href":"https:\/\/herzogtum-direkt.de\/index.php\/wp-json\/wp\/v2\/media?parent=86456"}],"wp:term":[{"taxonomy":"category","embeddable":true,"href":"https:\/\/herzogtum-direkt.de\/index.php\/wp-json\/wp\/v2\/categories?post=86456"},{"taxonomy":"post_tag","embeddable":true,"href":"https:\/\/herzogtum-direkt.de\/index.php\/wp-json\/wp\/v2\/tags?post=86456"}],"curies":[{"name":"wp","href":"https:\/\/api.w.org\/{rel}","templated":true}]}}