{"id":86453,"date":"2026-09-03T04:28:26","date_gmt":"2026-09-03T03:28:26","guid":{"rendered":"https:\/\/herzogtum-direkt.de\/?p=86453"},"modified":"2026-09-02T14:34:32","modified_gmt":"2026-09-02T13:34:32","slug":"petition-fuer-den-erhalt-der-hauptstrasse-als-leistungsfaehige-durchfahrts-und-erschliessungsstrasse","status":"publish","type":"post","link":"https:\/\/herzogtum-direkt.de\/index.php\/2026\/09\/03\/petition-fuer-den-erhalt-der-hauptstrasse-als-leistungsfaehige-durchfahrts-und-erschliessungsstrasse\/","title":{"rendered":"Petition f\u00fcr den Erhalt der Hauptstra\u00dfe als leistungsf\u00e4hige Durchfahrts- und Erschlie\u00dfungsstra\u00dfe"},"content":{"rendered":"<p><strong>M\u00f6lln (aa).\u00a0<\/strong>Auf der Plattform openPetition wurde eine neue Petition gestartet. Diese setzt sich f\u00fcr den Erhalt der Hauptstra\u00dfe als leistungsf\u00e4hige Durchfahrts- und Erschlie\u00dfungsstra\u00dfe ein. Ziel ist es, die Bedeutung der Stra\u00dfe f\u00fcr den Verkehr und die lokale Infrastruktur zu bewahren.<\/p>\n<p>Die Petition richtet sich an B\u00fcrgermeister Ingo Sch\u00e4per. Sie soll zeigen, wie wichtig die Hauptstra\u00dfe f\u00fcr Anwohner, Pendler und die Wirtschaft vor Ort ist. Jeder, dem das Anliegen am Herzen liegt, kann die Petition unterschreiben und so seine Unterst\u00fctzung ausdr\u00fccken.<\/p>\n<p>Die Petition ist seit dem 25. August 2026 unter folgendem Link zu finden: <a href=\"https:\/\/www.openpetition.de\/petition\/online\/erhalt-der-hauptstrasse-als-leistungsfaehige-durchfahrts-und-erschliessungsstrasse\" target=\"_blank\" rel=\"nofollow noopener noreferrer external\">openPetition \u2013 Erhalt der Hauptstra\u00dfe<\/a>.<\/p>\n<p>Bereits seit dem 5. August 2026 ist auch eine Petition f\u00fcr wirksame Verkehrsberuhigung in der M\u00f6llner Altstadt (<a href=\"https:\/\/herzogtum-direkt.de\/index.php\/2026\/08\/25\/petition-fuer-wirksame-verkehrsberuhigung-in-der-moellner-altstadt\/\">Herzogtum direkt berichtete<\/a>)<\/p>\n<p>&nbsp;<\/p>\n","protected":false},"excerpt":{"rendered":"<p>M\u00f6lln (aa).\u00a0Auf der Plattform openPetition wurde eine neue Petition gestartet. Diese setzt sich f\u00fcr den Erhalt der Hauptstra\u00dfe als leistungsf\u00e4hige Durchfahrts- und Erschlie\u00dfungsstra\u00dfe ein. Ziel ist es, die Bedeutung der Stra\u00dfe f\u00fcr den Verkehr und die lokale Infrastruktur zu bewahren. Die Petition richtet sich an B\u00fcrgermeister Ingo Sch\u00e4per. Sie soll zeigen, wie wichtig die Hauptstra\u00dfe [&hellip;]<\/p>\n","protected":false},"author":1,"featured_media":34504,"comment_status":"closed","ping_status":"closed","sticky":false,"template":"","format":"standard","meta":{"jnews-multi-image_gallery":[],"jnews_single_post":{"subtitle":"","format":"standard","override":[{"template":"1","parallax":"1","fullscreen":"1","layout":"right-sidebar","sidebar":"default-sidebar","second_sidebar":"default-sidebar","share_position":"top","share_float_style":"share-monocrhome","show_featured":"1","show_post_meta":"1","show_post_author":"1","show_post_author_image":"1","show_post_date":"1","post_date_format":"default","post_date_format_custom":"Y\/m\/d","post_reading_time_wpm":"300","post_calculate_word_method":"str_word_count","show_zoom_button":"0","zoom_button_out_step":"2","zoom_button_in_step":"3","show_post_tag":"1","show_popup_post":"1","number_popup_post":"1","show_author_box":"1","show_post_related":"1","show_inline_post_related":"0"}],"image_override":[{"single_post_thumbnail_size":"crop-500","single_post_gallery_size":"crop-500"}],"trending_post_position":"meta","trending_post_label":"Trending","sponsored_post_label":"Sponsored by","disable_ad":"0"},"jnews_primary_category":[],"jnews_social_meta":[],"jnews_override_counter":{"view_counter_number":"0","share_counter_number":"0","like_counter_number":"0","dislike_counter_number":"0"},"jnews_post_split":{"post_split":[{"template":"1","tag":"h2","numbering":"asc","mode":"normal","first":"0","enable_toc":"0","toc_type":"normal"}]},"footnotes":""},"categories":[63,66],"tags":[133,2658],"class_list":["post-86453","post","type-post","status-publish","format-standard","has-post-thumbnail","hentry","category-herzogtum-lauenburg","category-moelln","tag-moelln","tag-moellner-hauptstrasse"],"_links":{"self":[{"href":"https:\/\/herzogtum-direkt.de\/index.php\/wp-json\/wp\/v2\/posts\/86453","targetHints":{"allow":["GET"]}}],"collection":[{"href":"https:\/\/herzogtum-direkt.de\/index.php\/wp-json\/wp\/v2\/posts"}],"about":[{"href":"https:\/\/herzogtum-direkt.de\/index.php\/wp-json\/wp\/v2\/types\/post"}],"author":[{"embeddable":true,"href":"https:\/\/herzogtum-direkt.de\/index.php\/wp-json\/wp\/v2\/users\/1"}],"replies":[{"embeddable":true,"href":"https:\/\/herzogtum-direkt.de\/index.php\/wp-json\/wp\/v2\/comments?post=86453"}],"version-history":[{"count":1,"href":"https:\/\/herzogtum-direkt.de\/index.php\/wp-json\/wp\/v2\/posts\/86453\/revisions"}],"predecessor-version":[{"id":86455,"href":"https:\/\/herzogtum-direkt.de\/index.php\/wp-json\/wp\/v2\/posts\/86453\/revisions\/86455"}],"wp:featuredmedia":[{"embeddable":true,"href":"https:\/\/herzogtum-direkt.de\/index.php\/wp-json\/wp\/v2\/media\/34504"}],"wp:attachment":[{"href":"https:\/\/herzogtum-direkt.de\/index.php\/wp-json\/wp\/v2\/media?parent=86453"}],"wp:term":[{"taxonomy":"category","embeddable":true,"href":"https:\/\/herzogtum-direkt.de\/index.php\/wp-json\/wp\/v2\/categories?post=86453"},{"taxonomy":"post_tag","embeddable":true,"href":"https:\/\/herzogtum-direkt.de\/index.php\/wp-json\/wp\/v2\/tags?post=86453"}],"curies":[{"name":"wp","href":"https:\/\/api.w.org\/{rel}","templated":true}]}}