{"id":86450,"date":"2026-09-03T04:04:58","date_gmt":"2026-09-03T03:04:58","guid":{"rendered":"https:\/\/herzogtum-direkt.de\/?p=86450"},"modified":"2026-09-02T11:09:23","modified_gmt":"2026-09-02T10:09:23","slug":"wahl-watching-in-moelln","status":"publish","type":"post","link":"https:\/\/herzogtum-direkt.de\/index.php\/2026\/09\/03\/wahl-watching-in-moelln\/","title":{"rendered":"Wahl-Watching in M\u00f6lln"},"content":{"rendered":"<p><strong>M\u00f6lln (aa).<\/strong>\u00a0Am 6. September 2026 findet in Sachsen-Anhalt die Landtagswahl statt. Aktuelle Umfragen und Prognosen sehen die AfD (Alternative f\u00fcr Deutschland) bei \u00fcber 40 Prozent. Auch in Mecklenburg-Vorpommern zeigt sich ein \u00e4hnliches Bild: Die AfD liegt in den Prognosen weit vorne. In Schleswig-Holstein steht die n\u00e4chste Wahl im April an. Die Entwicklung deutet darauf hin, dass die AfD in vielen Regionen Deutschlands an Einfluss gewinnt.<\/p>\n<p>Gesellschaftliche Reaktionen<\/p>\n<p>Angesichts dieser Prognosen \u00e4u\u00dfern B\u00fcrgerinnen und B\u00fcrger vermehrt Gef\u00fchle von Angst und Ohnmacht. Viele fragen sich, wie sie auf diese politische Entwicklung reagieren sollen. Einige Menschen m\u00f6chten sich jedoch nicht von diesen Emotionen l\u00e4hmen lassen und suchen nach M\u00f6glichkeiten, aktiv zu werden.<\/p>\n<p>Einladung zur gemeinsamen Aktion<\/p>\n<p>In diesem Kontext l\u00e4dt &#8222;Das Herzogtum bleibt nazifrei&#8220; f\u00fcr Sonntag, 6. September 2026, um 17.30 Uhr in die Lohgerberei, Bahide-Arslan-Gang, ein. Es wird gemeinsam gekocht, und Getr\u00e4nke werden bereitgestellt. Ab 18 Uhr sollen dann die Hochrechnungen zur Wahl in Sachsen-Anhalt gemeinsam verfolgt werden.<\/p>\n<p>Die Initiatoren betonen, dass alle willkommen sind, ihre Ideen und Anliegen einzubringen. Ziel ist es, gemeinsam zu \u00fcberlegen, welche Schritte unternommen werden k\u00f6nnen, um auf die aktuelle politische Lage zu reagieren.<\/p>\n","protected":false},"excerpt":{"rendered":"<p>M\u00f6lln (aa).\u00a0Am 6. September 2026 findet in Sachsen-Anhalt die Landtagswahl statt. Aktuelle Umfragen und Prognosen sehen die AfD (Alternative f\u00fcr Deutschland) bei \u00fcber 40 Prozent. Auch in Mecklenburg-Vorpommern zeigt sich ein \u00e4hnliches Bild: Die AfD liegt in den Prognosen weit vorne. In Schleswig-Holstein steht die n\u00e4chste Wahl im April an. Die Entwicklung deutet darauf hin, [&hellip;]<\/p>\n","protected":false},"author":1,"featured_media":86451,"comment_status":"closed","ping_status":"closed","sticky":false,"template":"","format":"standard","meta":{"jnews-multi-image_gallery":[],"jnews_single_post":{"format":"standard","override":[{"template":"1","parallax":"1","fullscreen":"1","layout":"right-sidebar","sidebar":"default-sidebar","second_sidebar":"default-sidebar","share_position":"top","share_float_style":"share-monocrhome","show_featured":"1","show_post_meta":"1","show_post_author":"1","show_post_author_image":"1","show_post_date":"1","post_date_format":"default","post_date_format_custom":"Y\/m\/d","post_reading_time_wpm":"300","post_calculate_word_method":"str_word_count","show_zoom_button":"0","zoom_button_out_step":"2","zoom_button_in_step":"3","show_post_tag":"1","show_popup_post":"1","number_popup_post":"1","show_author_box":"1","show_post_related":"1","show_inline_post_related":"0"}],"image_override":[{"single_post_thumbnail_size":"crop-500","single_post_gallery_size":"crop-500"}],"trending_post_position":"meta","trending_post_label":"Trending","sponsored_post_label":"Sponsored by","disable_ad":"0","subtitle":"Landtagswahlen in Sachsen-Anhalt und Mecklenburg-Vorpommern: AfD-Prognosen und gesellschaftliche Reaktionen"},"jnews_primary_category":[],"jnews_social_meta":[],"jnews_override_counter":{"view_counter_number":"0","share_counter_number":"0","like_counter_number":"0","dislike_counter_number":"0"},"jnews_post_split":{"post_split":[{"template":"1","tag":"h2","numbering":"asc","mode":"normal","first":"0","enable_toc":"0","toc_type":"normal"}]},"footnotes":""},"categories":[63,66],"tags":[1901,133],"class_list":["post-86450","post","type-post","status-publish","format-standard","has-post-thumbnail","hentry","category-herzogtum-lauenburg","category-moelln","tag-afd","tag-moelln"],"_links":{"self":[{"href":"https:\/\/herzogtum-direkt.de\/index.php\/wp-json\/wp\/v2\/posts\/86450","targetHints":{"allow":["GET"]}}],"collection":[{"href":"https:\/\/herzogtum-direkt.de\/index.php\/wp-json\/wp\/v2\/posts"}],"about":[{"href":"https:\/\/herzogtum-direkt.de\/index.php\/wp-json\/wp\/v2\/types\/post"}],"author":[{"embeddable":true,"href":"https:\/\/herzogtum-direkt.de\/index.php\/wp-json\/wp\/v2\/users\/1"}],"replies":[{"embeddable":true,"href":"https:\/\/herzogtum-direkt.de\/index.php\/wp-json\/wp\/v2\/comments?post=86450"}],"version-history":[{"count":1,"href":"https:\/\/herzogtum-direkt.de\/index.php\/wp-json\/wp\/v2\/posts\/86450\/revisions"}],"predecessor-version":[{"id":86452,"href":"https:\/\/herzogtum-direkt.de\/index.php\/wp-json\/wp\/v2\/posts\/86450\/revisions\/86452"}],"wp:featuredmedia":[{"embeddable":true,"href":"https:\/\/herzogtum-direkt.de\/index.php\/wp-json\/wp\/v2\/media\/86451"}],"wp:attachment":[{"href":"https:\/\/herzogtum-direkt.de\/index.php\/wp-json\/wp\/v2\/media?parent=86450"}],"wp:term":[{"taxonomy":"category","embeddable":true,"href":"https:\/\/herzogtum-direkt.de\/index.php\/wp-json\/wp\/v2\/categories?post=86450"},{"taxonomy":"post_tag","embeddable":true,"href":"https:\/\/herzogtum-direkt.de\/index.php\/wp-json\/wp\/v2\/tags?post=86450"}],"curies":[{"name":"wp","href":"https:\/\/api.w.org\/{rel}","templated":true}]}}