{"id":86426,"date":"2026-09-02T08:19:51","date_gmt":"2026-09-02T07:19:51","guid":{"rendered":"https:\/\/herzogtum-direkt.de\/?p=86426"},"modified":"2026-09-02T08:19:51","modified_gmt":"2026-09-02T07:19:51","slug":"grosser-frauenkleidermarkt-in-berkenthin-3","status":"publish","type":"post","link":"https:\/\/herzogtum-direkt.de\/index.php\/2026\/09\/02\/grosser-frauenkleidermarkt-in-berkenthin-3\/","title":{"rendered":"Gro\u00dfer Frauenkleidermarkt in Berkenthin"},"content":{"rendered":"<div class=\"elementToProof\"><strong><strong>Berkenthin (pm). <\/strong><\/strong>Auch in diesem Jahr l\u00e4dt der Kirchenf\u00f6rderverein Berkenthin erneut zum beliebten Frauenkleidermarkt ein. Am Sonnabend, 12. September von 10 Uhr bis 13 Uhr verwandelt sich das Sportzentrum Berkenthin in eine bunte Modewelt f\u00fcr Frauen jeden Alters.<br \/>\n<figure id=\"attachment_53775\" aria-describedby=\"caption-attachment-53775\" style=\"width: 1000px\" class=\"wp-caption alignnone\"><img fetchpriority=\"high\" decoding=\"async\" class=\"wp-image-53775 size-full\" src=\"https:\/\/herzogtum-direkt.de\/wp-content\/uploads\/2023\/08\/Kleidermarkt-Berkenthin-2023-hfr.jpg\" alt=\"\" width=\"1000\" height=\"750\" srcset=\"https:\/\/herzogtum-direkt.de\/wp-content\/uploads\/2023\/08\/Kleidermarkt-Berkenthin-2023-hfr.jpg 1000w, https:\/\/herzogtum-direkt.de\/wp-content\/uploads\/2023\/08\/Kleidermarkt-Berkenthin-2023-hfr-300x225.jpg 300w, https:\/\/herzogtum-direkt.de\/wp-content\/uploads\/2023\/08\/Kleidermarkt-Berkenthin-2023-hfr-768x576.jpg 768w, https:\/\/herzogtum-direkt.de\/wp-content\/uploads\/2023\/08\/Kleidermarkt-Berkenthin-2023-hfr-750x563.jpg 750w\" sizes=\"(max-width: 1000px) 100vw, 1000px\" \/><figcaption id=\"caption-attachment-53775\" class=\"wp-caption-text\">Der Kleidermarkt in Berkenthin. Foto: hfr<\/figcaption><\/figure><\/p>\n<p>\nBesucherinnen erwartet eine gro\u00dfe Auswahl an gut erhaltener Damenbekleidung, Schuhen, Taschen und Accessoires \u2013 von elegant bis sportlich, von klassisch bis trendig. Der Kleidermarkt steht ganz im Zeichen von Nachhaltigkeit und Secondhand-Kultur.<\/p>\n<p>Der Kirchenf\u00f6rderverein freut sich auf einen weiteren erfolgreichen Kleidermarkt. Der Verkaufserl\u00f6s flie\u00dft in k\u00fcnftige F\u00f6rderprojekte.<\/p>\n<p>&nbsp;<\/p>\n<\/div>\n","protected":false},"excerpt":{"rendered":"<p>Berkenthin (pm). Auch in diesem Jahr l\u00e4dt der Kirchenf\u00f6rderverein Berkenthin erneut zum beliebten Frauenkleidermarkt ein. Am Sonnabend, 12. September von 10 Uhr bis 13 Uhr verwandelt sich das Sportzentrum Berkenthin in eine bunte Modewelt f\u00fcr Frauen jeden Alters. Besucherinnen erwartet eine gro\u00dfe Auswahl an gut erhaltener Damenbekleidung, Schuhen, Taschen und Accessoires \u2013 von elegant bis [&hellip;]<\/p>\n","protected":false},"author":2,"featured_media":85864,"comment_status":"closed","ping_status":"closed","sticky":false,"template":"","format":"standard","meta":{"jnews-multi-image_gallery":[],"jnews_single_post":{"format":"standard","override":[{"template":"1","parallax":"1","fullscreen":"1","layout":"right-sidebar","sidebar":"default-sidebar","second_sidebar":"default-sidebar","share_position":"top","share_float_style":"share-monocrhome","show_featured":"1","show_post_meta":"1","show_post_author":"1","show_post_author_image":"1","show_post_date":"1","post_date_format":"default","post_date_format_custom":"Y\/m\/d","post_reading_time_wpm":"300","post_calculate_word_method":"str_word_count","show_zoom_button":"0","zoom_button_out_step":"2","zoom_button_in_step":"3","show_post_tag":"1","show_popup_post":"1","number_popup_post":"1","show_author_box":"1","show_post_related":"1","show_inline_post_related":"0"}],"image_override":[{"single_post_thumbnail_size":"crop-500","single_post_gallery_size":"crop-500"}],"trending_post_position":"meta","trending_post_label":"Trending","sponsored_post_label":"Sponsored by","disable_ad":"0","subtitle":"Mode und Nachhaltigkeit im Sportzentrum"},"jnews_primary_category":[],"jnews_social_meta":[],"jnews_override_counter":{"view_counter_number":"0","share_counter_number":"0","like_counter_number":"0","dislike_counter_number":"0"},"jnews_post_split":{"post_split":[{"template":"1","tag":"h2","numbering":"asc","mode":"normal","first":"0","enable_toc":"0","toc_type":"normal"}]},"footnotes":""},"categories":[65,3757],"tags":[288,3124,120],"class_list":["post-86426","post","type-post","status-publish","format-standard","has-post-thumbnail","hentry","category-amt-berkenthin","category-ausflugstipp","tag-flohmarkt","tag-frauenflohmarkt","tag-kirchenfoerderverein-berkenthin"],"_links":{"self":[{"href":"https:\/\/herzogtum-direkt.de\/index.php\/wp-json\/wp\/v2\/posts\/86426","targetHints":{"allow":["GET"]}}],"collection":[{"href":"https:\/\/herzogtum-direkt.de\/index.php\/wp-json\/wp\/v2\/posts"}],"about":[{"href":"https:\/\/herzogtum-direkt.de\/index.php\/wp-json\/wp\/v2\/types\/post"}],"author":[{"embeddable":true,"href":"https:\/\/herzogtum-direkt.de\/index.php\/wp-json\/wp\/v2\/users\/2"}],"replies":[{"embeddable":true,"href":"https:\/\/herzogtum-direkt.de\/index.php\/wp-json\/wp\/v2\/comments?post=86426"}],"version-history":[{"count":1,"href":"https:\/\/herzogtum-direkt.de\/index.php\/wp-json\/wp\/v2\/posts\/86426\/revisions"}],"predecessor-version":[{"id":86427,"href":"https:\/\/herzogtum-direkt.de\/index.php\/wp-json\/wp\/v2\/posts\/86426\/revisions\/86427"}],"wp:featuredmedia":[{"embeddable":true,"href":"https:\/\/herzogtum-direkt.de\/index.php\/wp-json\/wp\/v2\/media\/85864"}],"wp:attachment":[{"href":"https:\/\/herzogtum-direkt.de\/index.php\/wp-json\/wp\/v2\/media?parent=86426"}],"wp:term":[{"taxonomy":"category","embeddable":true,"href":"https:\/\/herzogtum-direkt.de\/index.php\/wp-json\/wp\/v2\/categories?post=86426"},{"taxonomy":"post_tag","embeddable":true,"href":"https:\/\/herzogtum-direkt.de\/index.php\/wp-json\/wp\/v2\/tags?post=86426"}],"curies":[{"name":"wp","href":"https:\/\/api.w.org\/{rel}","templated":true}]}}