{"id":86415,"date":"2026-09-02T07:59:57","date_gmt":"2026-09-02T06:59:57","guid":{"rendered":"https:\/\/herzogtum-direkt.de\/?p=86415"},"modified":"2026-09-02T07:59:57","modified_gmt":"2026-09-02T06:59:57","slug":"stadt-ratzeburg-praesentiert-sich-beim-tag-der-offenen-tuer-der-bundespolizeiabteilung-ratzeburg","status":"publish","type":"post","link":"https:\/\/herzogtum-direkt.de\/index.php\/2026\/09\/02\/stadt-ratzeburg-praesentiert-sich-beim-tag-der-offenen-tuer-der-bundespolizeiabteilung-ratzeburg\/","title":{"rendered":"Stadt Ratzeburg pr\u00e4sentiert sich beim &#8218;Tag der offenen T\u00fcr&#8216; der Bundespolizeiabteilung Ratzeburg"},"content":{"rendered":"<p><b>Ratzeburg (pm). <\/b>Mit einem eigenen Stand hat sich die Stadt Ratzeburg am vergangenen Sonntag (30. August 2026 Anmerkung der Redaktion) beim &#8218;Tag der offenen T\u00fcr&#8216; auf dem Gel\u00e4nde der Bundespolizeiabteilung Ratzeburg pr\u00e4sentiert. B\u00fcrgermeister Eckhard Graf suchte am Vormittag das Gespr\u00e4ch mit B\u00fcrgern und G\u00e4sten der Veranstaltung und freute sich \u00fcber viele Begegnungen, vor allem auch an den St\u00e4nden der st\u00e4dtischen Blaulichtfamilie. Begleitet wurde er von einer Mitarbeiterin der Tourist-Information. Auch sie wurde von zahlreichen Besuchern angesprochen, vor allem zu touristischen Themen. Sie nahm dabei auch W\u00fcnsche entgegen, was in der Stadt verbessert oder ver\u00e4ndert werden k\u00f6nnte.<\/p>\n<div id='gallery_1' class='gallery galleryid-86415 gallery-columns-3 gallery-size-thumbnail'><figure class='gallery-item'>\n                <div class='gallery-icon landscape'>\n                    <a href='https:\/\/herzogtum-direkt.de\/wp-content\/uploads\/2026\/09\/Bundespolizei-Tag-der-offenen-Tuer-2026-hfr-1.jpg'><img decoding=\"async\" width=\"200\" height=\"200\" src=\"\" class=\"attachment-thumbnail size-thumbnail lazyload\" alt=\"\" aria-describedby=\"gallery_1-86417\" data-full-width=\"1000\" data-full-height=\"563\" data-src=\"https:\/\/herzogtum-direkt.de\/wp-content\/uploads\/2026\/09\/Bundespolizei-Tag-der-offenen-Tuer-2026-hfr-1-200x200.jpg\" data-sizes=\"auto\" data-srcset=\"https:\/\/herzogtum-direkt.de\/wp-content\/uploads\/2026\/09\/Bundespolizei-Tag-der-offenen-Tuer-2026-hfr-1-200x200.jpg 200w, https:\/\/herzogtum-direkt.de\/wp-content\/uploads\/2026\/09\/Bundespolizei-Tag-der-offenen-Tuer-2026-hfr-1-75x75.jpg 75w, https:\/\/herzogtum-direkt.de\/wp-content\/uploads\/2026\/09\/Bundespolizei-Tag-der-offenen-Tuer-2026-hfr-1-350x350.jpg 350w\" data-expand=\"700\" \/><\/a>\n                <\/div>\n                    <figcaption class='wp-caption-text gallery-caption' id='gallery_1-86417'>\n                    B\u00fcrgermeister Eckhard Graf (links) pr\u00e4sentiert am st\u00e4dtischen Pavillon Ratzeburg als &#8218;Engagierte Stadt&#8216; zusammen mit Silke Boldt und Ulrike Homa vom Ratzeburger Inklusionsbeirates und Silvia Tessmer von der &#8218;Partnerschaft f\u00fcr Demokratie der Stadt Ratzeburg und des Amtes Lauenburgische Seen. Foto: Stadt Ratzeburg, hfr\n                    <\/figcaption><\/figure><figure class='gallery-item'>\n                <div class='gallery-icon landscape'>\n                    <a href='https:\/\/herzogtum-direkt.de\/wp-content\/uploads\/2026\/09\/Bundespolizei-Tag-der-offenen-Tuer-2026-hfr-4.jpg'><img decoding=\"async\" width=\"200\" height=\"200\" src=\"\" class=\"attachment-thumbnail size-thumbnail lazyload\" alt=\"\" aria-describedby=\"gallery_1-86420\" data-full-width=\"1000\" data-full-height=\"563\" data-src=\"https:\/\/herzogtum-direkt.de\/wp-content\/uploads\/2026\/09\/Bundespolizei-Tag-der-offenen-Tuer-2026-hfr-4-200x200.jpg\" data-sizes=\"auto\" data-srcset=\"https:\/\/herzogtum-direkt.de\/wp-content\/uploads\/2026\/09\/Bundespolizei-Tag-der-offenen-Tuer-2026-hfr-4-200x200.jpg 200w, https:\/\/herzogtum-direkt.de\/wp-content\/uploads\/2026\/09\/Bundespolizei-Tag-der-offenen-Tuer-2026-hfr-4-75x75.jpg 75w, https:\/\/herzogtum-direkt.de\/wp-content\/uploads\/2026\/09\/Bundespolizei-Tag-der-offenen-Tuer-2026-hfr-4-350x350.jpg 350w\" data-expand=\"700\" \/><\/a>\n                <\/div>\n                    <figcaption class='wp-caption-text gallery-caption' id='gallery_1-86420'>\n                    Der Ratzeburger Inklusionsbeirat pr\u00e4sentierte sich und seine Arbeit an einem der Stadtpavillons (von links) Ulrike Homa, Torsten Egge, Silke Boldt. Foto: Stadt Ratzeburg, hfr\n                    <\/figcaption><\/figure><figure class='gallery-item'>\n                <div class='gallery-icon landscape'>\n                    <a href='https:\/\/herzogtum-direkt.de\/wp-content\/uploads\/2026\/09\/Bundespolizei-Tag-der-offenen-Tuer-2026-hfr-3.jpg'><img decoding=\"async\" width=\"200\" height=\"200\" src=\"\" class=\"attachment-thumbnail size-thumbnail lazyload\" alt=\"\" aria-describedby=\"gallery_1-86419\" data-full-width=\"1000\" data-full-height=\"563\" data-src=\"https:\/\/herzogtum-direkt.de\/wp-content\/uploads\/2026\/09\/Bundespolizei-Tag-der-offenen-Tuer-2026-hfr-3-200x200.jpg\" data-sizes=\"auto\" data-srcset=\"https:\/\/herzogtum-direkt.de\/wp-content\/uploads\/2026\/09\/Bundespolizei-Tag-der-offenen-Tuer-2026-hfr-3-200x200.jpg 200w, https:\/\/herzogtum-direkt.de\/wp-content\/uploads\/2026\/09\/Bundespolizei-Tag-der-offenen-Tuer-2026-hfr-3-75x75.jpg 75w, https:\/\/herzogtum-direkt.de\/wp-content\/uploads\/2026\/09\/Bundespolizei-Tag-der-offenen-Tuer-2026-hfr-3-350x350.jpg 350w\" data-expand=\"700\" \/><\/a>\n                <\/div>\n                    <figcaption class='wp-caption-text gallery-caption' id='gallery_1-86419'>\n                    Nina Hehn und Karoline Michaelis vom Diakonischen Werk Herzogtum Lauenburg pr\u00e4sentieren im Pavillon der Stadt Ratzeburg die Ratzeburger &#8218;Engagementstrategie&#8216;. Foto: Stadt Ratzeburg, hfr\n                    <\/figcaption><\/figure><br style=\"clear: both\" \/>\n            <\/div>\n\n<p>Unter dem Motto &#8218;Engagierte Stadt&#8216; wurde in einem benachbarten Pavillon das vielf\u00e4ltige b\u00fcrgerschaftliche Engagement in Ratzeburg pr\u00e4sentiert. Mitglieder des Seniorenbeirates, des Inklusionsbeirates und des Jugendbeirates warben f\u00fcr ihre Anliegen. Auch die &#8218;Partnerschaft f\u00fcr Demokratie&#8216; der Stadt Ratzeburg und des Amtes Lauenburgische Seen und die neugeschaffene Servicestelle der Ratzeburger &#8218;Engagementstrategie&#8216; waren mit ihren Angeboten vor Ort. Die Lebhaftigkeit dieses Pavillons gab einen guten Eindruck der engagierten Ratzeburger Stadtgesellschaft, in der sich viele Menschen f\u00fcr Themen wie Inklusion, Senioren- und Jugendbeteiligung, Demokratie, Vielfalt und Mitmenschlichkeit einbringen.<\/p>\n<figure id=\"attachment_86418\" aria-describedby=\"caption-attachment-86418\" style=\"width: 600px\" class=\"wp-caption alignnone\"><img loading=\"lazy\" decoding=\"async\" class=\"size-medium wp-image-86418\" src=\"https:\/\/herzogtum-direkt.de\/wp-content\/uploads\/2026\/09\/Bundespolizei-Tag-der-offenen-Tuer-2026-hfr-2-600x338.jpg\" alt=\"\" width=\"600\" height=\"338\" srcset=\"https:\/\/herzogtum-direkt.de\/wp-content\/uploads\/2026\/09\/Bundespolizei-Tag-der-offenen-Tuer-2026-hfr-2-600x338.jpg 600w, https:\/\/herzogtum-direkt.de\/wp-content\/uploads\/2026\/09\/Bundespolizei-Tag-der-offenen-Tuer-2026-hfr-2-1024x576.jpg 1024w, https:\/\/herzogtum-direkt.de\/wp-content\/uploads\/2026\/09\/Bundespolizei-Tag-der-offenen-Tuer-2026-hfr-2-768x432.jpg 768w, https:\/\/herzogtum-direkt.de\/wp-content\/uploads\/2026\/09\/Bundespolizei-Tag-der-offenen-Tuer-2026-hfr-2-1536x864.jpg 1536w, https:\/\/herzogtum-direkt.de\/wp-content\/uploads\/2026\/09\/Bundespolizei-Tag-der-offenen-Tuer-2026-hfr-2.jpg 2016w\" sizes=\"(max-width: 600px) 100vw, 600px\" \/><figcaption id=\"caption-attachment-86418\" class=\"wp-caption-text\">Auch der Jugendbeirat der Stadt Ratzeburg pr\u00e4sentierte an einem der Pavillons der Stadt Ratzeburg. Foto: Stadt Ratzeburg, hfr<\/figcaption><\/figure>\n<p>&#8222;F\u00fcr uns als Stadt war es wichtig, bei dieser nachgeholten Jubil\u00e4umsfeier des Bundespolizeiabteilung Ratzeburg pr\u00e4sent zu sein und unsere Verbundenheit mit dem Bundespolizeistandort zu zeigen. Wir teilen seit \u00fcber 70 Jahren Stadtgeschichte&#8220;, sagte B\u00fcrgermeister Eckhard Graf.<\/p>\n","protected":false},"excerpt":{"rendered":"<p>Ratzeburg (pm). Mit einem eigenen Stand hat sich die Stadt Ratzeburg am vergangenen Sonntag (30. August 2026 Anmerkung der Redaktion) beim &#8218;Tag der offenen T\u00fcr&#8216; auf dem Gel\u00e4nde der Bundespolizeiabteilung Ratzeburg pr\u00e4sentiert. B\u00fcrgermeister Eckhard Graf suchte am Vormittag das Gespr\u00e4ch mit B\u00fcrgern und G\u00e4sten der Veranstaltung und freute sich \u00fcber viele Begegnungen, vor allem auch [&hellip;]<\/p>\n","protected":false},"author":49,"featured_media":86416,"comment_status":"closed","ping_status":"closed","sticky":false,"template":"","format":"standard","meta":{"jnews-multi-image_gallery":[],"jnews_single_post":{"subtitle":"","format":"standard","override":[{"template":"1","parallax":"1","fullscreen":"1","layout":"right-sidebar","sidebar":"default-sidebar","second_sidebar":"default-sidebar","share_position":"top","share_float_style":"share-monocrhome","show_featured":"1","show_post_meta":"1","show_post_author":"1","show_post_author_image":"1","show_post_date":"1","post_date_format":"default","post_date_format_custom":"Y\/m\/d","post_reading_time_wpm":"300","post_calculate_word_method":"str_word_count","show_zoom_button":"0","zoom_button_out_step":"2","zoom_button_in_step":"3","show_post_tag":"1","show_popup_post":"1","number_popup_post":"1","show_author_box":"1","show_post_related":"1","show_inline_post_related":"0"}],"image_override":[{"single_post_thumbnail_size":"crop-500","single_post_gallery_size":"crop-500"}],"trending_post_position":"meta","trending_post_label":"Trending","sponsored_post_label":"Sponsored by","disable_ad":"0"},"jnews_primary_category":[],"jnews_social_meta":[],"jnews_override_counter":{"view_counter_number":"0","share_counter_number":"0","like_counter_number":"0","dislike_counter_number":"0"},"jnews_post_split":{"post_split":[{"template":"1","tag":"h2","numbering":"asc","mode":"normal","first":"0","enable_toc":"0","toc_type":"normal"}]},"footnotes":""},"categories":[74,73,64],"tags":[192,3650],"class_list":["post-86415","post","type-post","status-publish","format-standard","has-post-thumbnail","hentry","category-jugend-direkt","category-landleute","category-ratzeburg","tag-bundespolizeiabteilung-ratzeburg","tag-tag-der-offenen-tuer"],"_links":{"self":[{"href":"https:\/\/herzogtum-direkt.de\/index.php\/wp-json\/wp\/v2\/posts\/86415","targetHints":{"allow":["GET"]}}],"collection":[{"href":"https:\/\/herzogtum-direkt.de\/index.php\/wp-json\/wp\/v2\/posts"}],"about":[{"href":"https:\/\/herzogtum-direkt.de\/index.php\/wp-json\/wp\/v2\/types\/post"}],"author":[{"embeddable":true,"href":"https:\/\/herzogtum-direkt.de\/index.php\/wp-json\/wp\/v2\/users\/49"}],"replies":[{"embeddable":true,"href":"https:\/\/herzogtum-direkt.de\/index.php\/wp-json\/wp\/v2\/comments?post=86415"}],"version-history":[{"count":1,"href":"https:\/\/herzogtum-direkt.de\/index.php\/wp-json\/wp\/v2\/posts\/86415\/revisions"}],"predecessor-version":[{"id":86421,"href":"https:\/\/herzogtum-direkt.de\/index.php\/wp-json\/wp\/v2\/posts\/86415\/revisions\/86421"}],"wp:featuredmedia":[{"embeddable":true,"href":"https:\/\/herzogtum-direkt.de\/index.php\/wp-json\/wp\/v2\/media\/86416"}],"wp:attachment":[{"href":"https:\/\/herzogtum-direkt.de\/index.php\/wp-json\/wp\/v2\/media?parent=86415"}],"wp:term":[{"taxonomy":"category","embeddable":true,"href":"https:\/\/herzogtum-direkt.de\/index.php\/wp-json\/wp\/v2\/categories?post=86415"},{"taxonomy":"post_tag","embeddable":true,"href":"https:\/\/herzogtum-direkt.de\/index.php\/wp-json\/wp\/v2\/tags?post=86415"}],"curies":[{"name":"wp","href":"https:\/\/api.w.org\/{rel}","templated":true}]}}