{"id":86412,"date":"2026-09-02T07:44:07","date_gmt":"2026-09-02T06:44:07","guid":{"rendered":"https:\/\/herzogtum-direkt.de\/?p=86412"},"modified":"2026-09-02T07:44:07","modified_gmt":"2026-09-02T06:44:07","slug":"neuwahl-des-ratzeburger-jugendbeirates-aufruf-zur-bewerbung","status":"publish","type":"post","link":"https:\/\/herzogtum-direkt.de\/index.php\/2026\/09\/02\/neuwahl-des-ratzeburger-jugendbeirates-aufruf-zur-bewerbung\/","title":{"rendered":"Neuwahl des Ratzeburger Jugendbeirates &#8211; Aufruf zur Bewerbung"},"content":{"rendered":"<p><b>Ratzeburg (pm). <\/b>Der Ratzeburger Jugendbeirat wird in der ersten Dezemberwoche neu gew\u00e4hlt. Kinder- und Jugendlichen im Alter von 11 bis 21, die in Ratzeburg und den umliegenden Schulverbandsgemeinden leben, k\u00f6nnen sich daf\u00fcr als Kandidatinnen und Kandidaten unter <a href=\"mailto:jugendbeirat@ratzeburg.de\" target=\"_blank\" rel=\"noopener\">jugendbeirat@ratzeburg.de<\/a> bewerben.<\/p>\n<p>Sie erhalten einen Kandidatenbogen, aus dem heraus anschlie\u00dfend auch ein individuelles Wahlplakat gestaltet werden soll. Der Kandidatenbogen kann auch direkt auf der Webseite der Stadt Ratzeburg (<a href=\"http:\/\/www.ratzeburg.de\/\" target=\"_blank\" rel=\"noopener\">www.ratzeburg.de<\/a>) heruntergeladen und ausgef\u00fcllt im Briefkasten des Rathauses eingeworfen werden. Die Bewerbungsfrist l\u00e4uft noch bis zum 28. Oktober 2026.<\/p>\n<p>\u201eIch hoffe, dass wir hier im Rathaus auch in den kommenden zwei Jahre wieder mit engagierten Kindern und Jugendlichen unsere Stadt gemeinsam gestalten k\u00f6nnen. Nutzt die Chance, die Euch der Jugendbeirat bietet. Ihr k\u00f6nnt mitreden und Eure Interessen vertreten. Ihr werdet geh\u00f6rt, wenn ihr mitmacht&#8220;, sagt B\u00fcrgermeister Eckhart Graf, selbst ein gro\u00dfer Fan des Ratzeburger Jugendbeirats.<\/p>\n","protected":false},"excerpt":{"rendered":"<p>Ratzeburg (pm). Der Ratzeburger Jugendbeirat wird in der ersten Dezemberwoche neu gew\u00e4hlt. Kinder- und Jugendlichen im Alter von 11 bis 21, die in Ratzeburg und den umliegenden Schulverbandsgemeinden leben, k\u00f6nnen sich daf\u00fcr als Kandidatinnen und Kandidaten unter jugendbeirat@ratzeburg.de bewerben. Sie erhalten einen Kandidatenbogen, aus dem heraus anschlie\u00dfend auch ein individuelles Wahlplakat gestaltet werden soll. Der [&hellip;]<\/p>\n","protected":false},"author":2,"featured_media":86413,"comment_status":"closed","ping_status":"closed","sticky":false,"template":"","format":"standard","meta":{"jnews-multi-image_gallery":[],"jnews_single_post":{"subtitle":"","format":"standard","override":[{"template":"1","parallax":"1","fullscreen":"1","layout":"right-sidebar","sidebar":"default-sidebar","second_sidebar":"default-sidebar","share_position":"top","share_float_style":"share-monocrhome","show_featured":"1","show_post_meta":"1","show_post_author":"1","show_post_author_image":"1","show_post_date":"1","post_date_format":"default","post_date_format_custom":"Y\/m\/d","post_reading_time_wpm":"300","post_calculate_word_method":"str_word_count","show_zoom_button":"0","zoom_button_out_step":"2","zoom_button_in_step":"3","show_post_tag":"1","show_popup_post":"1","number_popup_post":"1","show_author_box":"1","show_post_related":"1","show_inline_post_related":"0"}],"image_override":[{"single_post_thumbnail_size":"crop-500","single_post_gallery_size":"crop-500"}],"trending_post_position":"meta","trending_post_label":"Trending","sponsored_post_label":"Sponsored by","disable_ad":"0"},"jnews_primary_category":[],"jnews_social_meta":[],"jnews_override_counter":{"view_counter_number":"0","share_counter_number":"0","like_counter_number":"0","dislike_counter_number":"0"},"jnews_post_split":{"post_split":[{"template":"1","tag":"h2","numbering":"asc","mode":"normal","first":"0","enable_toc":"0","toc_type":"normal"}]},"footnotes":""},"categories":[63,74,64,2],"tags":[],"class_list":["post-86412","post","type-post","status-publish","format-standard","has-post-thumbnail","hentry","category-herzogtum-lauenburg","category-jugend-direkt","category-ratzeburg","category-startseite"],"_links":{"self":[{"href":"https:\/\/herzogtum-direkt.de\/index.php\/wp-json\/wp\/v2\/posts\/86412","targetHints":{"allow":["GET"]}}],"collection":[{"href":"https:\/\/herzogtum-direkt.de\/index.php\/wp-json\/wp\/v2\/posts"}],"about":[{"href":"https:\/\/herzogtum-direkt.de\/index.php\/wp-json\/wp\/v2\/types\/post"}],"author":[{"embeddable":true,"href":"https:\/\/herzogtum-direkt.de\/index.php\/wp-json\/wp\/v2\/users\/2"}],"replies":[{"embeddable":true,"href":"https:\/\/herzogtum-direkt.de\/index.php\/wp-json\/wp\/v2\/comments?post=86412"}],"version-history":[{"count":1,"href":"https:\/\/herzogtum-direkt.de\/index.php\/wp-json\/wp\/v2\/posts\/86412\/revisions"}],"predecessor-version":[{"id":86414,"href":"https:\/\/herzogtum-direkt.de\/index.php\/wp-json\/wp\/v2\/posts\/86412\/revisions\/86414"}],"wp:featuredmedia":[{"embeddable":true,"href":"https:\/\/herzogtum-direkt.de\/index.php\/wp-json\/wp\/v2\/media\/86413"}],"wp:attachment":[{"href":"https:\/\/herzogtum-direkt.de\/index.php\/wp-json\/wp\/v2\/media?parent=86412"}],"wp:term":[{"taxonomy":"category","embeddable":true,"href":"https:\/\/herzogtum-direkt.de\/index.php\/wp-json\/wp\/v2\/categories?post=86412"},{"taxonomy":"post_tag","embeddable":true,"href":"https:\/\/herzogtum-direkt.de\/index.php\/wp-json\/wp\/v2\/tags?post=86412"}],"curies":[{"name":"wp","href":"https:\/\/api.w.org\/{rel}","templated":true}]}}