{"id":86372,"date":"2026-09-01T08:46:40","date_gmt":"2026-09-01T07:46:40","guid":{"rendered":"https:\/\/herzogtum-direkt.de\/?p=86372"},"modified":"2026-09-01T08:46:40","modified_gmt":"2026-09-01T07:46:40","slug":"moellner-citylauf-spass-stimmung-tolle-leistungen","status":"publish","type":"post","link":"https:\/\/herzogtum-direkt.de\/index.php\/2026\/09\/01\/moellner-citylauf-spass-stimmung-tolle-leistungen\/","title":{"rendered":"M\u00f6llner Citylauf: Spa\u00df, Stimmung, tolle Leistungen"},"content":{"rendered":"<p><b>M\u00f6lln (pm). <\/b>Am Sonnabend, 29. August war wieder Laufen in M\u00f6lln angesagt. Der Citylauf wurde zum 30ten Mal ausgetragen.<\/p>\n<p>Bei perfektem Laufwetter gingen \u00fcber 500 Sportler jeden Alters an den Start. Die Kleinsten waren im Bambini-Lauf \u00fcber 450 Meter im Einsatz und verursachten ein tolles Tohuwabohu voll L\u00e4rm, Aufregung und Spa\u00df. Jedes Jahr wieder ein gro\u00dfes Highlight. Andererseits hatte aber auch die \u00e4ltere Generation gemeldet. \u00dcber 80-j\u00e4hrige absolvierten stolz und gl\u00fccklich ihre jeweilige Strecke von 2, 4 oder 10 Kilometer. Dazu die Elite. Tolle Leistungen, klasse Zeiten, sportliche Spitzenleistungen wurden gezeigt. Der Veranstalter freut sich, dass sowohl viele Freizeitl\u00e4ufer wie auch Spitzenathleten immer zu Besuch kommen. Alle Ergebnisse sind auf der Homepage der Zeiterfassungsfirma stgk.de einzusehen.<\/p>\n<p>Ein Geheimnis ist ja jedes Jahr die Farbe des Funktionsshirts f\u00fcr die Teilnehmer. Zum Jubil\u00e4um f\u00fcr die 30 Jahre ist es nat\u00fcrlich rot &#8211; das Rot der M\u00f6llner Sportvereinigung. Es wird demn\u00e4chst sicherlich h\u00e4ufig in M\u00f6lln auf Trainingsrunden zu sehen sein.<\/p>\n<p>Die Organisatoren freuen sich auf das kommende Jahr und hoffen, dass sich bis dahin noch viele weitere Laufbegeisterte finden.<\/p>\n","protected":false},"excerpt":{"rendered":"<p>M\u00f6lln (pm). Am Sonnabend, 29. August war wieder Laufen in M\u00f6lln angesagt. Der Citylauf wurde zum 30ten Mal ausgetragen. Bei perfektem Laufwetter gingen \u00fcber 500 Sportler jeden Alters an den Start. Die Kleinsten waren im Bambini-Lauf \u00fcber 450 Meter im Einsatz und verursachten ein tolles Tohuwabohu voll L\u00e4rm, Aufregung und Spa\u00df. Jedes Jahr wieder ein [&hellip;]<\/p>\n","protected":false},"author":2,"featured_media":86373,"comment_status":"closed","ping_status":"closed","sticky":false,"template":"","format":"standard","meta":{"jnews-multi-image_gallery":[],"jnews_single_post":{"subtitle":"","format":"standard","override":[{"template":"1","parallax":"1","fullscreen":"1","layout":"right-sidebar","sidebar":"default-sidebar","second_sidebar":"default-sidebar","share_position":"top","share_float_style":"share-monocrhome","show_featured":"1","show_post_meta":"1","show_post_author":"1","show_post_author_image":"1","show_post_date":"1","post_date_format":"default","post_date_format_custom":"Y\/m\/d","post_reading_time_wpm":"300","post_calculate_word_method":"str_word_count","show_zoom_button":"0","zoom_button_out_step":"2","zoom_button_in_step":"3","show_post_tag":"1","show_popup_post":"1","number_popup_post":"1","show_author_box":"1","show_post_related":"1","show_inline_post_related":"0"}],"image_override":[{"single_post_thumbnail_size":"crop-500","single_post_gallery_size":"crop-500"}],"trending_post_position":"meta","trending_post_label":"Trending","sponsored_post_label":"Sponsored by","disable_ad":"0"},"jnews_primary_category":[],"jnews_social_meta":[],"jnews_override_counter":{"view_counter_number":"0","share_counter_number":"0","like_counter_number":"0","dislike_counter_number":"0"},"jnews_post_split":{"post_split":[{"template":"1","tag":"h2","numbering":"asc","mode":"normal","first":"0","enable_toc":"0","toc_type":"normal"}]},"footnotes":""},"categories":[1,63,66,71],"tags":[688,2398],"class_list":["post-86372","post","type-post","status-publish","format-standard","has-post-thumbnail","hentry","category-feature","category-herzogtum-lauenburg","category-moelln","category-sport","tag-laufen","tag-moellner-citylauf"],"_links":{"self":[{"href":"https:\/\/herzogtum-direkt.de\/index.php\/wp-json\/wp\/v2\/posts\/86372","targetHints":{"allow":["GET"]}}],"collection":[{"href":"https:\/\/herzogtum-direkt.de\/index.php\/wp-json\/wp\/v2\/posts"}],"about":[{"href":"https:\/\/herzogtum-direkt.de\/index.php\/wp-json\/wp\/v2\/types\/post"}],"author":[{"embeddable":true,"href":"https:\/\/herzogtum-direkt.de\/index.php\/wp-json\/wp\/v2\/users\/2"}],"replies":[{"embeddable":true,"href":"https:\/\/herzogtum-direkt.de\/index.php\/wp-json\/wp\/v2\/comments?post=86372"}],"version-history":[{"count":1,"href":"https:\/\/herzogtum-direkt.de\/index.php\/wp-json\/wp\/v2\/posts\/86372\/revisions"}],"predecessor-version":[{"id":86374,"href":"https:\/\/herzogtum-direkt.de\/index.php\/wp-json\/wp\/v2\/posts\/86372\/revisions\/86374"}],"wp:featuredmedia":[{"embeddable":true,"href":"https:\/\/herzogtum-direkt.de\/index.php\/wp-json\/wp\/v2\/media\/86373"}],"wp:attachment":[{"href":"https:\/\/herzogtum-direkt.de\/index.php\/wp-json\/wp\/v2\/media?parent=86372"}],"wp:term":[{"taxonomy":"category","embeddable":true,"href":"https:\/\/herzogtum-direkt.de\/index.php\/wp-json\/wp\/v2\/categories?post=86372"},{"taxonomy":"post_tag","embeddable":true,"href":"https:\/\/herzogtum-direkt.de\/index.php\/wp-json\/wp\/v2\/tags?post=86372"}],"curies":[{"name":"wp","href":"https:\/\/api.w.org\/{rel}","templated":true}]}}