{"id":86365,"date":"2026-09-01T08:22:30","date_gmt":"2026-09-01T07:22:30","guid":{"rendered":"https:\/\/herzogtum-direkt.de\/?p=86365"},"modified":"2026-09-01T08:22:30","modified_gmt":"2026-09-01T07:22:30","slug":"i-have-a-dream-was-bedeutet-zivilcourage","status":"publish","type":"post","link":"https:\/\/herzogtum-direkt.de\/index.php\/2026\/09\/01\/i-have-a-dream-was-bedeutet-zivilcourage\/","title":{"rendered":"I have a Dream &#8211; Was bedeutet Zivilcourage?"},"content":{"rendered":"<p><b>M\u00f6lln (pm). <\/b>Am Mittwoch, 9. September 2026 h\u00e4lt Professor Dr. Hans-Joachim Pieper im Theater des Augustinum M\u00f6lln einen Vortrag \u00fcber Zivilcourage. Der Beginn der Veranstaltung ist 19.30 Uhr. Der Eintritt betr\u00e4gt 9 Euro sowie 7 Euro erm\u00e4\u00dfigt. Tickets sind an der Abendkasse erh\u00e4ltlich.<\/p>\n<figure id=\"attachment_86366\" aria-describedby=\"caption-attachment-86366\" style=\"width: 500px\" class=\"wp-caption alignnone\"><img fetchpriority=\"high\" decoding=\"async\" class=\"wp-image-86366 size-full\" src=\"https:\/\/herzogtum-direkt.de\/wp-content\/uploads\/2026\/09\/Dr.-Pieper.-Foto-Ursuala-Goeth-hfr-rotated.jpg\" alt=\"\" width=\"500\" height=\"667\" srcset=\"https:\/\/herzogtum-direkt.de\/wp-content\/uploads\/2026\/09\/Dr.-Pieper.-Foto-Ursuala-Goeth-hfr-rotated.jpg 500w, https:\/\/herzogtum-direkt.de\/wp-content\/uploads\/2026\/09\/Dr.-Pieper.-Foto-Ursuala-Goeth-hfr-450x600.jpg 450w\" sizes=\"(max-width: 500px) 100vw, 500px\" \/><figcaption id=\"caption-attachment-86366\" class=\"wp-caption-text\">Dr. Pieper. Foto: Ursuala Goeth, hfr<\/figcaption><\/figure>\n<p>Zivilcourage ist gefragt, wenn Menschen f\u00fcr ihre \u00dcberzeugungen eintreten, Missst\u00e4nde benennen und dabei pers\u00f6nliche Nachteile in Kauf nehmen. Doch was unterscheidet Zivilcourage von Mut im Allgemeinen oder gar von Heldentum?<\/p>\n<p>Diesen Fragen widmet sich der Bonner Philosoph Prof. Dr. Hans-Joachim Pieper in seinem Vortrag. Anhand verschiedener Beispiele beleuchtet er die Bedeutung dieser B\u00fcrger*innen-Tugend und untersucht, welchen Werten sie verpflichtet ist. Geht es dabei allein um Mut \u2013 oder setzt Zivilcourage den Einsatz f\u00fcr Freiheit, Demokratie, Rechtsstaatlichkeit und Menschenrechte voraus?<\/p>\n<p>\nAngesichts gesellschaftlicher Herausforderungen und zunehmender Polarisierung gewinnt das Thema an Aktualit\u00e4t. Wo liegen die Grenzen zwischen notwendigem Engagement und Ideologie, zwischen couragiertem Handeln und Selbst\u00fcbersch\u00e4tzung? Der Vortrag l\u00e4dt dazu ein, \u00fcber Verantwortung, Haltung und den Umgang miteinander nachzudenken.<\/p>\n<p><\/p>\n","protected":false},"excerpt":{"rendered":"<p>M\u00f6lln (pm). Am Mittwoch, 9. September 2026 h\u00e4lt Professor Dr. Hans-Joachim Pieper im Theater des Augustinum M\u00f6lln einen Vortrag \u00fcber Zivilcourage. Der Beginn der Veranstaltung ist 19.30 Uhr. Der Eintritt betr\u00e4gt 9 Euro sowie 7 Euro erm\u00e4\u00dfigt. Tickets sind an der Abendkasse erh\u00e4ltlich. Zivilcourage ist gefragt, wenn Menschen f\u00fcr ihre \u00dcberzeugungen eintreten, Missst\u00e4nde benennen und [&hellip;]<\/p>\n","protected":false},"author":2,"featured_media":64060,"comment_status":"closed","ping_status":"closed","sticky":false,"template":"","format":"standard","meta":{"jnews-multi-image_gallery":[],"jnews_single_post":{"subtitle":"","format":"standard","override":[{"template":"1","parallax":"1","fullscreen":"1","layout":"right-sidebar","sidebar":"default-sidebar","second_sidebar":"default-sidebar","share_position":"top","share_float_style":"share-monocrhome","show_featured":"1","show_post_meta":"1","show_post_author":"1","show_post_author_image":"1","show_post_date":"1","post_date_format":"default","post_date_format_custom":"Y\/m\/d","post_reading_time_wpm":"300","post_calculate_word_method":"str_word_count","show_zoom_button":"0","zoom_button_out_step":"2","zoom_button_in_step":"3","show_post_tag":"1","show_popup_post":"1","number_popup_post":"1","show_author_box":"1","show_post_related":"1","show_inline_post_related":"0"}],"image_override":[{"single_post_thumbnail_size":"crop-500","single_post_gallery_size":"crop-500"}],"trending_post_position":"meta","trending_post_label":"Trending","sponsored_post_label":"Sponsored by","disable_ad":"0"},"jnews_primary_category":[],"jnews_social_meta":[],"jnews_override_counter":{"view_counter_number":"0","share_counter_number":"0","like_counter_number":"0","dislike_counter_number":"0"},"jnews_post_split":{"post_split":[{"template":"1","tag":"h2","numbering":"asc","mode":"normal","first":"0","enable_toc":"0","toc_type":"normal"}]},"footnotes":""},"categories":[63,73,66],"tags":[464,170],"class_list":["post-86365","post","type-post","status-publish","format-standard","has-post-thumbnail","hentry","category-herzogtum-lauenburg","category-landleute","category-moelln","tag-augustinum-moelln","tag-vortrag"],"_links":{"self":[{"href":"https:\/\/herzogtum-direkt.de\/index.php\/wp-json\/wp\/v2\/posts\/86365","targetHints":{"allow":["GET"]}}],"collection":[{"href":"https:\/\/herzogtum-direkt.de\/index.php\/wp-json\/wp\/v2\/posts"}],"about":[{"href":"https:\/\/herzogtum-direkt.de\/index.php\/wp-json\/wp\/v2\/types\/post"}],"author":[{"embeddable":true,"href":"https:\/\/herzogtum-direkt.de\/index.php\/wp-json\/wp\/v2\/users\/2"}],"replies":[{"embeddable":true,"href":"https:\/\/herzogtum-direkt.de\/index.php\/wp-json\/wp\/v2\/comments?post=86365"}],"version-history":[{"count":1,"href":"https:\/\/herzogtum-direkt.de\/index.php\/wp-json\/wp\/v2\/posts\/86365\/revisions"}],"predecessor-version":[{"id":86367,"href":"https:\/\/herzogtum-direkt.de\/index.php\/wp-json\/wp\/v2\/posts\/86365\/revisions\/86367"}],"wp:featuredmedia":[{"embeddable":true,"href":"https:\/\/herzogtum-direkt.de\/index.php\/wp-json\/wp\/v2\/media\/64060"}],"wp:attachment":[{"href":"https:\/\/herzogtum-direkt.de\/index.php\/wp-json\/wp\/v2\/media?parent=86365"}],"wp:term":[{"taxonomy":"category","embeddable":true,"href":"https:\/\/herzogtum-direkt.de\/index.php\/wp-json\/wp\/v2\/categories?post=86365"},{"taxonomy":"post_tag","embeddable":true,"href":"https:\/\/herzogtum-direkt.de\/index.php\/wp-json\/wp\/v2\/tags?post=86365"}],"curies":[{"name":"wp","href":"https:\/\/api.w.org\/{rel}","templated":true}]}}