{"id":86344,"date":"2026-08-31T10:20:30","date_gmt":"2026-08-31T09:20:30","guid":{"rendered":"https:\/\/herzogtum-direkt.de\/?p=86344"},"modified":"2026-08-31T10:20:30","modified_gmt":"2026-08-31T09:20:30","slug":"arbeitsmarkt-im-august-2","status":"publish","type":"post","link":"https:\/\/herzogtum-direkt.de\/index.php\/2026\/08\/31\/arbeitsmarkt-im-august-2\/","title":{"rendered":"Arbeitsmarkt im August"},"content":{"rendered":"<p lang=\"x-none\" style=\"text-align: left;\" align=\"justify\"><span style=\"font-family: Arial, sans-serif;\"><span style=\"font-size: small;\"><span lang=\"de-DE\"><strong>Herzogtum Lauenburg (pm).<\/strong> Wie bereits im vergangenen Monat ist auch im August die Zahl arbeitsloser Menschen im Kreis Herzogtum Lauenburg gestiegen. Die Zunahme um plus 95 arbeitslose Menschen f\u00e4llt jedoch niedriger aus als im Juli. Seinerzeit lag der der Anstieg bei plus 221. Insgesamt sind jetzt 6.230 Menschen bei den Agenturen f\u00fcr Arbeit in M\u00f6lln und Geesthacht sowie dem Jobcenter Herzogtum Lauenburg arbeitslos gemeldet. Das Plus zum Vormonat wirkt sich auf die Arbeitslosenquote aus. Sie steigt um 0,1 Prozentpunkt auf aktuell 5,6 Prozent. <\/span><\/span><\/span><\/p>\n<p lang=\"x-none\" style=\"text-align: left;\" align=\"justify\"><span style=\"font-family: Arial, sans-serif;\"><span style=\"font-size: small;\"><span lang=\"de-DE\">Im vergangenen Jahr waren im August 6.033 Menschen und damit 197 weniger arbeitslos gemeldet. Die Quote lag seinerzeit bei 5,4 Prozent.<\/span><\/span><\/span><\/p>\n<p lang=\"x-none\" style=\"text-align: left;\" align=\"justify\">\u201e<span style=\"font-family: Arial, sans-serif;\"><span style=\"font-size: small;\"><span lang=\"de-DE\">Die bis in den August andauernde Ferienzeit hat die Zahl arbeitsloser Menschen nochmals ansteigen lassen. Mit den aktuellen 5,6 Prozent liegt die Arbeitslosenquote auf einem Jahresh\u00f6chstwert. Es haben sich zwar weiter viele Menschen in eine Erwerbst\u00e4tigkeit abgemeldet, jedoch ist die Zahl derer, die sich neu arbeitslos melden, h\u00f6her. Dies f\u00fchrt in der Summe dazu, dass weiterhin mehr Menschen auf Jobsuche als im Vormonat und im Vorjahr sind. Hier hat neben der Ferienzeit die verhaltene konjunkturelle Entwicklung weiterhin Einfluss\u201c, sagt Kathleen Wieczorek, Chefin der Agentur f\u00fcr Arbeit Bad Oldesloe zu den aktuellen Arbeitsmarktdaten f\u00fcr den Kreis Herzogtum Lauenburg. <\/span><\/span><span style=\"font-size: small;\">\u201eDie Entwicklung bei den vakanten Stellen ist im August positiv. Mit jetzt 1.418 gemeldeten Stellen ist erstmals in diesem Jahr die Zahl von 1.400 wieder \u00fcberschritten. Damit sind weiterhin Chancen f\u00fcr Jobsuchende vorhanden, auch wenn die Suche l\u00e4nger dauert oder mehr Flexibilit\u00e4t erfordert. Positive Signale finden sich bei Unternehmen aus dem Bereich der \u00f6ffentlichen Verwaltung, der freiberuflichen, wissenschaftlichen und technischen Dienstleistungen sowie der Arbeitnehmer\u00fcberlassung. Sie haben in diesem Monat mehr neue Stellen gemeldet als in den Wochen zuvor\u201d<\/span><span style=\"font-size: small;\"><span lang=\"de-DE\">, so Wieczorek. <\/span><\/span><\/span><\/p>\n<p lang=\"x-none\" style=\"text-align: left;\" align=\"justify\"><span style=\"font-family: Arial, sans-serif;\"><span style=\"font-size: small;\"><span lang=\"de-DE\"><b>Sozialversicherungspflichtige Stellen<\/b><\/span><\/span><\/span><\/p>\n<p lang=\"x-none\" style=\"text-align: left;\" align=\"justify\"><span style=\"font-family: Arial, sans-serif;\"><span style=\"font-size: small;\"><span lang=\"de-DE\">Dem gemeinsamen Arbeitgeber-Service von Arbeitsagentur und Jobcenter sind im August 246 neue sozialversicherungspflichtige Stellen gemeldet worden.<\/span><\/span><span style=\"font-size: small;\"> Aktuell <\/span><span style=\"font-size: small;\"><span lang=\"de-DE\">sind insgesamt 1.418 sozialversicherungspflichtige Stellen im Kreis Herzogtum Lauenburg zu besetzen, 21 oder 1,5 Prozent mehr als im Vormonat. Im Vergleich zum Vorjahresmonat sind dies 112 Stellen mehr (plus 8,6 Prozent). <\/span><\/span><\/span><\/p>\n<p lang=\"x-none\" style=\"text-align: left;\" align=\"justify\"><span style=\"font-family: Arial, sans-serif;\"><span style=\"font-size: small;\"><b>Unterbesch\u00e4ftigung<\/b><\/span><\/span><\/p>\n<p class=\"western\" style=\"text-align: left;\" align=\"justify\"><span style=\"font-family: Arial, sans-serif;\"><span style=\"font-size: small;\">Die Unterbesch\u00e4ftigung zeigt, wie viele Menschen im Kreis Herzogtum Lauenburg insgesamt auf der Suche nach einer neuen Besch\u00e4ftigung sind. \u201eDie Zahl der Unterbesch\u00e4ftigten betr\u00e4gt aktuell 7.619 und hat damit um 54 zum Vormonat zugenommen. Die Unterbesch\u00e4ftigungsquote hat sich nicht ver\u00e4ndert und liegt weiterhin bei 6,7 Prozent. Im August des Vorjahres lag sie bei 6,6 Prozent\u201c, so Wieczorek. <\/span><\/span><\/p>\n<p class=\"western\" style=\"text-align: left;\" align=\"justify\"><span style=\"font-family: Arial, sans-serif;\"><span style=\"font-size: small;\">Nicht als arbeitslos gez\u00e4hlt werden beispielsweise Teilnehmende an Weiterbildungsma\u00dfnahmen und in Arbeitsgelegenheiten oder Arbeitsuchende, die derzeit arbeitsunf\u00e4hig erkrankt sind, sowie gefl\u00fcchtete Menschen, die einen Sprach- oder Integrationskurs oder eine der berufsvorbereitenden Ma\u00dfnahmen der Arbeitsagentur oder des Jobcenters besuchen. Sie alle werden zus\u00e4tzlich zu den arbeitslos gemeldeten Menschen in der Statistik zur Unterbesch\u00e4ftigung erfasst, die die Agentur f\u00fcr Arbeit ebenfalls monatlich ver\u00f6ffentlicht. <\/span><\/span><\/p>\n<p class=\"western\" style=\"text-align: left;\" align=\"justify\"><span style=\"font-family: Arial, sans-serif;\"><span style=\"font-size: small;\"><b>Ausbildungsmarkt: Weiterhin Chancen f\u00fcr Ausbildungssuchende <\/b><\/span><\/span><\/p>\n<p class=\"western\" style=\"text-align: left;\" align=\"justify\"><span style=\"font-family: Arial, sans-serif;\"><span style=\"font-size: small;\">Nach dem ersten Starttermin Anfang August folgt am kommenden Dienstag f\u00fcr weitere Jugendliche der Schritt in ihre Ausbildung. Doch auch f\u00fcr diejenigen, die noch keinen Ausbildungsvertrag haben, best\u00fcnden unver\u00e4ndert Chancen auf einen Ausbildungsplatz, so die Chefin der Agentur f\u00fcr Arbeit Bad Oldesloe. Von den urspr\u00fcnglich 968 gemeldeten Ausbildungsstellen zum Ausbildungsstart 2026 im Kreis Herzogtum Lauenburg sind 270 noch vakant. <\/span><\/span><\/p>\n<p class=\"western\" style=\"text-align: left;\" align=\"justify\">\u201e<span style=\"font-family: Arial, sans-serif;\"><span style=\"font-size: small;\">Es gibt keinen Grund f\u00fcr Ausbildungsstellensuchende, in ihren Bem\u00fchungen nachzulassen\u201c, so Wieczorek. \u201eSp\u00e4tstarterinnen und Sp\u00e4tstarter\u201c h\u00e4tten bei der Ausbildungssuche weiterhin Chancen. \u201eDie Kammern, die Beruflichen Schulen und wir wollen betonen: Auch nach den beiden Startterminen Anfang August und Anfang September ist es m\u00f6glich, in eine Berufsausbildung einzusteigen. Unternehmen und junge Ausbildungssuchende sollten ihre Aktivit\u00e4ten deshalb nicht einstellen und k\u00f6nnen auch in den kommenden Wochen weiter Ausbildungsvertr\u00e4ge abschlie\u00dfen.<\/span><span style=\"font-size: small;\"> Mobilit\u00e4t und berufliche Flexibilit\u00e4t erh\u00f6hen dabei die Chancen.<\/span><span style=\"font-size: small;\">\u201c <\/span><\/span><\/p>\n<p class=\"western\" style=\"text-align: left;\" align=\"justify\"><span style=\"font-family: Arial, sans-serif;\"><span style=\"font-size: small;\">Unterst\u00fctzung finden ausbildungssuchende Jugendliche bei den Berufsberaterinnen und Berufsberatern der Arbeitsagentur telefonisch unter 0 8 00 \/ 4 55 55 00 oder online unter www.arbeitsagentur.de =&gt; Schule, Ausbildung und Studium =&gt; Termin zur Berufsberatung vereinbaren. <\/span><\/span><\/p>\n<p class=\"western\" style=\"text-align: left;\" align=\"justify\">\u201e<span style=\"font-family: Arial, sans-serif;\"><span style=\"font-size: small;\">Und wer n\u00e4chstes Jahr die Schule verl\u00e4sst, sollte sich jetzt schon \u00fcber die Vielfalt in unserer Region informieren und die jetzt stattfindenden Ausbildungsmessen in unserer Region besuchen\u201c, sagt Wieczorek bereits mit Blick auf das kommende Jahr.<\/span><\/span><\/p>\n<p class=\"western\" style=\"text-align: left;\" align=\"justify\"><span style=\"font-family: Arial, sans-serif;\"><span style=\"font-size: small;\">In diesen Berufen finden sich die meisten (TOP 10) noch zu besetzenden Ausbildungsstellen im Kreis Herzogtum Lauenburg:<\/span><\/span><\/p>\n<ul>\n<li><span style=\"font-size: small; font-family: Arial, sans-serif; text-align: left;\">Kaufleute im Einzelhandel (19 freie Ausbildungsstellen)<\/span><\/li>\n<li>Verk\u00e4ufer\/in (13)<\/li>\n<li>Fachkraft Lagerlogistik (zw\u00f6lf)<\/li>\n<li>Anlagenmechaniker\/in Sanit\u00e4r-, Heizungs- und Klimatechnik (zehn)<\/li>\n<li>Kaufleute Versicherungen \/ Finanzanlagen (zehn)<\/li>\n<li>Zerspanungsmechaniker\/in (acht)<\/li>\n<li>Medizinische\/r Fachangestellte\/r (acht)<\/li>\n<li>Kfz-Mechatroniker\/in PKW-Technik (sieben)<\/li>\n<li>Kaufleute B\u00fcromanagement (sieben)<\/li>\n<li>Stra\u00dfenbauer\/in (sechs)<\/li>\n<\/ul>\n","protected":false},"excerpt":{"rendered":"<p>Herzogtum Lauenburg (pm). Wie bereits im vergangenen Monat ist auch im August die Zahl arbeitsloser Menschen im Kreis Herzogtum Lauenburg gestiegen. Die Zunahme um plus 95 arbeitslose Menschen f\u00e4llt jedoch niedriger aus als im Juli. Seinerzeit lag der der Anstieg bei plus 221. Insgesamt sind jetzt 6.230 Menschen bei den Agenturen f\u00fcr Arbeit in M\u00f6lln [&hellip;]<\/p>\n","protected":false},"author":2,"featured_media":53112,"comment_status":"closed","ping_status":"closed","sticky":false,"template":"","format":"standard","meta":{"jnews-multi-image_gallery":[],"jnews_single_post":{"format":"standard","override":[{"template":"1","parallax":"1","fullscreen":"1","layout":"right-sidebar","sidebar":"default-sidebar","second_sidebar":"default-sidebar","share_position":"top","share_float_style":"share-monocrhome","show_featured":"1","show_post_meta":"1","show_post_author":"1","show_post_author_image":"1","show_post_date":"1","post_date_format":"default","post_date_format_custom":"Y\/m\/d","post_reading_time_wpm":"300","post_calculate_word_method":"str_word_count","show_zoom_button":"0","zoom_button_out_step":"2","zoom_button_in_step":"3","show_post_tag":"1","show_popup_post":"1","number_popup_post":"1","show_author_box":"1","show_post_related":"1","show_inline_post_related":"0"}],"image_override":[{"single_post_thumbnail_size":"crop-500","single_post_gallery_size":"crop-500"}],"trending_post_position":"meta","trending_post_label":"Trending","sponsored_post_label":"Sponsored by","disable_ad":"0","subtitle":"Zunahme bei Jobsuchenden, Quote steigt auf 5,6 Prozent"},"jnews_primary_category":[],"jnews_social_meta":[],"jnews_override_counter":{"view_counter_number":"0","share_counter_number":"0","like_counter_number":"0","dislike_counter_number":"0"},"jnews_post_split":{"post_split":[{"template":"1","tag":"h2","numbering":"asc","mode":"normal","first":"0","enable_toc":"0","toc_type":"normal"}]},"footnotes":""},"categories":[63,74,2,72],"tags":[852,454],"class_list":["post-86344","post","type-post","status-publish","format-standard","has-post-thumbnail","hentry","category-herzogtum-lauenburg","category-jugend-direkt","category-startseite","category-wirtschaft","tag-agentur-fuer-arbeit","tag-arbeitsmarkt"],"_links":{"self":[{"href":"https:\/\/herzogtum-direkt.de\/index.php\/wp-json\/wp\/v2\/posts\/86344","targetHints":{"allow":["GET"]}}],"collection":[{"href":"https:\/\/herzogtum-direkt.de\/index.php\/wp-json\/wp\/v2\/posts"}],"about":[{"href":"https:\/\/herzogtum-direkt.de\/index.php\/wp-json\/wp\/v2\/types\/post"}],"author":[{"embeddable":true,"href":"https:\/\/herzogtum-direkt.de\/index.php\/wp-json\/wp\/v2\/users\/2"}],"replies":[{"embeddable":true,"href":"https:\/\/herzogtum-direkt.de\/index.php\/wp-json\/wp\/v2\/comments?post=86344"}],"version-history":[{"count":1,"href":"https:\/\/herzogtum-direkt.de\/index.php\/wp-json\/wp\/v2\/posts\/86344\/revisions"}],"predecessor-version":[{"id":86345,"href":"https:\/\/herzogtum-direkt.de\/index.php\/wp-json\/wp\/v2\/posts\/86344\/revisions\/86345"}],"wp:featuredmedia":[{"embeddable":true,"href":"https:\/\/herzogtum-direkt.de\/index.php\/wp-json\/wp\/v2\/media\/53112"}],"wp:attachment":[{"href":"https:\/\/herzogtum-direkt.de\/index.php\/wp-json\/wp\/v2\/media?parent=86344"}],"wp:term":[{"taxonomy":"category","embeddable":true,"href":"https:\/\/herzogtum-direkt.de\/index.php\/wp-json\/wp\/v2\/categories?post=86344"},{"taxonomy":"post_tag","embeddable":true,"href":"https:\/\/herzogtum-direkt.de\/index.php\/wp-json\/wp\/v2\/tags?post=86344"}],"curies":[{"name":"wp","href":"https:\/\/api.w.org\/{rel}","templated":true}]}}