{"id":86339,"date":"2026-08-31T10:08:46","date_gmt":"2026-08-31T09:08:46","guid":{"rendered":"https:\/\/herzogtum-direkt.de\/?p=86339"},"modified":"2026-08-31T10:08:46","modified_gmt":"2026-08-31T09:08:46","slug":"erfolgreiche-adams-acht-weltpremiere","status":"publish","type":"post","link":"https:\/\/herzogtum-direkt.de\/index.php\/2026\/08\/31\/erfolgreiche-adams-acht-weltpremiere\/","title":{"rendered":"Erfolgreiche &#8218;Adams Acht&#8216; Weltpremiere"},"content":{"rendered":"<p class=\"western\" style=\"text-align: left;\" align=\"justify\"><span style=\"font-family: Times New Roman, serif;\"><span style=\"font-size: medium;\"><span style=\"color: #202020;\"><span style=\"font-family: Calibri, sans-serif;\"><strong>Ratzeburg (pm).<\/strong> Ein besonderer Abend f\u00fcr Ratzeburg: Am Freitag, 21. August 2026, feierte der Kinofilm ADAMS ACHT seine Weltpremiere am Originalschauplatz der Geschichte. Drei ausverkaufte Vorstellungen beim Norddeutschen Freiluftkino am K\u00fcchensee, zahlreiche geladene G\u00e4ste und der Cast des Films machten das Premierenwochenende zu einem besonderen Ereignis f\u00fcr die Inselstadt.<\/span><\/span><\/span><\/span><\/p>\n<figure id=\"attachment_86340\" aria-describedby=\"caption-attachment-86340\" style=\"width: 1000px\" class=\"wp-caption alignnone\"><img fetchpriority=\"high\" decoding=\"async\" class=\"wp-image-86340 size-full\" src=\"https:\/\/herzogtum-direkt.de\/wp-content\/uploads\/2026\/08\/ADAMS-ACHT-Cast.-Foto-TuSR-Trebesius-hfr.jpg\" alt=\"\" width=\"1000\" height=\"750\" srcset=\"https:\/\/herzogtum-direkt.de\/wp-content\/uploads\/2026\/08\/ADAMS-ACHT-Cast.-Foto-TuSR-Trebesius-hfr.jpg 1000w, https:\/\/herzogtum-direkt.de\/wp-content\/uploads\/2026\/08\/ADAMS-ACHT-Cast.-Foto-TuSR-Trebesius-hfr-600x450.jpg 600w, https:\/\/herzogtum-direkt.de\/wp-content\/uploads\/2026\/08\/ADAMS-ACHT-Cast.-Foto-TuSR-Trebesius-hfr-768x576.jpg 768w\" sizes=\"(max-width: 1000px) 100vw, 1000px\" \/><figcaption id=\"caption-attachment-86340\" class=\"wp-caption-text\">Die Darstellenden und Verantwortlichen des Kinofilms &#8218;Adams Acht&#8216;. Foto: TuSR, Trebesius, hfr<\/figcaption><\/figure>\n<p class=\"western\" style=\"text-align: left;\" align=\"justify\"><span style=\"font-family: Times New Roman, serif;\"><span style=\"font-size: medium;\"><span style=\"color: #202020;\"><span style=\"font-family: Calibri, sans-serif;\">Der Film erz\u00e4hlt die Geschichte des legend\u00e4ren Ratzeburger Rudertrainers Karl Adam und seines erfolgreichen Goldachters. Dass die Weltpremiere ausgerechnet dort stattfand, wo die Geschichte ihren Ursprung nahm, verleiht dem Ereignis eine besondere Bedeutung.<\/span><\/span><\/span><\/span><\/p>\n<p class=\"western\" style=\"text-align: left;\" align=\"justify\"><span style=\"color: #202020;\">\u201e<span style=\"font-family: Times New Roman, serif;\"><span style=\"font-size: medium;\"><span style=\"font-family: Calibri, sans-serif;\">Ratzeburg ist der Ort, an dem Karl Adam seine Spuren hinterlassen und eine au\u00dfergew\u00f6hnliche Rudertradition begr\u00fcndet hat. Dass die Geschichte nun mit einem Kinofilm ein gro\u00dfes Publikum erreicht und die Weltpremiere hier bei uns stattgefunden hat, ist etwas ganz Besonderes f\u00fcr unsere Stadt\u201c, sagt B\u00fcrgermeister Eckhard Graf. \u201eWir freuen uns, dass Ratzeburg damit nicht nur als Drehort, sondern auch als Heimat dieser Geschichte bundesweit Aufmerksamkeit erh\u00e4lt.\u201c<\/span><\/span><\/span><\/span><\/p>\n<p class=\"western\" style=\"text-align: left;\" align=\"justify\"><span style=\"font-family: Times New Roman, serif;\"><span style=\"font-size: medium;\"><span style=\"color: #202020;\"><span style=\"font-family: Calibri, sans-serif;\">Auch f\u00fcr das Tourismus- und Stadtmarketing bietet der Film Anlass, die besondere Verbindung zwischen Ratzeburg, Karl Adam und dem Rudersport in einem &#8211; zun\u00e4chst zeitlich begrenzten &#8211; <\/span><\/span><span style=\"font-family: Calibri, sans-serif;\">Social Media Projekt weiter sichtbar zu machen. Bereits im Vorfeld der Premiere wurden zahlreiche Inhalte rund um die Ruderstadt und die Entstehung des Films aufgegriffen. Nun geht es weiter: Auf den eigens f\u00fcr das Projekt geschaffenen <\/span><span style=\"color: #0000ff;\"><u><a href=\"https:\/\/www.instagram.com\/ruderstadt.ratzeburg\/\" target=\"_blank\" rel=\"noopener\"><span style=\"font-family: Calibri, sans-serif;\">Instagram<\/span><\/a><\/u><\/span><span style=\"color: #202020;\"><span style=\"font-family: Calibri, sans-serif;\">&#8211; und <\/span><\/span><span style=\"color: #0000ff;\"><u><a href=\"https:\/\/www.facebook.com\/ruderstadt.ratzeburg\/\" target=\"_blank\" rel=\"noopener\"><span style=\"font-family: Calibri, sans-serif;\">Facebook<\/span><\/a><\/u><\/span><span style=\"color: #202020;\"><span style=\"font-family: Calibri, sans-serif;\">-Kan\u00e4len \u201eRuderstadt Ratzeburg\u201c werden in den kommenden Wochen weitere Einblicke rund um ADAMS ACHT, Karl Adam und die Ratzeburger Rudertradition ver\u00f6ffentlicht.<\/span><\/span><\/span><\/span><\/p>\n<p class=\"western\" style=\"text-align: left;\" align=\"justify\"><span style=\"color: #202020;\">\u201e<span style=\"font-family: Times New Roman, serif;\"><span style=\"font-size: medium;\"><span style=\"font-family: Calibri, sans-serif;\">Die Premiere hat gezeigt, wie viel Interesse in der Geschichte rund um Karl Adam und die Ruderstadt Ratzeburg steckt\u201c, erkl\u00e4rt Jaana Trebesius, Leitung Tourismus und Stadtmarketing Ratzeburg. \u201eMit unserem <\/span><\/span><span style=\"font-family: Calibri, sans-serif;\">aktuellen Social Media Projekt <\/span><span style=\"font-family: Calibri, sans-serif;\">m\u00f6chten wir diese Geschichten weitererz\u00e4hlen und auch einen Blick hinter die Kulissen der Premiere erm\u00f6glichen. Bis zum bundesweiten Kinostart im September werden dort nach und nach Beitr\u00e4ge, Interviews und weitere Eindr\u00fccke ver\u00f6ffentlicht.\u201c<\/span><\/span><\/span><\/p>\n<p class=\"western\" style=\"text-align: left;\" align=\"justify\"><span style=\"font-family: Times New Roman, serif;\"><span style=\"font-size: medium;\"><span style=\"color: #202020;\"><span style=\"font-family: Calibri, sans-serif;\">Die Tourist-Information Ratzeburg hatte im Rahmen der Weltpremiere die Gelegenheit, Interviews mit mehreren Mitgliedern des Filmteams und Casts zu f\u00fchren. Entstanden sind dabei pers\u00f6nliche Gespr\u00e4che \u00fcber den Film, Karl Adam und Ratzeburg, die nun nach und nach auf den Social-Media-Kan\u00e4len ver\u00f6ffentlicht werden.<\/span><\/span><\/span><\/span><\/p>\n<p class=\"western\" style=\"text-align: left;\" align=\"justify\"><span style=\"font-family: Times New Roman, serif;\"><span style=\"font-size: medium;\"><span style=\"color: #202020;\"><span style=\"font-family: Calibri, sans-serif;\">Der bundesweite Kinostart von ADAMS ACHT ist am 17. September 2026. Wer bis dahin noch tiefer in die Geschichte der Ratzeburger Ruderstadt eintauchen m\u00f6chte, ist herzlich eingeladen, \u201eRuderstadt Ratzeburg\u201c auf Instagram und Facebook zu folgen und die kommenden Beitr\u00e4ge rund um Film, Premiere und Ratzeburg zu entdecken.<\/span><\/span><\/span><\/span><\/p>\n<p class=\"western\" style=\"text-align: left;\" align=\"justify\"><span style=\"font-family: Times New Roman, serif;\"><span style=\"font-size: medium;\"><span style=\"color: #202020;\"><span style=\"font-family: Calibri, sans-serif;\">Mehr Informationen zu ADAMS ACHT, Karl Adam und der Ruderstadt Ratzeburg erhalten Interessierte auch auf der <\/span><\/span><span style=\"color: #0000ff;\"><u><a href=\"https:\/\/www.ratzeburg-tourismus.de\/ratzeburg-ist\/ruderstadt\" target=\"_blank\" rel=\"noopener\"><span style=\"font-family: Calibri, sans-serif;\">Website<\/span><\/a><\/u><\/span> der Stadt Ratzeburg<span style=\"color: #0000ff;\"><span style=\"color: #000000;\"><span style=\"font-family: Calibri, sans-serif;\">, auf welcher ein eigener Bereich \u00fcber Ratzeburg als Ruderstadt und Spielort des Films berichtet<\/span><\/span><\/span><span style=\"font-family: Calibri, sans-serif;\">.<\/span><\/span><\/span><\/p>\n","protected":false},"excerpt":{"rendered":"<p>Ratzeburg (pm). Ein besonderer Abend f\u00fcr Ratzeburg: Am Freitag, 21. August 2026, feierte der Kinofilm ADAMS ACHT seine Weltpremiere am Originalschauplatz der Geschichte. Drei ausverkaufte Vorstellungen beim Norddeutschen Freiluftkino am K\u00fcchensee, zahlreiche geladene G\u00e4ste und der Cast des Films machten das Premierenwochenende zu einem besonderen Ereignis f\u00fcr die Inselstadt. Der Film erz\u00e4hlt die Geschichte des [&hellip;]<\/p>\n","protected":false},"author":2,"featured_media":86341,"comment_status":"closed","ping_status":"closed","sticky":false,"template":"","format":"standard","meta":{"jnews-multi-image_gallery":[],"jnews_single_post":{"format":"standard","override":[{"template":"1","parallax":"1","fullscreen":"1","layout":"right-sidebar","sidebar":"default-sidebar","second_sidebar":"default-sidebar","share_position":"top","share_float_style":"share-monocrhome","show_featured":"1","show_post_meta":"1","show_post_author":"1","show_post_author_image":"1","show_post_date":"1","post_date_format":"default","post_date_format_custom":"Y\/m\/d","post_reading_time_wpm":"300","post_calculate_word_method":"str_word_count","show_zoom_button":"0","zoom_button_out_step":"2","zoom_button_in_step":"3","show_post_tag":"1","show_popup_post":"1","number_popup_post":"1","show_author_box":"1","show_post_related":"1","show_inline_post_related":"0"}],"image_override":[{"single_post_thumbnail_size":"crop-500","single_post_gallery_size":"crop-500"}],"trending_post_position":"meta","trending_post_label":"Trending","sponsored_post_label":"Sponsored by","disable_ad":"0","subtitle":"Stadtmarketing Ratzeburg gibt Einblicke auf neuen Social-Media-Kan\u00e4len"},"jnews_primary_category":[],"jnews_social_meta":[],"jnews_override_counter":{"view_counter_number":"0","share_counter_number":"0","like_counter_number":"0","dislike_counter_number":"0"},"jnews_post_split":{"post_split":[{"template":"1","tag":"h2","numbering":"asc","mode":"normal","first":"0","enable_toc":"0","toc_type":"normal"}]},"footnotes":""},"categories":[1,63,64],"tags":[234,460,703],"class_list":["post-86339","post","type-post","status-publish","format-standard","has-post-thumbnail","hentry","category-feature","category-herzogtum-lauenburg","category-ratzeburg","tag-kino","tag-rudern","tag-tourismus"],"_links":{"self":[{"href":"https:\/\/herzogtum-direkt.de\/index.php\/wp-json\/wp\/v2\/posts\/86339","targetHints":{"allow":["GET"]}}],"collection":[{"href":"https:\/\/herzogtum-direkt.de\/index.php\/wp-json\/wp\/v2\/posts"}],"about":[{"href":"https:\/\/herzogtum-direkt.de\/index.php\/wp-json\/wp\/v2\/types\/post"}],"author":[{"embeddable":true,"href":"https:\/\/herzogtum-direkt.de\/index.php\/wp-json\/wp\/v2\/users\/2"}],"replies":[{"embeddable":true,"href":"https:\/\/herzogtum-direkt.de\/index.php\/wp-json\/wp\/v2\/comments?post=86339"}],"version-history":[{"count":1,"href":"https:\/\/herzogtum-direkt.de\/index.php\/wp-json\/wp\/v2\/posts\/86339\/revisions"}],"predecessor-version":[{"id":86342,"href":"https:\/\/herzogtum-direkt.de\/index.php\/wp-json\/wp\/v2\/posts\/86339\/revisions\/86342"}],"wp:featuredmedia":[{"embeddable":true,"href":"https:\/\/herzogtum-direkt.de\/index.php\/wp-json\/wp\/v2\/media\/86341"}],"wp:attachment":[{"href":"https:\/\/herzogtum-direkt.de\/index.php\/wp-json\/wp\/v2\/media?parent=86339"}],"wp:term":[{"taxonomy":"category","embeddable":true,"href":"https:\/\/herzogtum-direkt.de\/index.php\/wp-json\/wp\/v2\/categories?post=86339"},{"taxonomy":"post_tag","embeddable":true,"href":"https:\/\/herzogtum-direkt.de\/index.php\/wp-json\/wp\/v2\/tags?post=86339"}],"curies":[{"name":"wp","href":"https:\/\/api.w.org\/{rel}","templated":true}]}}