{"id":86334,"date":"2026-09-05T05:29:31","date_gmt":"2026-09-05T04:29:31","guid":{"rendered":"https:\/\/herzogtum-direkt.de\/?p=86334"},"modified":"2026-08-31T09:38:09","modified_gmt":"2026-08-31T08:38:09","slug":"tag-des-offenen-denkmals-im-kloster-rehna-mit-mikrotheater-und-fuehrungen","status":"publish","type":"post","link":"https:\/\/herzogtum-direkt.de\/index.php\/2026\/09\/05\/tag-des-offenen-denkmals-im-kloster-rehna-mit-mikrotheater-und-fuehrungen\/","title":{"rendered":"Tag des offenen Denkmals im Kloster Rehna mit Mikrotheater und F\u00fchrungen"},"content":{"rendered":"<p><span style=\"font-size: large;\"><b>Rehna (pm).<\/b> Am Sonntag,13. September findet wieder die gr\u00f6\u00dfte Kulturveranstaltung Deutschlands statt: Der Tag des offenen Denkmals. Die Klosterstadt Rehna ist auch dieses Jahr wieder mit einem vielf\u00e4ltigen Programm dabei, das diesmal eine Br\u00fccke zwischen Kunst, Kultur und Natur schl\u00e4gt. <\/span><\/p>\n<ul>\n<li><span style=\"font-size: 10pt;\">Ab 11 Uhr kann das Klostermuseum mit der Dauerausstellung \u201ePr\u00e4monstratenserinnen in Rehna \u2013 ein mittelalterliches Kloster in Mecklenburg\u201c sowie die Kunst- und Themenausstellung \u201eORTSZEIT \u2013 Maurinm\u00fchle\u201c besichtigt werden. F\u00fcr Kinder gibt es eine Audiof\u00fchrung durch die Klosteranlage mit der Fledermaus Mona.<\/span><\/li>\n<li><span style=\"font-size: 10pt;\">Ab 16 Uhr findet eine 45-min\u00fctige F\u00fchrung durch die Kunst- und Themenausstellung \u201eORTSZEIT \u2013 Maurinm\u00fchle\u201c mit der Projektleiterin, Kuratorin und K\u00fcnstlerin Annette Czerny statt. Unter dem nationalsozialistischen Regime wurde die Anlage von Maurinm\u00fchle zum Kinderheim und zur \u201eAusl\u00e4nderkinder-Pflegest\u00e4tte\u201c, in der unter anderem S\u00e4uglinge ausl\u00e4ndischer Zwangsarbeiterinnen ermordet wurden. Die Ausstellung setzt da an, wo die wissenschaftliche Forschung endet und n\u00e4hert sich diesem Geschehen auf emotionaler Ebene durch die Perspektiven der K\u00fcnstlerInnen. Die Ausstellung ist bis zum 31.10.2026 im Klostermuseum zu sehen.<\/span><\/li>\n<li><span style=\"font-size: 10pt;\">Ab 17 Uhr findet eine ebenfalls 45-min\u00fctige Altarf\u00fchrung in der Klosterkirche Rehna statt. Vom urspr\u00fcnglichen sp\u00e4tgotischen Doppelfl\u00fcgelretabel sind beeindruckende Darstellungen aus der biblischen Geschichte als Schnitzwerke erhalten geblieben. Anhand eines Modells k\u00f6nnen das Aussehen und die Funktion des urspr\u00fcnglichen Wandelaltars gut erkl\u00e4rt und nachvollzogen werden.<\/span><\/li>\n<li><span style=\"font-size: 10pt;\">Ab 18 Uhr wird das Mikrotheater &#8222;AMEISENSTRASSE&#8220; im Nonnengarten und auf dem Kirchplatz der Klosteranlage Rehna zu sehen sein. Eine Reihe von k\u00fcnstlerischen Theater-Miniaturen von jeweils 5 bis10 Minuten spielen mehrmals am Abend und geben Einblicke in die Welten einzelner Lebewesen und Pflanzen. Es ist ein Spaziergang zwischen Kunst, Kultur und Natur f\u00fcr alle gro\u00dfen und kleinen G\u00e4ste. Alle Angebote an diesem Sonntag sind kostenfrei!<\/span><\/li>\n<\/ul>\n<p><span style=\"font-size: large;\">Der Klosterverein Rehna versorgt alle G\u00e4ste mit Speisen und Getr\u00e4nken. Veranstalter ist die Klosterstadt Rehna in Kooperation mit dem Klosterverein Rehna mit freundlicher Unterst\u00fctzung durch die fredak M-V.<\/span><\/p>\n","protected":false},"excerpt":{"rendered":"<p>Rehna (pm). Am Sonntag,13. September findet wieder die gr\u00f6\u00dfte Kulturveranstaltung Deutschlands statt: Der Tag des offenen Denkmals. Die Klosterstadt Rehna ist auch dieses Jahr wieder mit einem vielf\u00e4ltigen Programm dabei, das diesmal eine Br\u00fccke zwischen Kunst, Kultur und Natur schl\u00e4gt. Ab 11 Uhr kann das Klostermuseum mit der Dauerausstellung \u201ePr\u00e4monstratenserinnen in Rehna \u2013 ein mittelalterliches [&hellip;]<\/p>\n","protected":false},"author":2,"featured_media":86335,"comment_status":"closed","ping_status":"closed","sticky":false,"template":"","format":"standard","meta":{"jnews-multi-image_gallery":[],"jnews_single_post":{"subtitle":"","format":"standard","override":[{"template":"1","parallax":"1","fullscreen":"1","layout":"right-sidebar","sidebar":"default-sidebar","second_sidebar":"default-sidebar","share_position":"top","share_float_style":"share-monocrhome","show_featured":"1","show_post_meta":"1","show_post_author":"1","show_post_author_image":"1","show_post_date":"1","post_date_format":"default","post_date_format_custom":"Y\/m\/d","post_reading_time_wpm":"300","post_calculate_word_method":"str_word_count","show_zoom_button":"0","zoom_button_out_step":"2","zoom_button_in_step":"3","show_post_tag":"1","show_popup_post":"1","number_popup_post":"1","show_author_box":"1","show_post_related":"1","show_inline_post_related":"0"}],"image_override":[{"single_post_thumbnail_size":"crop-500","single_post_gallery_size":"crop-500"}],"trending_post_position":"meta","trending_post_label":"Trending","sponsored_post_label":"Sponsored by","disable_ad":"0"},"jnews_primary_category":[],"jnews_social_meta":[],"jnews_override_counter":{"view_counter_number":"0","share_counter_number":"0","like_counter_number":"0","dislike_counter_number":"0"},"jnews_post_split":{"post_split":[{"template":"1","tag":"h2","numbering":"asc","mode":"normal","first":"0","enable_toc":"0","toc_type":"normal"}]},"footnotes":""},"categories":[3757,4223,4128],"tags":[4048,4233,4038],"class_list":["post-86334","post","type-post","status-publish","format-standard","has-post-thumbnail","hentry","category-ausflugstipp","category-mecklenburg-vorpommern","category-regionalgeschichte","tag-fuehrungen","tag-kloster","tag-rehna"],"_links":{"self":[{"href":"https:\/\/herzogtum-direkt.de\/index.php\/wp-json\/wp\/v2\/posts\/86334","targetHints":{"allow":["GET"]}}],"collection":[{"href":"https:\/\/herzogtum-direkt.de\/index.php\/wp-json\/wp\/v2\/posts"}],"about":[{"href":"https:\/\/herzogtum-direkt.de\/index.php\/wp-json\/wp\/v2\/types\/post"}],"author":[{"embeddable":true,"href":"https:\/\/herzogtum-direkt.de\/index.php\/wp-json\/wp\/v2\/users\/2"}],"replies":[{"embeddable":true,"href":"https:\/\/herzogtum-direkt.de\/index.php\/wp-json\/wp\/v2\/comments?post=86334"}],"version-history":[{"count":1,"href":"https:\/\/herzogtum-direkt.de\/index.php\/wp-json\/wp\/v2\/posts\/86334\/revisions"}],"predecessor-version":[{"id":86336,"href":"https:\/\/herzogtum-direkt.de\/index.php\/wp-json\/wp\/v2\/posts\/86334\/revisions\/86336"}],"wp:featuredmedia":[{"embeddable":true,"href":"https:\/\/herzogtum-direkt.de\/index.php\/wp-json\/wp\/v2\/media\/86335"}],"wp:attachment":[{"href":"https:\/\/herzogtum-direkt.de\/index.php\/wp-json\/wp\/v2\/media?parent=86334"}],"wp:term":[{"taxonomy":"category","embeddable":true,"href":"https:\/\/herzogtum-direkt.de\/index.php\/wp-json\/wp\/v2\/categories?post=86334"},{"taxonomy":"post_tag","embeddable":true,"href":"https:\/\/herzogtum-direkt.de\/index.php\/wp-json\/wp\/v2\/tags?post=86334"}],"curies":[{"name":"wp","href":"https:\/\/api.w.org\/{rel}","templated":true}]}}