{"id":86331,"date":"2026-08-31T08:57:57","date_gmt":"2026-08-31T07:57:57","guid":{"rendered":"https:\/\/herzogtum-direkt.de\/?p=86331"},"modified":"2026-08-31T08:57:57","modified_gmt":"2026-08-31T07:57:57","slug":"hinschauen-verstehen-handeln-demokratiekonferenz-in-buechen","status":"publish","type":"post","link":"https:\/\/herzogtum-direkt.de\/index.php\/2026\/08\/31\/hinschauen-verstehen-handeln-demokratiekonferenz-in-buechen\/","title":{"rendered":"&#8218;Hinschauen, Verstehen, Handeln&#8216; \u2013 Demokratiekonferenz in B\u00fcchen"},"content":{"rendered":"<p style=\"font-weight: 400;\"><strong>B\u00fcchen (pm). <\/strong>Unter dem Motto \u201eHinschauen, Verstehen, Handeln\u201c l\u00e4dt die Partnerschaft f\u00fcr Demokratie Kreis Herzogtum Lauenburg gemeinsam mit dem Landesdemokratiezentrum Schleswig-Holstein am Donnerstag, 1. Oktober 2026 von 17 \u2013 21 Uhr, zur diesj\u00e4hrigen Demokratiekonferenz im B\u00fcrgerhaus Amt B\u00fcchen ein.<\/p>\n<p style=\"font-weight: 400;\">Im Mittelpunkt stehen aktuelle gesellschaftliche Entwicklungen und die Frage, wie ein respektvolles, vielf\u00e4ltiges und demokratisches Miteinander gest\u00e4rkt werden kann. Zum Auftakt gibt der<br \/>\nWissenschaftler Carl Philipp Schr\u00f6der Einblicke in die Regionalanalyse zum Rechtsextremismus in Schleswig-Holstein, die auf einer Schulbefragung basiert. Er stellt zentrale Erkenntnisse und<br \/>\nEntwicklungen vor und ordnet deren Bedeutung f\u00fcr das gesellschaftliche Zusammenleben ein.<\/p>\n<p style=\"font-weight: 400;\">Anschlie\u00dfend bieten mindestens zwei Workshops Gelegenheit, selbst aktiv zu werden. Beim Argumentationstraining geht es darum, sicher auf rassistische und menschenfeindliche<br \/>\n\u00c4u\u00dferungen zu reagieren. Der zweite Workshop des B\u00fcrger B\u00fcndnisses Amt B\u00fcchen (BBAB) richtet den Blick auf junge Menschen und die Frage \u201eWas tun?\u201c. In einer Ideenschmiede sollen<br \/>\ngemeinsam konkrete Handlungsm\u00f6glichkeiten und Impulse f\u00fcr das eigene Engagement entwickelt werden.<\/p>\n<p style=\"font-weight: 400;\">Zum Abschluss werden die Ergebnisse der Workshops in einer gemeinsamen Diskussionsrunde zusammengef\u00fchrt und Ideen f\u00fcr ein starkes demokratisches Miteinander ausgetauscht.<\/p>\n<p><img fetchpriority=\"high\" decoding=\"async\" class=\"alignnone wp-image-36715 size-full\" src=\"https:\/\/herzogtum-direkt.de\/wp-content\/uploads\/2022\/01\/Demokratie-leben-BMFSFJ_DL_mitFoerderzusatz-1.png\" alt=\"\" width=\"1000\" height=\"339\" srcset=\"https:\/\/herzogtum-direkt.de\/wp-content\/uploads\/2022\/01\/Demokratie-leben-BMFSFJ_DL_mitFoerderzusatz-1.png 1000w, https:\/\/herzogtum-direkt.de\/wp-content\/uploads\/2022\/01\/Demokratie-leben-BMFSFJ_DL_mitFoerderzusatz-1-300x102.png 300w, https:\/\/herzogtum-direkt.de\/wp-content\/uploads\/2022\/01\/Demokratie-leben-BMFSFJ_DL_mitFoerderzusatz-1-768x260.png 768w, https:\/\/herzogtum-direkt.de\/wp-content\/uploads\/2022\/01\/Demokratie-leben-BMFSFJ_DL_mitFoerderzusatz-1-750x254.png 750w\" sizes=\"(max-width: 1000px) 100vw, 1000px\" \/><\/p>\n<p style=\"font-weight: 400;\">Die Partnerschaft f\u00fcr Demokratie Kreis Herzogtum Lauenburg wird im Rahmen des Bundesprogramms \u201eDemokratie leben!\u201c vom Bundesministerium f\u00fcr Bildung, Familie, Senioren, Frauen und Jugend gef\u00f6rdert.<\/p>\n<p style=\"font-weight: 400;\">Anmeldung zur Veranstaltung bis zum 25. September per E-Mail an:\u00a0<a href=\"mailto:schumann@kjr-herzogtum-lauenburg.de\" target=\"_blank\" rel=\"noopener\">schumann@kjr-herzogtum-lauenburg.de<\/a><\/p>\n<p style=\"font-weight: 400;\">\u00a0<\/p>\n","protected":false},"excerpt":{"rendered":"<p>B\u00fcchen (pm). Unter dem Motto \u201eHinschauen, Verstehen, Handeln\u201c l\u00e4dt die Partnerschaft f\u00fcr Demokratie Kreis Herzogtum Lauenburg gemeinsam mit dem Landesdemokratiezentrum Schleswig-Holstein am Donnerstag, 1. Oktober 2026 von 17 \u2013 21 Uhr, zur diesj\u00e4hrigen Demokratiekonferenz im B\u00fcrgerhaus Amt B\u00fcchen ein. Im Mittelpunkt stehen aktuelle gesellschaftliche Entwicklungen und die Frage, wie ein respektvolles, vielf\u00e4ltiges und demokratisches Miteinander [&hellip;]<\/p>\n","protected":false},"author":2,"featured_media":70858,"comment_status":"closed","ping_status":"closed","sticky":false,"template":"","format":"standard","meta":{"jnews-multi-image_gallery":[],"jnews_single_post":{"subtitle":"","format":"standard","override":[{"template":"1","parallax":"1","fullscreen":"1","layout":"right-sidebar","sidebar":"default-sidebar","second_sidebar":"default-sidebar","share_position":"top","share_float_style":"share-monocrhome","show_featured":"1","show_post_meta":"1","show_post_author":"1","show_post_author_image":"1","show_post_date":"1","post_date_format":"default","post_date_format_custom":"Y\/m\/d","post_reading_time_wpm":"300","post_calculate_word_method":"str_word_count","show_zoom_button":"0","zoom_button_out_step":"2","zoom_button_in_step":"3","show_post_tag":"1","show_popup_post":"1","number_popup_post":"1","show_author_box":"1","show_post_related":"1","show_inline_post_related":"0"}],"image_override":[{"single_post_thumbnail_size":"crop-500","single_post_gallery_size":"crop-500"}],"trending_post_position":"meta","trending_post_label":"Trending","sponsored_post_label":"Sponsored by","disable_ad":"0"},"jnews_primary_category":[],"jnews_social_meta":[],"jnews_override_counter":{"view_counter_number":"0","share_counter_number":"0","like_counter_number":"0","dislike_counter_number":"0"},"jnews_post_split":{"post_split":[{"template":"1","tag":"h2","numbering":"asc","mode":"normal","first":"0","enable_toc":"0","toc_type":"normal"}]},"footnotes":""},"categories":[3757,2650],"tags":[4013,3352,3365],"class_list":["post-86331","post","type-post","status-publish","format-standard","has-post-thumbnail","hentry","category-ausflugstipp","category-buechen","tag-buendnis-fuer-demokratie","tag-menschenrechte","tag-workshop"],"_links":{"self":[{"href":"https:\/\/herzogtum-direkt.de\/index.php\/wp-json\/wp\/v2\/posts\/86331","targetHints":{"allow":["GET"]}}],"collection":[{"href":"https:\/\/herzogtum-direkt.de\/index.php\/wp-json\/wp\/v2\/posts"}],"about":[{"href":"https:\/\/herzogtum-direkt.de\/index.php\/wp-json\/wp\/v2\/types\/post"}],"author":[{"embeddable":true,"href":"https:\/\/herzogtum-direkt.de\/index.php\/wp-json\/wp\/v2\/users\/2"}],"replies":[{"embeddable":true,"href":"https:\/\/herzogtum-direkt.de\/index.php\/wp-json\/wp\/v2\/comments?post=86331"}],"version-history":[{"count":1,"href":"https:\/\/herzogtum-direkt.de\/index.php\/wp-json\/wp\/v2\/posts\/86331\/revisions"}],"predecessor-version":[{"id":86333,"href":"https:\/\/herzogtum-direkt.de\/index.php\/wp-json\/wp\/v2\/posts\/86331\/revisions\/86333"}],"wp:featuredmedia":[{"embeddable":true,"href":"https:\/\/herzogtum-direkt.de\/index.php\/wp-json\/wp\/v2\/media\/70858"}],"wp:attachment":[{"href":"https:\/\/herzogtum-direkt.de\/index.php\/wp-json\/wp\/v2\/media?parent=86331"}],"wp:term":[{"taxonomy":"category","embeddable":true,"href":"https:\/\/herzogtum-direkt.de\/index.php\/wp-json\/wp\/v2\/categories?post=86331"},{"taxonomy":"post_tag","embeddable":true,"href":"https:\/\/herzogtum-direkt.de\/index.php\/wp-json\/wp\/v2\/tags?post=86331"}],"curies":[{"name":"wp","href":"https:\/\/api.w.org\/{rel}","templated":true}]}}