{"id":8624,"date":"2018-11-05T10:31:04","date_gmt":"2018-11-05T08:31:04","guid":{"rendered":"https:\/\/herzogtum-direkt.de\/?p=8624"},"modified":"2018-11-05T10:31:04","modified_gmt":"2018-11-05T08:31:04","slug":"grosser-martinsmarkt-im-drk-seniorenhaus-berkenthin","status":"publish","type":"post","link":"https:\/\/herzogtum-direkt.de\/index.php\/2018\/11\/05\/grosser-martinsmarkt-im-drk-seniorenhaus-berkenthin\/","title":{"rendered":"Gro\u00dfer Martinsmarkt im DRK-Seniorenhaus Berkenthin"},"content":{"rendered":"<p><strong>Berkenthin (pm).<\/strong> Das Seniorenhaus Berkenthin veranstaltet am Sonntag, 11. November 2018, zusammen mit dem Kulturausschuss der Gemeinde Berkenthin einen bunten Martinsmarkt. Der Markt \u00f6ffnet seine Tore um 11 Uhr und schlie\u00dft gegen 17 Uhr.<\/p>\n<p>Dabei erwartet die Besucher in der Halle und den G\u00e4ngen des Louise-von-Schrader-Hauses ein breites herbstliches und vorweihnachtliches Angebot: Kunsthandwerk aller Art, Kleidung, Schmuck, Seifen, N\u00e4harbeiten, Gefilztes etc. Zudem verkauft der Tourismusbeirat erstmals seinen druckfrischen Kalender 2019 mit sch\u00f6nen Fotoaufnahmen der Stecknitzregion. F\u00fcr das leibliche Wohl bietet das Haus seinen G\u00e4sten eine kr\u00e4ftigende Erbsensuppe, ein Grund mehr f\u00fcr einen mitt\u00e4glichen Besuch des Marktes. Au\u00dferdem laden Kaffee, Punsch und ein gro\u00dfes Kuchenbuffet zum Verweilen in gem\u00fctlicher, stimmungsvoller Atmosph\u00e4re ein.<\/p>\n<p>Die Leiterin der Einrichtung Pia Meifert, sowie die Organisatoren des Marktes Pia L\u00fcneberg-Kleinschmidt, Leiterin Soziale Betreuung, und Volker Peters, Vorsitzender des Kulturausschusses der Gemeinde Berkenthin, hoffen auf eine rege Beteiligung. Sie sind sich einig in dem Bem\u00fchen, das Seniorenhaus mehr noch als in der Vergangenheit zu einer Begegnungsst\u00e4tte zwischen Alt und Jung innerhalb des Ortes zu entwickeln.<\/p>\n<div class=\"brlbs-cmpnt-container brlbs-cmpnt-content-blocker brlbs-cmpnt-with-individual-styles\" data-borlabs-cookie-content-blocker-id=\"default\" data-borlabs-cookie-content=\"PGlmcmFtZSBzdHlsZT0iYm9yZGVyOiAxcHggc29saWQgYmxhY2s7IiBzcmM9Imh0dHBzOi8vd3d3Lm9wZW5zdHJlZXRtYXAub3JnL2V4cG9ydC9lbWJlZC5odG1sP2Jib3g9MTAuNjI5NzQ0NTI5NzI0MTIxJTJDNTMuNzI3NjY3OTY2NjE3ODclMkMxMC42NTEyMDIyMDE4NDMyNjIlMkM1My43MzY3ODE4OTY5NTYzMyZhbXA7bGF5ZXI9bWFwbmlrIiB3aWR0aD0iNjI1IiBoZWlnaHQ9IjU1MCIgZnJhbWVib3JkZXI9IjAiIG1hcmdpbndpZHRoPSIwIiBtYXJnaW5oZWlnaHQ9IjAiIHNjcm9sbGluZz0ibm8iPjxzcGFuIHN0eWxlPSJkaXNwbGF5OiBpbmxpbmUtYmxvY2s7IHdpZHRoOiAwcHg7IG92ZXJmbG93OiBoaWRkZW47IGxpbmUtaGVpZ2h0OiAwOyIgZGF0YS1tY2UtdHlwZT0iYm9va21hcmsiIGNsYXNzPSJtY2VfU0VMUkVTX3N0YXJ0Ij7vu788L3NwYW4+PC9pZnJhbWU+\">\n<div class=\"brlbs-cmpnt-cb-preset-a\">\n<p class=\"brlbs-cmpnt-cb-description\">Sie sehen gerade einen Platzhalterinhalt von <strong>Standard<\/strong>. Um auf den eigentlichen Inhalt zuzugreifen, klicken Sie auf den Button unten. Bitte beachten Sie, dass dabei Daten an Drittanbieter weitergegeben werden.<\/p>\n<div class=\"brlbs-cmpnt-cb-buttons\"> <a class=\"brlbs-cmpnt-cb-btn\" href=\"#\" data-borlabs-cookie-unblock role=\"button\">Inhalt entsperren<\/a> <a class=\"brlbs-cmpnt-cb-btn\" href=\"#\" data-borlabs-cookie-accept-service role=\"button\" style=\"display: none\">Erforderlichen Service akzeptieren und Inhalte entsperren<\/a> <\/div>\n<p> <a class=\"brlbs-cmpnt-cb-provider-toggle\" href=\"#\" data-borlabs-cookie-show-provider-information role=\"button\">Weitere Informationen<\/a> <\/div>\n<\/div>\n<p><small><a href=\"https:\/\/www.openstreetmap.org\/#map=16\/53.7322\/10.6405\">View Larger Map<\/a><\/small><\/p>\n","protected":false},"excerpt":{"rendered":"<p>Berkenthin (pm). Das Seniorenhaus Berkenthin veranstaltet am Sonntag, 11. November 2018, zusammen mit dem Kulturausschuss der Gemeinde Berkenthin einen bunten Martinsmarkt. Der Markt \u00f6ffnet seine Tore um 11 Uhr und schlie\u00dft gegen 17 Uhr. Dabei erwartet die Besucher in der Halle und den G\u00e4ngen des Louise-von-Schrader-Hauses ein breites herbstliches und vorweihnachtliches Angebot: Kunsthandwerk aller Art, [&hellip;]<\/p>\n","protected":false},"author":2,"featured_media":8625,"comment_status":"open","ping_status":"closed","sticky":false,"template":"","format":"standard","meta":{"jnews-multi-image_gallery":[],"jnews_single_post":[],"jnews_primary_category":[],"jnews_social_meta":[],"jnews_override_counter":[],"jnews_post_split":[],"footnotes":""},"categories":[65,63],"tags":[118,1565],"class_list":["post-8624","post","type-post","status-publish","format-standard","has-post-thumbnail","hentry","category-amt-berkenthin","category-herzogtum-lauenburg","tag-berkenthin","tag-martinsmarkt"],"_links":{"self":[{"href":"https:\/\/herzogtum-direkt.de\/index.php\/wp-json\/wp\/v2\/posts\/8624","targetHints":{"allow":["GET"]}}],"collection":[{"href":"https:\/\/herzogtum-direkt.de\/index.php\/wp-json\/wp\/v2\/posts"}],"about":[{"href":"https:\/\/herzogtum-direkt.de\/index.php\/wp-json\/wp\/v2\/types\/post"}],"author":[{"embeddable":true,"href":"https:\/\/herzogtum-direkt.de\/index.php\/wp-json\/wp\/v2\/users\/2"}],"replies":[{"embeddable":true,"href":"https:\/\/herzogtum-direkt.de\/index.php\/wp-json\/wp\/v2\/comments?post=8624"}],"version-history":[{"count":1,"href":"https:\/\/herzogtum-direkt.de\/index.php\/wp-json\/wp\/v2\/posts\/8624\/revisions"}],"predecessor-version":[{"id":8626,"href":"https:\/\/herzogtum-direkt.de\/index.php\/wp-json\/wp\/v2\/posts\/8624\/revisions\/8626"}],"wp:featuredmedia":[{"embeddable":true,"href":"https:\/\/herzogtum-direkt.de\/index.php\/wp-json\/wp\/v2\/media\/8625"}],"wp:attachment":[{"href":"https:\/\/herzogtum-direkt.de\/index.php\/wp-json\/wp\/v2\/media?parent=8624"}],"wp:term":[{"taxonomy":"category","embeddable":true,"href":"https:\/\/herzogtum-direkt.de\/index.php\/wp-json\/wp\/v2\/categories?post=8624"},{"taxonomy":"post_tag","embeddable":true,"href":"https:\/\/herzogtum-direkt.de\/index.php\/wp-json\/wp\/v2\/tags?post=8624"}],"curies":[{"name":"wp","href":"https:\/\/api.w.org\/{rel}","templated":true}]}}