{"id":86181,"date":"2026-08-30T05:27:16","date_gmt":"2026-08-30T04:27:16","guid":{"rendered":"https:\/\/herzogtum-direkt.de\/?p=86181"},"modified":"2026-08-26T08:33:07","modified_gmt":"2026-08-26T07:33:07","slug":"oeffentliche-klosterfuehrung-die-treppe-ins-nichts-im-kloster-rehna","status":"publish","type":"post","link":"https:\/\/herzogtum-direkt.de\/index.php\/2026\/08\/30\/oeffentliche-klosterfuehrung-die-treppe-ins-nichts-im-kloster-rehna\/","title":{"rendered":"\u00d6ffentliche Klosterf\u00fchrung: Die &#8218;Treppe ins Nichts&#8216; im Kloster Rehna"},"content":{"rendered":"<p><span style=\"color: #000000;\"><span style=\"font-family: Arial, sans-serif;\"><span style=\"font-size: medium;\"><b>Rehna (pm)<\/b>. Am Sonntag, 6. September um 14 Uhr findet die letzte \u00f6ffentliche F\u00fchrung durch das Kloster Rehna in diesem Jahr statt. Sie beinhaltet einen Rundgang durch die Innenr\u00e4ume und den Au\u00dfenbereich der Klosteranlage aus dem 13. und 14. Jahrhundert.<\/span><\/span><\/span><\/p>\n<figure id=\"attachment_86182\" aria-describedby=\"caption-attachment-86182\" style=\"width: 600px\" class=\"wp-caption alignnone\"><img fetchpriority=\"high\" decoding=\"async\" class=\"size-medium wp-image-86182\" src=\"https:\/\/herzogtum-direkt.de\/wp-content\/uploads\/2026\/08\/Fuehrung-Kloster-Rehna_Foto-Annalena-Marx-600x452.jpg\" alt=\"\" width=\"600\" height=\"452\" srcset=\"https:\/\/herzogtum-direkt.de\/wp-content\/uploads\/2026\/08\/Fuehrung-Kloster-Rehna_Foto-Annalena-Marx-600x452.jpg 600w, https:\/\/herzogtum-direkt.de\/wp-content\/uploads\/2026\/08\/Fuehrung-Kloster-Rehna_Foto-Annalena-Marx-768x578.jpg 768w, https:\/\/herzogtum-direkt.de\/wp-content\/uploads\/2026\/08\/Fuehrung-Kloster-Rehna_Foto-Annalena-Marx.jpg 1000w\" sizes=\"(max-width: 600px) 100vw, 600px\" \/><figcaption id=\"caption-attachment-86182\" class=\"wp-caption-text\">Das Kloster in Rehna. Foto: Foto Annalena Marx, hfr<\/figcaption><\/figure>\n<p><span style=\"color: #000000;\"><span style=\"font-family: Arial, sans-serif;\"><span style=\"font-size: medium;\">Die langj\u00e4hrigen G\u00e4stef\u00fchrerinnen des Klostervereins versetzen mit ihren Erz\u00e4hlungen die Zuh\u00f6rer zur\u00fcck in den mittelalterlichen Alltag der einst ans\u00e4ssigen Chorfrauen. Sie erl\u00e4utern den beeindruckenden Kirchaltar, erz\u00e4hlen von der vielf\u00e4ltigen Baugeschichte der Kirche und der Klosteranlage. Dabei k\u00f6nnen die Zuh\u00f6rerinnen auch das Geheimnis der \u201eTreppe ins Nichts&#8220; entdecken. Die Geschichte beginnt bei den ersten Siedlern im 12. Jahrhundert, f\u00fchrt \u00fcber die Zugeh\u00f6rigkeit zum Pr\u00e4monstratenser-Orden ab 1319 bis zur Aufl\u00f6sung des Klosters im 16. Jahrhundert. Eine Besonderheit: zudem werden das einstige G\u00e4sterefektorium und der ehemalige Gerichtssaal mit den zum Teil gut erhaltenen Skulpturen und Wandmalereien besichtigt, die sonst nicht \u00f6ffentlich zug\u00e4nglich sind.<\/span><\/span><\/span><\/p>\n<p><span style=\"color: #000000;\"><span style=\"font-family: Arial, sans-serif;\"><span style=\"font-size: medium;\">Die F\u00fchrung dauert circa eine Stunde. Sie kostet inkllusive Eintritt 10 Euro oder 8 Euro erm\u00e4\u00dfigt. Kinder und Jugendliche bis einschlie\u00dflich 18 Jahre haben freien Eintritt.<\/span><\/span><\/span><\/p>\n<p><span style=\"color: #000000;\"><span style=\"font-family: Arial, sans-serif;\"><span style=\"font-size: medium;\">Treffpunkt zur F\u00fchrung ist die Kloster- und Stadtinformation Rehna Kirchplatz 1a in Rehna<\/span><\/span><\/span><\/p>\n<p><span style=\"color: #333333;\"><span style=\"font-family: Arial, sans-serif;\"><span style=\"font-size: medium;\">Weitere Informationen sind \u00fcber die Internetseite\u00a0<span style=\"color: #0000ff;\">www.kloster-rehna.de\u00a0<\/span>|\u00a0<span style=\"color: #0000ff;\">info@kloster-rehna.de\u00a0 <\/span><span style=\"color: #0000ff;\">oder unter der Telefonnummer <\/span>038872\/ 527 65 erh\u00e4ltlich.<\/span><\/span><\/span><\/p>\n","protected":false},"excerpt":{"rendered":"<p>Rehna (pm). Am Sonntag, 6. September um 14 Uhr findet die letzte \u00f6ffentliche F\u00fchrung durch das Kloster Rehna in diesem Jahr statt. Sie beinhaltet einen Rundgang durch die Innenr\u00e4ume und den Au\u00dfenbereich der Klosteranlage aus dem 13. und 14. Jahrhundert. Die langj\u00e4hrigen G\u00e4stef\u00fchrerinnen des Klostervereins versetzen mit ihren Erz\u00e4hlungen die Zuh\u00f6rer zur\u00fcck in den mittelalterlichen [&hellip;]<\/p>\n","protected":false},"author":2,"featured_media":86183,"comment_status":"closed","ping_status":"closed","sticky":false,"template":"","format":"standard","meta":{"jnews-multi-image_gallery":[],"jnews_single_post":{"subtitle":"","format":"standard","override":[{"template":"1","parallax":"1","fullscreen":"1","layout":"right-sidebar","sidebar":"default-sidebar","second_sidebar":"default-sidebar","share_position":"top","share_float_style":"share-monocrhome","show_featured":"1","show_post_meta":"1","show_post_author":"1","show_post_author_image":"1","show_post_date":"1","post_date_format":"default","post_date_format_custom":"Y\/m\/d","post_reading_time_wpm":"300","post_calculate_word_method":"str_word_count","show_zoom_button":"0","zoom_button_out_step":"2","zoom_button_in_step":"3","show_post_tag":"1","show_popup_post":"1","number_popup_post":"1","show_author_box":"1","show_post_related":"1","show_inline_post_related":"0"}],"image_override":[{"single_post_thumbnail_size":"crop-500","single_post_gallery_size":"crop-500"}],"trending_post_position":"meta","trending_post_label":"Trending","sponsored_post_label":"Sponsored by","disable_ad":"0"},"jnews_primary_category":[],"jnews_social_meta":[],"jnews_override_counter":{"view_counter_number":"0","share_counter_number":"0","like_counter_number":"0","dislike_counter_number":"0"},"jnews_post_split":{"post_split":[{"template":"1","tag":"h2","numbering":"asc","mode":"normal","first":"0","enable_toc":"0","toc_type":"normal"}]},"footnotes":""},"categories":[3757,4223],"tags":[3236,4233,4038],"class_list":["post-86181","post","type-post","status-publish","format-standard","has-post-thumbnail","hentry","category-ausflugstipp","category-mecklenburg-vorpommern","tag-fuehrung","tag-kloster","tag-rehna"],"_links":{"self":[{"href":"https:\/\/herzogtum-direkt.de\/index.php\/wp-json\/wp\/v2\/posts\/86181","targetHints":{"allow":["GET"]}}],"collection":[{"href":"https:\/\/herzogtum-direkt.de\/index.php\/wp-json\/wp\/v2\/posts"}],"about":[{"href":"https:\/\/herzogtum-direkt.de\/index.php\/wp-json\/wp\/v2\/types\/post"}],"author":[{"embeddable":true,"href":"https:\/\/herzogtum-direkt.de\/index.php\/wp-json\/wp\/v2\/users\/2"}],"replies":[{"embeddable":true,"href":"https:\/\/herzogtum-direkt.de\/index.php\/wp-json\/wp\/v2\/comments?post=86181"}],"version-history":[{"count":3,"href":"https:\/\/herzogtum-direkt.de\/index.php\/wp-json\/wp\/v2\/posts\/86181\/revisions"}],"predecessor-version":[{"id":86186,"href":"https:\/\/herzogtum-direkt.de\/index.php\/wp-json\/wp\/v2\/posts\/86181\/revisions\/86186"}],"wp:featuredmedia":[{"embeddable":true,"href":"https:\/\/herzogtum-direkt.de\/index.php\/wp-json\/wp\/v2\/media\/86183"}],"wp:attachment":[{"href":"https:\/\/herzogtum-direkt.de\/index.php\/wp-json\/wp\/v2\/media?parent=86181"}],"wp:term":[{"taxonomy":"category","embeddable":true,"href":"https:\/\/herzogtum-direkt.de\/index.php\/wp-json\/wp\/v2\/categories?post=86181"},{"taxonomy":"post_tag","embeddable":true,"href":"https:\/\/herzogtum-direkt.de\/index.php\/wp-json\/wp\/v2\/tags?post=86181"}],"curies":[{"name":"wp","href":"https:\/\/api.w.org\/{rel}","templated":true}]}}