{"id":82833,"date":"2026-05-03T10:25:17","date_gmt":"2026-05-03T09:25:17","guid":{"rendered":"https:\/\/herzogtum-direkt.de\/?p=82833"},"modified":"2026-05-03T10:28:35","modified_gmt":"2026-05-03T09:28:35","slug":"30-jahre-avantgarde-festival-schiphorst-hoeren-als-haltung","status":"publish","type":"post","link":"https:\/\/herzogtum-direkt.de\/index.php\/2026\/05\/03\/30-jahre-avantgarde-festival-schiphorst-hoeren-als-haltung\/","title":{"rendered":"30 Jahre Avantgarde-Festival Schiphorst: H\u00f6ren als Haltung"},"content":{"rendered":"<p><strong>Schiphorst (pm).<\/strong> Drei Tage, ein ehemaliger Bauernhof, drei\u00dfig Jahre Experiment. Was 1996 als \u201eSommersonnenwenden-Fete&#8220; begann, hat sich zu einem der eigenwilligsten Festivals im deutschsprachigen Raum entwickelt. Mitgr\u00fcnder Jean-Herv\u00e9 P\u00e9ron erinnert sich an die Anf\u00e4nge als eine Woche \u201eirgendwo zwischen arabischen N\u00e4chten und industrieller Brachlandschaft&#8220; \u2013 ein Ort nicht nur f\u00fcr Musik, sondern f\u00fcr alle K\u00fcnste, f\u00fcr Improvisation im weitesten Sinne. Das Avantgarde-Festival Schiphorst feiert in diesem Sommer sein drei\u00dfigj\u00e4hriges Bestehen. Und es bleibt sich treu: alles wie immer, also alles wieder anders.<\/p>\n<p>Freitag: zwischen K\u00e4uzchen und Metallschrott<\/p>\n<p>Den Auftakt machen KOU aus Frankreich mit ausgeruhten, verstolperten T\u00f6nen \u2013 durch die gelegentlich ein K\u00e4uzchen ruft. Hugging aus Berlin nehmen Metal auseinander und bauen ihn \u00fcberraschend z\u00e4rtlich neu zusammen. Der Musiker und Videok\u00fcnstler Valle D\u00f6ring zeigt, was eine \u00fcber hundert Jahre alte Pumporgel voller Mikrofone heute zu erz\u00e4hlen hat. Das Hamburger Bunte Luft Trio reist mit Baritonsaxophon, modularem Synthesizer und vietnamesischer Kastenzither an; Monita Wagma legt auf.<\/p>\n<p>Krautrock trifft sich in Schiphorst<\/p>\n<p>Dass Embryo in diesem Jahr zum ersten Mal beim Avantgarde-Festival auftreten, ist mehr als eine Programmnotiz. Beide Bands \u2013 Embryo wie FaUSt \u2013 werden unter dem Label Krautrock gef\u00fchrt und stehen f\u00fcr eine Haltung, die Experiment \u00fcber Genre stellt. Beide verbindet au\u00dferdem ein Generationenwechsel: Marja Burchard f\u00fchrt Embryo weiter, die Band ihres Vaters Christian Burchard \u2013 eine Formation, die nie aufgeh\u00f6rt hat zu touren und sich zu ver\u00e4ndern. Jeanne-Marie Varain, Tochter von Jean-Herv\u00e9 P\u00e9ron, hat die k\u00fcnstlerische Leitung des Festivals seit 2014 inne. Dass diese beiden Bands nun erstmals gemeinsam auf einem Festival zusammenkommen, das von T\u00f6chtern seiner Gr\u00fcndergeneration gepr\u00e4gt wird, ist kein Zufall \u2013 es ist Kontinuit\u00e4t als Programm.<\/p>\n<figure id=\"attachment_82834\" aria-describedby=\"caption-attachment-82834\" style=\"width: 1000px\" class=\"wp-caption alignnone\"><img fetchpriority=\"high\" decoding=\"async\" class=\"size-full wp-image-82834\" src=\"https:\/\/herzogtum-direkt.de\/wp-content\/uploads\/2026\/05\/20210509_CopenhagenClarinetChoir_photoMaltheIvarsson_7223.jpg\" alt=\"\" width=\"1000\" height=\"520\" srcset=\"https:\/\/herzogtum-direkt.de\/wp-content\/uploads\/2026\/05\/20210509_CopenhagenClarinetChoir_photoMaltheIvarsson_7223.jpg 1000w, https:\/\/herzogtum-direkt.de\/wp-content\/uploads\/2026\/05\/20210509_CopenhagenClarinetChoir_photoMaltheIvarsson_7223-600x312.jpg 600w, https:\/\/herzogtum-direkt.de\/wp-content\/uploads\/2026\/05\/20210509_CopenhagenClarinetChoir_photoMaltheIvarsson_7223-768x399.jpg 768w\" sizes=\"(max-width: 1000px) 100vw, 1000px\" \/><figcaption id=\"caption-attachment-82834\" class=\"wp-caption-text\">Den Abend am Samstag gestaltet unter anderem der Copenhagen Clarinet Choir. Foto: MaltheIvarsson<\/figcaption><\/figure>\n<p>\nSamstag: Ein Festival, das zuh\u00f6rt<\/p>\n<p>Der Samstag steht ganz im Zeichen des aktiven H\u00f6rens \u2013 eine Hommage an ein Publikum, das seit drei\u00dfig Jahren durch seine Art des Zuh\u00f6rens einen Raum geschaffen hat, der so selten zu finden ist. Er beginnt mit einer Einf\u00fchrung und einem Workshop von Femke Dekker (Loma Doom), die ihr Buch Open Field Listening Station gerade ver\u00f6ffentlicht hat. Luciana Rizzo aus Buenos Aires und Katarzyna Karpowicz aus Warschau setzen das mit ihren Soundforschungen fort. AGF (Antye Greie-Ripatti) fragt in ihrer Arbeit, wie sozialer Raum entsteht und behauptet wird. Hanna Eimermacher und Frauke Aulbert sind als Physical Listening Club zu erleben. Den Abend gestalten der Copenhagen Clarinet Choir, der zwischen Kontemplation und Explosion pendelt, und das Andromeda Mega Express Orchestra (Deutscher Jazzpreis 2021). Dazu kommt der europ\u00e4ische Ableger des kanadischen Growlers Choir, der Heavy Metal und experimentelle Musik zusammendenkt.<\/p>\n<p>\u201eEs ist mir eine gro\u00dfe Freude, das Hauptprogramm zu kuratieren und die Dynamiken der Tagesabl\u00e4ufe zu gestalten&#8220;, sagt Jeanne-Marie Varain. \u201eDas Programm wird immer wieder durch Aktionen und Ungeplantes durchdrungen \u2013 ich kann selbst nicht genau sagen, wie die Couleur des Festivals sein wird. Das ist ein Riesenspa\u00df, auch f\u00fcr mich.&#8220;<\/p>\n<p>Sonntag: Jubil\u00e4um als Happening<\/p>\n<p>Den Festivalsonntag gestaltet Jean-Herv\u00e9 P\u00e9ron ganz im Geist der Gr\u00fcnderjahre \u2013 und das hei\u00dft: Die Grenze zwischen B\u00fchne und Publikum l\u00f6st sich auf. Der Vormittag beginnt im Hof mit Jazz, wandert dann auf die Hauptb\u00fchne, wo P\u00e9ron St\u00fccke aus MOI vorstellt \u2013 seinem ersten Soloalbum, das im September 2026 erscheint und wenige Wochen zuvor in Schiphorst aufgenommen wurde. Zwischendurch betritt Thomas Otto, Zaubererk\u00fcnstler, den Hof \u2013 und wer aufmerksam ist, versteht vielleicht, warum der Kiosk an diesem Morgen nur eine Aufgabe hat. Den Abschluss bildet, wie es inzwischen Tradition ist, ein spontaner Chor aus dem Publikum. \u201eJetzt, drei Jahrzehnte sp\u00e4ter, bauen, improvisieren und erfinden wir weiter&#8220;, schreibt P\u00e9ron \u2013 \u201enicht, um in der Vergangenheit zu schwelgen, sondern um den Geist lebendig zu halten.&#8220;<\/p>\n<figure id=\"attachment_82835\" aria-describedby=\"caption-attachment-82835\" style=\"width: 1000px\" class=\"wp-caption alignnone\"><img decoding=\"async\" class=\"size-full wp-image-82835\" src=\"https:\/\/herzogtum-direkt.de\/wp-content\/uploads\/2026\/05\/Hof4_2025_credit_TammoMo\u0308ller.jpg\" alt=\"\" width=\"1000\" height=\"567\" srcset=\"https:\/\/herzogtum-direkt.de\/wp-content\/uploads\/2026\/05\/Hof4_2025_credit_TammoMo\u0308ller.jpg 1000w, https:\/\/herzogtum-direkt.de\/wp-content\/uploads\/2026\/05\/Hof4_2025_credit_TammoMo\u0308ller-600x340.jpg 600w, https:\/\/herzogtum-direkt.de\/wp-content\/uploads\/2026\/05\/Hof4_2025_credit_TammoMo\u0308ller-768x435.jpg 768w\" sizes=\"(max-width: 1000px) 100vw, 1000px\" \/><figcaption id=\"caption-attachment-82835\" class=\"wp-caption-text\">Foto: TammoMo\u0308ller<\/figcaption><\/figure>\n<p>Rahmenprogramm<\/p>\n<p>Auf dem Heuboden kuratiert das Brandenburger NNOI-Festival ein Kurzfilmprogramm. Im Ausstellungsraum unterm Dach sind Arbeiten von Peter Blegvad zu sehen \u2013 Poesie, Malerei, Zeichnung und Musik des Songwriters, Autors und Slapp-Happy-Mitgr\u00fcnders. Die freie B\u00fchne ANNEX erg\u00e4nzt das Programm der Tenne als Hauptspielst\u00e4tte.<\/p>\n<p>Praktisches<\/p>\n<p>Das Festival findet traditionell zur Sommersonnenwende statt, 19.-21. Juni 2026. Festivaltickets \u2013 inklusive Mahlzeiten und Camping im Rosengarten \u2013 sind sozial gestaffelt: 80, 100 oder 120 Euro. Tageskarten sind ab 20 Euro erh\u00e4ltlich. Der Vorverkauf l\u00e4uft bis Juni. Das Festival wird gef\u00f6rdert von der Initiative Musik des Beauftragten der Bundesregierung f\u00fcr Kultur und Medien.<\/p>\n<p>Mehr unter <a href=\"http:\/\/www.avantgardefestival.de\" target=\"_blank\" rel=\"noopener\">www.avantgardefestival.de<\/a>.<\/p>\n","protected":false},"excerpt":{"rendered":"<p>Schiphorst (pm). Drei Tage, ein ehemaliger Bauernhof, drei\u00dfig Jahre Experiment. Was 1996 als \u201eSommersonnenwenden-Fete&#8220; begann, hat sich zu einem der eigenwilligsten Festivals im deutschsprachigen Raum entwickelt. Mitgr\u00fcnder Jean-Herv\u00e9 P\u00e9ron erinnert sich an die Anf\u00e4nge als eine Woche \u201eirgendwo zwischen arabischen N\u00e4chten und industrieller Brachlandschaft&#8220; \u2013 ein Ort nicht nur f\u00fcr Musik, sondern f\u00fcr alle K\u00fcnste, [&hellip;]<\/p>\n","protected":false},"author":2,"featured_media":82836,"comment_status":"closed","ping_status":"closed","sticky":false,"template":"","format":"standard","meta":{"jnews-multi-image_gallery":[],"jnews_single_post":{"format":"standard","override":[{"template":"1","parallax":"1","fullscreen":"1","layout":"right-sidebar","sidebar":"default-sidebar","second_sidebar":"default-sidebar","sticky_sidebar":"1","share_position":"top","share_float_style":"share-monocrhome","show_view_counter":"1","show_featured":"1","show_post_meta":"1","show_post_author":"1","show_post_author_image":"1","show_post_date":"1","post_date_format":"default","post_date_format_custom":"Y\/m\/d","post_reading_time_wpm":"300","post_calculate_word_method":"str_word_count","show_zoom_button":"0","zoom_button_out_step":"2","zoom_button_in_step":"3","show_post_tag":"1","show_popup_post":"1","number_popup_post":"1","show_author_box":"1","show_post_related":"1","show_inline_post_related":"0"}],"image_override":[{"single_post_thumbnail_size":"crop-500","single_post_gallery_size":"crop-500"}],"trending_post_position":"meta","trending_post_label":"Trending","sponsored_post_label":"Sponsored by","disable_ad":"0","subtitle":"19.\u201321. Juni 2026, Schiphorst (zwischen Hamburg und L\u00fcbeck)"},"jnews_primary_category":[],"jnews_social_meta":[],"jnews_override_counter":{"view_counter_number":"0","share_counter_number":"0","like_counter_number":"0","dislike_counter_number":"0"},"jnews_post_split":{"post_split":[{"template":"1","tag":"h2","numbering":"asc","mode":"normal","first":"0","enable_toc":"0","toc_type":"normal"}]},"footnotes":""},"categories":[67,1,70],"tags":[724,686],"class_list":["post-82833","post","type-post","status-publish","format-standard","has-post-thumbnail","hentry","category-amt-sandesneben-nusse","category-feature","category-kultur","tag-avantgarde-schiphorst","tag-schiphorst"],"_links":{"self":[{"href":"https:\/\/herzogtum-direkt.de\/index.php\/wp-json\/wp\/v2\/posts\/82833","targetHints":{"allow":["GET"]}}],"collection":[{"href":"https:\/\/herzogtum-direkt.de\/index.php\/wp-json\/wp\/v2\/posts"}],"about":[{"href":"https:\/\/herzogtum-direkt.de\/index.php\/wp-json\/wp\/v2\/types\/post"}],"author":[{"embeddable":true,"href":"https:\/\/herzogtum-direkt.de\/index.php\/wp-json\/wp\/v2\/users\/2"}],"replies":[{"embeddable":true,"href":"https:\/\/herzogtum-direkt.de\/index.php\/wp-json\/wp\/v2\/comments?post=82833"}],"version-history":[{"count":2,"href":"https:\/\/herzogtum-direkt.de\/index.php\/wp-json\/wp\/v2\/posts\/82833\/revisions"}],"predecessor-version":[{"id":82838,"href":"https:\/\/herzogtum-direkt.de\/index.php\/wp-json\/wp\/v2\/posts\/82833\/revisions\/82838"}],"wp:featuredmedia":[{"embeddable":true,"href":"https:\/\/herzogtum-direkt.de\/index.php\/wp-json\/wp\/v2\/media\/82836"}],"wp:attachment":[{"href":"https:\/\/herzogtum-direkt.de\/index.php\/wp-json\/wp\/v2\/media?parent=82833"}],"wp:term":[{"taxonomy":"category","embeddable":true,"href":"https:\/\/herzogtum-direkt.de\/index.php\/wp-json\/wp\/v2\/categories?post=82833"},{"taxonomy":"post_tag","embeddable":true,"href":"https:\/\/herzogtum-direkt.de\/index.php\/wp-json\/wp\/v2\/tags?post=82833"}],"curies":[{"name":"wp","href":"https:\/\/api.w.org\/{rel}","templated":true}]}}