{"id":82820,"date":"2026-05-02T09:26:48","date_gmt":"2026-05-02T08:26:48","guid":{"rendered":"https:\/\/herzogtum-direkt.de\/?p=82820"},"modified":"2026-05-02T09:26:48","modified_gmt":"2026-05-02T08:26:48","slug":"musik-am-hafen-startet","status":"publish","type":"post","link":"https:\/\/herzogtum-direkt.de\/index.php\/2026\/05\/02\/musik-am-hafen-startet\/","title":{"rendered":"&#8222;Musik am Hafen&#8220; startet"},"content":{"rendered":"<p><strong>Geesthacht (pm).\u00a0<\/strong>In genau drei Wochen startet die beliebte Musikreihe \u201eMusik am Hafen\u201c an den Geesthachter Sitzterrassen. Zum Auftakt der f\u00fcnfteiligen Open-Air-Reihe spielt am Mittwoch, 20. Mai 2026, ab 19 Uhr die Band \u201eRadius\u201c German Funk am Hafenbecken. \u201eDas wird ein tolles Opening im Jahr 2026!\u201c, k\u00fcndigt Bettina Knoop von der Geesthachter Tourist-Information an, die die Konzertreihe organisiert.<\/p>\n<p>\u201eWir machen das Gel\u00e4nde f\u00fcr euch schick, f\u00fcr gute Stimmung ist gesorgt. Die Konzerte werden, wie gewohnt, kostenfrei angeboten. Gastronomen werden mit einem umfangreichen Angebot vor Ort sein, so dass f\u00fcr jede und jeden etwas dabei sein d\u00fcrfte\u201c, sagt Bettina Knoop, die zudem darauf hinweist: \u201eBitte denkt daran: Aus Sicherheitsgr\u00fcnden m\u00f6chten wir freundlich darauf hinweisen, dass das Mitbringen von Glasflaschen auf dem Veranstaltungsgel\u00e4nde, insbesondere im Bereich der Sitzterrassen, leider nicht m\u00f6glich ist. Wir bitten herzlich um Verst\u00e4ndnis. Auch das Mitbringen eigener St\u00fchle ist bei der Veranstaltung nicht gestattet. Besucherinnen und Besucher, die mit einem Rollstuhl oder Rollator kommen, k\u00f6nnen gerne den Bereich links vor der Br\u00fccke nutzen.\u201c Grunds\u00e4tzlich kann das Publikum w\u00e4hlen, von welcher Seite aus es den Konzerten lauschen m\u00f6chte &#8211; von den Sitzterrassen an der Steinstra\u00dfe mit Blickrichtung Elbe oder vom Menzer-Werft-Platz mit Blick auf das Hafenbecken.<\/p>\n<p><strong>Die weiteren Termine:<\/strong><\/p>\n<p>Am 10. Juni 2026 wird dann das \u201eMain Projekt\u201c aus W\u00fcrzburg die B\u00fchne an den Sitzterrassen \u00fcbernehmen. Besucherinnen und Besucher k\u00f6nnen sich auf bekannte Hits freuen, die die Partyband auf ihre Weise interpretiert.<\/p>\n<p>Am 8. Juli 2026 werden \u201eTears for Beers\u201c das Publikum mit Folk unterhalten, am 5. August 2026 starten \u201eThe KaiserBeats\u201c aus Osnabr\u00fcck mit \u201eRock\u2019n\u2018Roll &amp; Beat\u201c am Hafen durch. Zum Abschlusskonzert am 2. September 2026 kommen dann \u201eMahoin\u201c aus Hamburg mit ihrer Shantypolka zu \u201eMusik am Hafen\u201c.<\/p>\n","protected":false},"excerpt":{"rendered":"<p>Geesthacht (pm).\u00a0In genau drei Wochen startet die beliebte Musikreihe \u201eMusik am Hafen\u201c an den Geesthachter Sitzterrassen. Zum Auftakt der f\u00fcnfteiligen Open-Air-Reihe spielt am Mittwoch, 20. Mai 2026, ab 19 Uhr die Band \u201eRadius\u201c German Funk am Hafenbecken. \u201eDas wird ein tolles Opening im Jahr 2026!\u201c, k\u00fcndigt Bettina Knoop von der Geesthachter Tourist-Information an, die die [&hellip;]<\/p>\n","protected":false},"author":2,"featured_media":82821,"comment_status":"closed","ping_status":"closed","sticky":false,"template":"","format":"standard","meta":{"jnews-multi-image_gallery":[],"jnews_single_post":{"subtitle":"","format":"standard","override":[{"template":"1","parallax":"1","fullscreen":"1","layout":"right-sidebar","sidebar":"default-sidebar","second_sidebar":"default-sidebar","sticky_sidebar":"1","share_position":"top","share_float_style":"share-monocrhome","show_view_counter":"1","show_featured":"1","show_post_meta":"1","show_post_author":"1","show_post_author_image":"1","show_post_date":"1","post_date_format":"default","post_date_format_custom":"Y\/m\/d","post_reading_time_wpm":"300","post_calculate_word_method":"str_word_count","show_zoom_button":"0","zoom_button_out_step":"2","zoom_button_in_step":"3","show_post_tag":"1","show_popup_post":"1","number_popup_post":"1","show_author_box":"1","show_post_related":"1","show_inline_post_related":"0"}],"image_override":[{"single_post_thumbnail_size":"crop-500","single_post_gallery_size":"crop-500"}],"trending_post_position":"meta","trending_post_label":"Trending","sponsored_post_label":"Sponsored by","disable_ad":"0"},"jnews_primary_category":[],"jnews_social_meta":[],"jnews_override_counter":{"view_counter_number":"0","share_counter_number":"0","like_counter_number":"0","dislike_counter_number":"0"},"jnews_post_split":{"post_split":[{"template":"1","tag":"h2","numbering":"asc","mode":"normal","first":"0","enable_toc":"0","toc_type":"normal"}]},"footnotes":""},"categories":[2625,63],"tags":[249],"class_list":["post-82820","post","type-post","status-publish","format-standard","has-post-thumbnail","hentry","category-geesthacht","category-herzogtum-lauenburg","tag-geesthacht"],"_links":{"self":[{"href":"https:\/\/herzogtum-direkt.de\/index.php\/wp-json\/wp\/v2\/posts\/82820","targetHints":{"allow":["GET"]}}],"collection":[{"href":"https:\/\/herzogtum-direkt.de\/index.php\/wp-json\/wp\/v2\/posts"}],"about":[{"href":"https:\/\/herzogtum-direkt.de\/index.php\/wp-json\/wp\/v2\/types\/post"}],"author":[{"embeddable":true,"href":"https:\/\/herzogtum-direkt.de\/index.php\/wp-json\/wp\/v2\/users\/2"}],"replies":[{"embeddable":true,"href":"https:\/\/herzogtum-direkt.de\/index.php\/wp-json\/wp\/v2\/comments?post=82820"}],"version-history":[{"count":1,"href":"https:\/\/herzogtum-direkt.de\/index.php\/wp-json\/wp\/v2\/posts\/82820\/revisions"}],"predecessor-version":[{"id":82822,"href":"https:\/\/herzogtum-direkt.de\/index.php\/wp-json\/wp\/v2\/posts\/82820\/revisions\/82822"}],"wp:featuredmedia":[{"embeddable":true,"href":"https:\/\/herzogtum-direkt.de\/index.php\/wp-json\/wp\/v2\/media\/82821"}],"wp:attachment":[{"href":"https:\/\/herzogtum-direkt.de\/index.php\/wp-json\/wp\/v2\/media?parent=82820"}],"wp:term":[{"taxonomy":"category","embeddable":true,"href":"https:\/\/herzogtum-direkt.de\/index.php\/wp-json\/wp\/v2\/categories?post=82820"},{"taxonomy":"post_tag","embeddable":true,"href":"https:\/\/herzogtum-direkt.de\/index.php\/wp-json\/wp\/v2\/tags?post=82820"}],"curies":[{"name":"wp","href":"https:\/\/api.w.org\/{rel}","templated":true}]}}