{"id":82810,"date":"2026-05-01T10:36:34","date_gmt":"2026-05-01T09:36:34","guid":{"rendered":"https:\/\/herzogtum-direkt.de\/?p=82810"},"modified":"2026-05-01T10:36:34","modified_gmt":"2026-05-01T09:36:34","slug":"mit-rettungshubschrauber-ins-krankenhaus-schwerverletzter-motorradfahrer-nach-unfall-bei-buechen","status":"publish","type":"post","link":"https:\/\/herzogtum-direkt.de\/index.php\/2026\/05\/01\/mit-rettungshubschrauber-ins-krankenhaus-schwerverletzter-motorradfahrer-nach-unfall-bei-buechen\/","title":{"rendered":"Mit Rettungshubschrauber ins Krankenhaus: Schwerverletzter Motorradfahrer nach Unfall bei B\u00fcchen"},"content":{"rendered":"<p><strong>Br\u00f6then (pm).\u00a0<\/strong>Mittwochmittag ereignete sich zwischen B\u00fcchen und Br\u00f6then ein Verkehrsunfall. Ein Rettungshubschrauber brachte den schwerverletzten Motorradfahrer ins Krankenhaus.<\/p>\n<p>Am 29. April 2026 gegen 12.30 Uhr soll ein 38-j\u00e4hriger Motorradfahrer aus dem Kreis Herzogtum Lauenburg die B\u00fcchener Stra\u00dfe (K28) aus Richtung B\u00fcchen kommend in Richtung Br\u00f6then befahren haben. Kurz vor dem Ortseingang Br\u00f6then habe dieser aus bislang ungekl\u00e4rter Ursache die Kontrolle \u00fcber seine Maschine verloren und sei nach rechts von der Fahrbahn abgekommen. Anschlie\u00dfend soll er mit einem Baum kollidiert sein.<\/p>\n<p>Der Mann erlitt dabei schwere Verletzungen und musste mit einem Rettungshubschrauber ins Krankenhaus gebracht werden.<\/p>\n","protected":false},"excerpt":{"rendered":"<p>Br\u00f6then (pm).\u00a0Mittwochmittag ereignete sich zwischen B\u00fcchen und Br\u00f6then ein Verkehrsunfall. Ein Rettungshubschrauber brachte den schwerverletzten Motorradfahrer ins Krankenhaus. Am 29. April 2026 gegen 12.30 Uhr soll ein 38-j\u00e4hriger Motorradfahrer aus dem Kreis Herzogtum Lauenburg die B\u00fcchener Stra\u00dfe (K28) aus Richtung B\u00fcchen kommend in Richtung Br\u00f6then befahren haben. Kurz vor dem Ortseingang Br\u00f6then habe dieser aus [&hellip;]<\/p>\n","protected":false},"author":2,"featured_media":47450,"comment_status":"closed","ping_status":"closed","sticky":false,"template":"","format":"standard","meta":{"jnews-multi-image_gallery":[],"jnews_single_post":{"subtitle":"","format":"standard","override":[{"template":"1","parallax":"1","fullscreen":"1","layout":"right-sidebar","sidebar":"default-sidebar","second_sidebar":"default-sidebar","sticky_sidebar":"1","share_position":"top","share_float_style":"share-monocrhome","show_view_counter":"1","show_featured":"1","show_post_meta":"1","show_post_author":"1","show_post_author_image":"1","show_post_date":"1","post_date_format":"default","post_date_format_custom":"Y\/m\/d","post_reading_time_wpm":"300","post_calculate_word_method":"str_word_count","show_zoom_button":"0","zoom_button_out_step":"2","zoom_button_in_step":"3","show_post_tag":"1","show_popup_post":"1","number_popup_post":"1","show_author_box":"1","show_post_related":"1","show_inline_post_related":"0"}],"image_override":[{"single_post_thumbnail_size":"crop-500","single_post_gallery_size":"crop-500"}],"trending_post_position":"meta","trending_post_label":"Trending","sponsored_post_label":"Sponsored by","disable_ad":"0"},"jnews_primary_category":[],"jnews_social_meta":[],"jnews_override_counter":{"view_counter_number":"0","share_counter_number":"0","like_counter_number":"0","dislike_counter_number":"0"},"jnews_post_split":{"post_split":[{"template":"1","tag":"h2","numbering":"asc","mode":"normal","first":"0","enable_toc":"0","toc_type":"normal"}]},"footnotes":""},"categories":[2650,63],"tags":[2725],"class_list":["post-82810","post","type-post","status-publish","format-standard","has-post-thumbnail","hentry","category-buechen","category-herzogtum-lauenburg","tag-broethen"],"_links":{"self":[{"href":"https:\/\/herzogtum-direkt.de\/index.php\/wp-json\/wp\/v2\/posts\/82810","targetHints":{"allow":["GET"]}}],"collection":[{"href":"https:\/\/herzogtum-direkt.de\/index.php\/wp-json\/wp\/v2\/posts"}],"about":[{"href":"https:\/\/herzogtum-direkt.de\/index.php\/wp-json\/wp\/v2\/types\/post"}],"author":[{"embeddable":true,"href":"https:\/\/herzogtum-direkt.de\/index.php\/wp-json\/wp\/v2\/users\/2"}],"replies":[{"embeddable":true,"href":"https:\/\/herzogtum-direkt.de\/index.php\/wp-json\/wp\/v2\/comments?post=82810"}],"version-history":[{"count":1,"href":"https:\/\/herzogtum-direkt.de\/index.php\/wp-json\/wp\/v2\/posts\/82810\/revisions"}],"predecessor-version":[{"id":82811,"href":"https:\/\/herzogtum-direkt.de\/index.php\/wp-json\/wp\/v2\/posts\/82810\/revisions\/82811"}],"wp:featuredmedia":[{"embeddable":true,"href":"https:\/\/herzogtum-direkt.de\/index.php\/wp-json\/wp\/v2\/media\/47450"}],"wp:attachment":[{"href":"https:\/\/herzogtum-direkt.de\/index.php\/wp-json\/wp\/v2\/media?parent=82810"}],"wp:term":[{"taxonomy":"category","embeddable":true,"href":"https:\/\/herzogtum-direkt.de\/index.php\/wp-json\/wp\/v2\/categories?post=82810"},{"taxonomy":"post_tag","embeddable":true,"href":"https:\/\/herzogtum-direkt.de\/index.php\/wp-json\/wp\/v2\/tags?post=82810"}],"curies":[{"name":"wp","href":"https:\/\/api.w.org\/{rel}","templated":true}]}}