{"id":82807,"date":"2026-05-01T10:25:33","date_gmt":"2026-05-01T09:25:33","guid":{"rendered":"https:\/\/herzogtum-direkt.de\/?p=82807"},"modified":"2026-05-01T10:25:33","modified_gmt":"2026-05-01T09:25:33","slug":"zeugen-gesucht-nach-raubueberfall-auf-getraenkemarkt","status":"publish","type":"post","link":"https:\/\/herzogtum-direkt.de\/index.php\/2026\/05\/01\/zeugen-gesucht-nach-raubueberfall-auf-getraenkemarkt\/","title":{"rendered":"Zeugen gesucht nach Raub\u00fcberfall auf Getr\u00e4nkemarkt"},"content":{"rendered":"<p><strong>Geesthacht (pm).<\/strong>\u00a0Mittwochabend soll es in einem Geesthachter Getr\u00e4nkemarkt zu einem Raub\u00fcberfall durch einen maskierten T\u00e4ter gekommen sein. Der Tatverd\u00e4chtige sei anschlie\u00dfend mit dem Raubgut geflohen.<\/p>\n<p>Am 29. April 2026 gegen 20.15 Uhr habe ein 23-j\u00e4hriger Mitarbeiter eines Getr\u00e4nkemarktes in der Stra\u00dfe Am Schleusenkanal nach Ladenschluss den Markt verlassen. Hierbei sei der Mitarbeiter dann von einem unbekannten maskierten Mann \u00fcberfallen worden. Dieser Unbekannte soll Pfefferspray und einen Schlaggegenstand gegen den Angestellten eingesetzt haben. Nachdem der R\u00e4uber einen noch nicht feststehenden Betrag an Bargeld sowie ein Handy erbeutet hatte, sei er in unbekannte Richtung davongelaufen. Der leicht verletzte Geesthachter verst\u00e4ndigte daraufhin die Polizei und wurde durch Rettungskr\u00e4fte vor Ort medizinisch versorgt.<\/p>\n<p>Sofort eingeleitete umfangreiche Fahndungsma\u00dfnahmen f\u00fchrten bisher nicht zum Erfolg. Die Kriminalpolizei hat die Ermittlungen aufgenommen und sucht Zeugen f\u00fcr den Vorfall. Sachdienliche Hinweise nimmt die Polizei Geesthacht telefonisch unter 04152\/80030 sowie per Email an <a href=\"mailto:geesthacht.kpst@polizei.landsh.de\">geesthacht.kpst@polizei.landsh.de<\/a> entgegen.<\/p>\n","protected":false},"excerpt":{"rendered":"<p>Geesthacht (pm).\u00a0Mittwochabend soll es in einem Geesthachter Getr\u00e4nkemarkt zu einem Raub\u00fcberfall durch einen maskierten T\u00e4ter gekommen sein. Der Tatverd\u00e4chtige sei anschlie\u00dfend mit dem Raubgut geflohen. Am 29. April 2026 gegen 20.15 Uhr habe ein 23-j\u00e4hriger Mitarbeiter eines Getr\u00e4nkemarktes in der Stra\u00dfe Am Schleusenkanal nach Ladenschluss den Markt verlassen. Hierbei sei der Mitarbeiter dann von einem [&hellip;]<\/p>\n","protected":false},"author":2,"featured_media":81097,"comment_status":"closed","ping_status":"closed","sticky":false,"template":"","format":"standard","meta":{"jnews-multi-image_gallery":[],"jnews_single_post":{"subtitle":"","format":"standard","override":[{"template":"1","parallax":"1","fullscreen":"1","layout":"right-sidebar","sidebar":"default-sidebar","second_sidebar":"default-sidebar","sticky_sidebar":"1","share_position":"top","share_float_style":"share-monocrhome","show_view_counter":"1","show_featured":"1","show_post_meta":"1","show_post_author":"1","show_post_author_image":"1","show_post_date":"1","post_date_format":"default","post_date_format_custom":"Y\/m\/d","post_reading_time_wpm":"300","post_calculate_word_method":"str_word_count","show_zoom_button":"0","zoom_button_out_step":"2","zoom_button_in_step":"3","show_post_tag":"1","show_popup_post":"1","number_popup_post":"1","show_author_box":"1","show_post_related":"1","show_inline_post_related":"0"}],"image_override":[{"single_post_thumbnail_size":"crop-500","single_post_gallery_size":"crop-500"}],"trending_post_position":"meta","trending_post_label":"Trending","sponsored_post_label":"Sponsored by","disable_ad":"0"},"jnews_primary_category":[],"jnews_social_meta":[],"jnews_override_counter":{"view_counter_number":"0","share_counter_number":"0","like_counter_number":"0","dislike_counter_number":"0"},"jnews_post_split":{"post_split":[{"template":"1","tag":"h2","numbering":"asc","mode":"normal","first":"0","enable_toc":"0","toc_type":"normal"}]},"footnotes":""},"categories":[2625,63],"tags":[249],"class_list":["post-82807","post","type-post","status-publish","format-standard","has-post-thumbnail","hentry","category-geesthacht","category-herzogtum-lauenburg","tag-geesthacht"],"_links":{"self":[{"href":"https:\/\/herzogtum-direkt.de\/index.php\/wp-json\/wp\/v2\/posts\/82807","targetHints":{"allow":["GET"]}}],"collection":[{"href":"https:\/\/herzogtum-direkt.de\/index.php\/wp-json\/wp\/v2\/posts"}],"about":[{"href":"https:\/\/herzogtum-direkt.de\/index.php\/wp-json\/wp\/v2\/types\/post"}],"author":[{"embeddable":true,"href":"https:\/\/herzogtum-direkt.de\/index.php\/wp-json\/wp\/v2\/users\/2"}],"replies":[{"embeddable":true,"href":"https:\/\/herzogtum-direkt.de\/index.php\/wp-json\/wp\/v2\/comments?post=82807"}],"version-history":[{"count":1,"href":"https:\/\/herzogtum-direkt.de\/index.php\/wp-json\/wp\/v2\/posts\/82807\/revisions"}],"predecessor-version":[{"id":82808,"href":"https:\/\/herzogtum-direkt.de\/index.php\/wp-json\/wp\/v2\/posts\/82807\/revisions\/82808"}],"wp:featuredmedia":[{"embeddable":true,"href":"https:\/\/herzogtum-direkt.de\/index.php\/wp-json\/wp\/v2\/media\/81097"}],"wp:attachment":[{"href":"https:\/\/herzogtum-direkt.de\/index.php\/wp-json\/wp\/v2\/media?parent=82807"}],"wp:term":[{"taxonomy":"category","embeddable":true,"href":"https:\/\/herzogtum-direkt.de\/index.php\/wp-json\/wp\/v2\/categories?post=82807"},{"taxonomy":"post_tag","embeddable":true,"href":"https:\/\/herzogtum-direkt.de\/index.php\/wp-json\/wp\/v2\/tags?post=82807"}],"curies":[{"name":"wp","href":"https:\/\/api.w.org\/{rel}","templated":true}]}}