{"id":82800,"date":"2026-05-01T10:17:00","date_gmt":"2026-05-01T09:17:00","guid":{"rendered":"https:\/\/herzogtum-direkt.de\/?p=82800"},"modified":"2026-05-01T10:17:00","modified_gmt":"2026-05-01T09:17:00","slug":"miteinander-fuereinander","status":"publish","type":"post","link":"https:\/\/herzogtum-direkt.de\/index.php\/2026\/05\/01\/miteinander-fuereinander\/","title":{"rendered":"&#8222;Miteinander &#8211; F\u00fcreinander&#8220;"},"content":{"rendered":"<p><strong>Ratzeburg (pm).\u00a0<\/strong>Mit einem Fest des gesellschaftlichen Zusammenhalts feiert Ratzeburg am 23. Mai 2026, dem &#8218;Tag des Grundgesetzes&#8216;, vor dem Ratzeburger Rathaus das gemeinsame b\u00fcrgerschaftliche Engagement in der Stadt. Es folgt damit einem Aufruf des Bundespr\u00e4sidenten, der zu diesem besonderen Datum die bundesweite Mitmachaktion &#8222;Der Ehrentag. F\u00fcr dich. F\u00fcr uns. F\u00fcr alle.&#8220; ausgerufen hat. Das Grundgesetz gemeinsam feiern, und alle machen mit \u2013 das ist die Idee dieses &#8222;Ehrentags&#8220;. In Ratzeburg findet dies unter dem Motto &#8222;Miteinander &#8211; F\u00fcreinander&#8220; statt, ausgelassen und einladend.<\/p>\n<p>Geplant ist eine gro\u00dfe, \u00f6ffentliche Tanzaktion mit Live-Musik unter freien Himmel vor dem Ratzeburger Rathaus. Sie tr\u00e4gt die Idee des &#8218;Tanztees f\u00fcr Jung und Alt&#8216;, die seit einiger Zeit im Rahmen des Projektes &#8222;Allein muss nicht sein&#8220; des Diakonischen Werks Herzogtum Lauenburg gemeinsam mit dem Sozialverband Deutschland (SoVD), Ortsverband Ratzeburg ehrenamtlich organisiert wird und f\u00fcr viel Furore sorgt, nach drau\u00dfen. Sie ist ein Beispiel daf\u00fcr, was b\u00fcrgerschaftliches Engagement miteinander und f\u00fcreinander zu leisten vermag.<\/p>\n<figure id=\"attachment_82802\" aria-describedby=\"caption-attachment-82802\" style=\"width: 1000px\" class=\"wp-caption alignnone\"><img fetchpriority=\"high\" decoding=\"async\" class=\"size-full wp-image-82802\" src=\"https:\/\/herzogtum-direkt.de\/wp-content\/uploads\/2026\/05\/DAS-TV-Duell-2010_-Die-Ratzeburger-Mannschaft-in-Aktion-der-Erdbeerkuchen-wird-immer-laenger.jpg\" alt=\"\" width=\"1000\" height=\"621\" srcset=\"https:\/\/herzogtum-direkt.de\/wp-content\/uploads\/2026\/05\/DAS-TV-Duell-2010_-Die-Ratzeburger-Mannschaft-in-Aktion-der-Erdbeerkuchen-wird-immer-laenger.jpg 1000w, https:\/\/herzogtum-direkt.de\/wp-content\/uploads\/2026\/05\/DAS-TV-Duell-2010_-Die-Ratzeburger-Mannschaft-in-Aktion-der-Erdbeerkuchen-wird-immer-laenger-600x373.jpg 600w, https:\/\/herzogtum-direkt.de\/wp-content\/uploads\/2026\/05\/DAS-TV-Duell-2010_-Die-Ratzeburger-Mannschaft-in-Aktion-der-Erdbeerkuchen-wird-immer-laenger-768x477.jpg 768w\" sizes=\"(max-width: 1000px) 100vw, 1000px\" \/><figcaption id=\"caption-attachment-82802\" class=\"wp-caption-text\">&#8222;DAS! &#8211; TV-Duell 2010&#8220; &#8211; Die Ratzeburger Mannschaft in Aktion &#8211; der Erdbeerkuchen wird immer l\u00e4nger! Foto: Stadt Ratzeburg<\/figcaption><\/figure>\n<p>Es wird an diesem Fr\u00fchlingstag allerdings nicht nur getanzt in Ratzeburg. Es soll auch ein Rekord gebrochen werden, der 2010 in einer au\u00dferordentlichen Leistung gesellschaftlichen Zusammenhalts und b\u00fcrgerschaftlichen Engagements erreicht wurde. Im Wettbewerb &#8218;Das! DUELL&#8216; um das &#8218;Roten Sofa&#8216; des NDR musste sich Ratzeburg gegen Duderstadt f\u00fcr die Finalrunde qualifizieren. Wer schafft die l\u00e4ngste Erdbeer-Leckermeile? Ein riesiger Berg, frischer Erdbeeren, eine Wanne Tortenguss, ein &#8218;gaaanz langer&#8216; Tisch! 16 Wettstreiterinnen und Wettstreit in beiden St\u00e4dten k\u00e4mpften um den l\u00e4ngsten Erdbeerkuchen, der am Ende vom zahlreichen Publikum verspeist wurde. Ratzeburg gewann seinerzeit mit 7,20 Meter, 90 cm mehr als in Duderstadt. Es war der erste Schritt zum Gewinn des &#8218;Roten Sofas&#8216;. Eine gemeinsame Leistung des gesellschaftlichen Zusammenhalts in der Stadt, die belohnt wurde.<\/p>\n<p>Daran soll zum &#8218;Ehrentag&#8216; am &#8218;Tag des Grundgesetzes&#8216; erinnert werden, mit dem Versuch, den eigenen Stadtrekord zu knacken. Schafft Ratzeburg 2026 unter gleichen Bedingungen die Traummarke von 7,50 Meter? Auch damit alle Besucherinnen und Besucher ihr St\u00fcck Erdbeerkuchen bekommen? Das Festkomitee, bestehend aus der Volkshochschule Ratzeburg und Umland e.V. , dem Diakonischen Werk und der Stadt Ratzeburg ist sich sicher: Es kann gelingen. Schlie\u00dflich gibt inzwischen eine Engagementstrategie in Ratzeburg, die engagierte Menschen zusammenf\u00fchrt und unterst\u00fctzt, es gibt eine ebenso engagierte &#8218;Partnerschaft f\u00fcr Demokratie&#8216; und, als Joker, die vielen &#8218;SeniorTrainer&#8216;, die sich in Ratzeburg gefunden haben. Wer dabei unterst\u00fctzen m\u00f6chte kann sich gerne melden unter <a href=\"mailto:sauer@ratzeburg.de\">sauer@ratzeburg.de<\/a>.<\/p>\n<p>Tanz, Musik, Erdbeerkuchen und ein ausgelassenes Miteinander &#8230; so ist alles angerichtet f\u00fcr einen sch\u00f6nen &#8222;Ehrentag&#8220; in Ratzeburg, der zum Mitmachen einl\u00e4dt, auch f\u00fcr weitere Aktionen und Gespr\u00e4chen bei einem Glas Wein rund um die Tanzfl\u00e4che vor dem Rathaus. Start ist um 15 Uhr.<\/p>\n<p>Der Festtag wird finanziell unterst\u00fctzt durch die &#8218;Partnerschaft f\u00fcr Demokratie&#8216; der Stadt Ratzeburg und des Amtes Lauenburgische Seen im Rahmen des Bundesprogramms &#8218;Demokratie leben!&#8216; und durch die Engagagmentstrategie der Stadt Ratzeburg mit einer F\u00f6rderung des Landes Schleswig-Holstein.<\/p>\n","protected":false},"excerpt":{"rendered":"<p>Ratzeburg (pm).\u00a0Mit einem Fest des gesellschaftlichen Zusammenhalts feiert Ratzeburg am 23. Mai 2026, dem &#8218;Tag des Grundgesetzes&#8216;, vor dem Ratzeburger Rathaus das gemeinsame b\u00fcrgerschaftliche Engagement in der Stadt. Es folgt damit einem Aufruf des Bundespr\u00e4sidenten, der zu diesem besonderen Datum die bundesweite Mitmachaktion &#8222;Der Ehrentag. F\u00fcr dich. F\u00fcr uns. F\u00fcr alle.&#8220; ausgerufen hat. Das Grundgesetz [&hellip;]<\/p>\n","protected":false},"author":2,"featured_media":82801,"comment_status":"closed","ping_status":"closed","sticky":false,"template":"","format":"standard","meta":{"jnews-multi-image_gallery":[],"jnews_single_post":{"format":"standard","override":[{"template":"1","parallax":"1","fullscreen":"1","layout":"right-sidebar","sidebar":"default-sidebar","second_sidebar":"default-sidebar","sticky_sidebar":"1","share_position":"top","share_float_style":"share-monocrhome","show_view_counter":"1","show_featured":"1","show_post_meta":"1","show_post_author":"1","show_post_author_image":"1","show_post_date":"1","post_date_format":"default","post_date_format_custom":"Y\/m\/d","post_reading_time_wpm":"300","post_calculate_word_method":"str_word_count","show_zoom_button":"0","zoom_button_out_step":"2","zoom_button_in_step":"3","show_post_tag":"1","show_popup_post":"1","number_popup_post":"1","show_author_box":"1","show_post_related":"1","show_inline_post_related":"0"}],"image_override":[{"single_post_thumbnail_size":"crop-500","single_post_gallery_size":"crop-500"}],"trending_post_position":"meta","trending_post_label":"Trending","sponsored_post_label":"Sponsored by","disable_ad":"0","subtitle":"Ratzeburg feiert zum 'Tag des Grundgesetzes' den gesellschaftlichen Zusammenhalt"},"jnews_primary_category":[],"jnews_social_meta":[],"jnews_override_counter":{"view_counter_number":"0","share_counter_number":"0","like_counter_number":"0","dislike_counter_number":"0"},"jnews_post_split":{"post_split":[{"template":"1","tag":"h2","numbering":"asc","mode":"normal","first":"0","enable_toc":"0","toc_type":"normal"}]},"footnotes":""},"categories":[1,63,64],"tags":[884,114,2203],"class_list":["post-82800","post","type-post","status-publish","format-standard","has-post-thumbnail","hentry","category-feature","category-herzogtum-lauenburg","category-ratzeburg","tag-grundgesetz","tag-ratzeburg","tag-tag-des-grundgesetzes"],"_links":{"self":[{"href":"https:\/\/herzogtum-direkt.de\/index.php\/wp-json\/wp\/v2\/posts\/82800","targetHints":{"allow":["GET"]}}],"collection":[{"href":"https:\/\/herzogtum-direkt.de\/index.php\/wp-json\/wp\/v2\/posts"}],"about":[{"href":"https:\/\/herzogtum-direkt.de\/index.php\/wp-json\/wp\/v2\/types\/post"}],"author":[{"embeddable":true,"href":"https:\/\/herzogtum-direkt.de\/index.php\/wp-json\/wp\/v2\/users\/2"}],"replies":[{"embeddable":true,"href":"https:\/\/herzogtum-direkt.de\/index.php\/wp-json\/wp\/v2\/comments?post=82800"}],"version-history":[{"count":2,"href":"https:\/\/herzogtum-direkt.de\/index.php\/wp-json\/wp\/v2\/posts\/82800\/revisions"}],"predecessor-version":[{"id":82804,"href":"https:\/\/herzogtum-direkt.de\/index.php\/wp-json\/wp\/v2\/posts\/82800\/revisions\/82804"}],"wp:featuredmedia":[{"embeddable":true,"href":"https:\/\/herzogtum-direkt.de\/index.php\/wp-json\/wp\/v2\/media\/82801"}],"wp:attachment":[{"href":"https:\/\/herzogtum-direkt.de\/index.php\/wp-json\/wp\/v2\/media?parent=82800"}],"wp:term":[{"taxonomy":"category","embeddable":true,"href":"https:\/\/herzogtum-direkt.de\/index.php\/wp-json\/wp\/v2\/categories?post=82800"},{"taxonomy":"post_tag","embeddable":true,"href":"https:\/\/herzogtum-direkt.de\/index.php\/wp-json\/wp\/v2\/tags?post=82800"}],"curies":[{"name":"wp","href":"https:\/\/api.w.org\/{rel}","templated":true}]}}