{"id":82781,"date":"2026-05-02T06:40:15","date_gmt":"2026-05-02T05:40:15","guid":{"rendered":"https:\/\/herzogtum-direkt.de\/?p=82781"},"modified":"2026-04-30T09:11:48","modified_gmt":"2026-04-30T08:11:48","slug":"montagskino-nuernberg-als-vorpremiere","status":"publish","type":"post","link":"https:\/\/herzogtum-direkt.de\/index.php\/2026\/05\/02\/montagskino-nuernberg-als-vorpremiere\/","title":{"rendered":"Montagskino: &#8218;N\u00fcrnberg&#8216; als Vorpremiere"},"content":{"rendered":"<p class=\"muitypography-root\"><strong>Ratzeburg (pm).<\/strong> Im Filmclub des Burgtheater Ratzeburg wird am Montag, 4. Mai die Vorpremiere des Historien-Dramas \u201eN\u00fcrnberg\u201c \u00fcber die legend\u00e4ren Nazi-Prozesse und deren Entstehung gezeigt.\u00a0 Der Beginn der Vorf\u00fchrung ist um 20 Uhr im gro\u00dfen Haus.<\/p>\n<p>Der Zweite Weltkrieg ist vor\u00fcber, Nazideutschland geschlagen und nun soll den obersten Faschisten, die man noch lebend zu fassen bekam, der Prozess in N\u00fcrnberg gemacht werden. Vor dem extra zu diesem Zweck einberufenen Internationalen Milit\u00e4rgerichtshof angeklagt wird unter anderem Hermann G\u00f6ring (Russell Crowe). Die Alliierten wollen den Prozess gegen ihn nat\u00fcrlich so wasserdicht wie nur irgend m\u00f6glich f\u00fchren und beauftragen somit den Psychiater Douglas Kelly (Rami Malek). Der soll abklopfen, ob G\u00f6ring \u00fcberhaupt prozesstauglich ist. Dabei bleibt es unumg\u00e4nglich, dem B\u00f6sen direkt in die Augen zu blicken. Kelly besucht G\u00f6ring also regelm\u00e4\u00dfig in seiner Zelle, um sich durch Gespr\u00e4che ein Bild von ihm machen zu k\u00f6nnen. Dabei f\u00e4llt es auch Kelly nicht immer leicht, das Charisma und manipulative Talent G\u00f6rings einfach an sich abtropfen zu lassen. Doch das ist absolut notwendig, um die den bevorstehenden Prozess nicht zu gef\u00e4hrden \u2026<br \/>\nWeitere Infos unter\u00a0\u00a0<a href=\"https:\/\/www.burgtheater-ratzeburg.de\/reihe\/Sonderprogramm\/Filmclub_-_Montagskino\" target=\"_blank\" rel=\"noopener noreferrer\">www.filmclub-ratzeburg.de<\/a><\/p>\n<div class=\"brlbs-cmpnt-container brlbs-cmpnt-content-blocker brlbs-cmpnt-with-individual-styles\" data-borlabs-cookie-content-blocker-id=\"youtube-content-blocker\" data-borlabs-cookie-content=\"PGlmcmFtZSB0aXRsZT0iTsO8cm5iZXJnIHwgUnVzc2VsbCBDcm93ZSBpc3QgSGVybWFubiBHw7ZyaW5nIHwgVHJhaWxlciAyIERldXRzY2ggfCBBYiA3LiBNYWkgaW0gS2lubyB8IFJhbWkgTWFsZWsiIHNyYz0iaHR0cHM6Ly93d3cueW91dHViZS1ub2Nvb2tpZS5jb20vZW1iZWQvQllRS3hRNUMza0UiIHdpZHRoPSIxNDU1IiBoZWlnaHQ9IjgxOCIgZnJhbWVib3JkZXI9IjAiIGFsbG93ZnVsbHNjcmVlbj0iYWxsb3dmdWxsc2NyZWVuIj48L2lmcmFtZT4=\">\n<div class=\"brlbs-cmpnt-cb-preset-c brlbs-cmpnt-cb-youtube\">\n<div class=\"brlbs-cmpnt-cb-thumbnail\" style=\"background-image: url('https:\/\/herzogtum-direkt.de\/wp-content\/uploads\/borlabs-cookie\/1\/yt_BYQKxQ5C3kE_hqdefault.jpg')\"><\/div>\n<div class=\"brlbs-cmpnt-cb-main\">\n<div class=\"brlbs-cmpnt-cb-play-button\"><\/div>\n<div class=\"brlbs-cmpnt-cb-content\">\n<p class=\"brlbs-cmpnt-cb-description\">Sie sehen gerade einen Platzhalterinhalt von <strong>YouTube<\/strong>. Um auf den eigentlichen Inhalt zuzugreifen, klicken Sie auf die Schaltfl\u00e4che unten. Bitte beachten Sie, dass dabei Daten an Drittanbieter weitergegeben werden.<\/p>\n<p> <a class=\"brlbs-cmpnt-cb-provider-toggle\" href=\"#\" data-borlabs-cookie-show-provider-information role=\"button\">Mehr Informationen<\/a> <\/div>\n<div class=\"brlbs-cmpnt-cb-buttons\"> <a class=\"brlbs-cmpnt-cb-btn\" href=\"#\" data-borlabs-cookie-unblock role=\"button\">Inhalt entsperren<\/a> <a class=\"brlbs-cmpnt-cb-btn\" href=\"#\" data-borlabs-cookie-accept-service role=\"button\" style=\"display: inherit\">Erforderlichen Service akzeptieren und Inhalte entsperren<\/a> <\/div><\/div><\/div>\n<\/div>\n","protected":false},"excerpt":{"rendered":"<p>Ratzeburg (pm). Im Filmclub des Burgtheater Ratzeburg wird am Montag, 4. Mai die Vorpremiere des Historien-Dramas \u201eN\u00fcrnberg\u201c \u00fcber die legend\u00e4ren Nazi-Prozesse und deren Entstehung gezeigt.\u00a0 Der Beginn der Vorf\u00fchrung ist um 20 Uhr im gro\u00dfen Haus. Der Zweite Weltkrieg ist vor\u00fcber, Nazideutschland geschlagen und nun soll den obersten Faschisten, die man noch lebend zu fassen [&hellip;]<\/p>\n","protected":false},"author":2,"featured_media":82786,"comment_status":"closed","ping_status":"closed","sticky":false,"template":"","format":"standard","meta":{"jnews-multi-image_gallery":[],"jnews_single_post":{"subtitle":"","format":"standard","override":[{"template":"1","parallax":"1","fullscreen":"1","layout":"right-sidebar","sidebar":"default-sidebar","second_sidebar":"default-sidebar","sticky_sidebar":"1","share_position":"top","share_float_style":"share-monocrhome","show_view_counter":"1","show_featured":"1","show_post_meta":"1","show_post_author":"1","show_post_author_image":"1","show_post_date":"1","post_date_format":"default","post_date_format_custom":"Y\/m\/d","post_reading_time_wpm":"300","post_calculate_word_method":"str_word_count","show_zoom_button":"0","zoom_button_out_step":"2","zoom_button_in_step":"3","show_post_tag":"1","show_popup_post":"1","number_popup_post":"1","show_author_box":"1","show_post_related":"1","show_inline_post_related":"0"}],"image_override":[{"single_post_thumbnail_size":"crop-500","single_post_gallery_size":"crop-500"}],"trending_post_position":"meta","trending_post_label":"Trending","sponsored_post_label":"Sponsored by","disable_ad":"0"},"jnews_primary_category":[],"jnews_social_meta":[],"jnews_override_counter":{"view_counter_number":"0","share_counter_number":"0","like_counter_number":"0","dislike_counter_number":"0"},"jnews_post_split":{"post_split":[{"template":"1","tag":"h2","numbering":"asc","mode":"normal","first":"0","enable_toc":"0","toc_type":"normal"}]},"footnotes":""},"categories":[70,64],"tags":[233,234],"class_list":["post-82781","post","type-post","status-publish","format-standard","has-post-thumbnail","hentry","category-kultur","category-ratzeburg","tag-filmclub-burgtheater-ratzeburg","tag-kino"],"_links":{"self":[{"href":"https:\/\/herzogtum-direkt.de\/index.php\/wp-json\/wp\/v2\/posts\/82781","targetHints":{"allow":["GET"]}}],"collection":[{"href":"https:\/\/herzogtum-direkt.de\/index.php\/wp-json\/wp\/v2\/posts"}],"about":[{"href":"https:\/\/herzogtum-direkt.de\/index.php\/wp-json\/wp\/v2\/types\/post"}],"author":[{"embeddable":true,"href":"https:\/\/herzogtum-direkt.de\/index.php\/wp-json\/wp\/v2\/users\/2"}],"replies":[{"embeddable":true,"href":"https:\/\/herzogtum-direkt.de\/index.php\/wp-json\/wp\/v2\/comments?post=82781"}],"version-history":[{"count":1,"href":"https:\/\/herzogtum-direkt.de\/index.php\/wp-json\/wp\/v2\/posts\/82781\/revisions"}],"predecessor-version":[{"id":82787,"href":"https:\/\/herzogtum-direkt.de\/index.php\/wp-json\/wp\/v2\/posts\/82781\/revisions\/82787"}],"wp:featuredmedia":[{"embeddable":true,"href":"https:\/\/herzogtum-direkt.de\/index.php\/wp-json\/wp\/v2\/media\/82786"}],"wp:attachment":[{"href":"https:\/\/herzogtum-direkt.de\/index.php\/wp-json\/wp\/v2\/media?parent=82781"}],"wp:term":[{"taxonomy":"category","embeddable":true,"href":"https:\/\/herzogtum-direkt.de\/index.php\/wp-json\/wp\/v2\/categories?post=82781"},{"taxonomy":"post_tag","embeddable":true,"href":"https:\/\/herzogtum-direkt.de\/index.php\/wp-json\/wp\/v2\/tags?post=82781"}],"curies":[{"name":"wp","href":"https:\/\/api.w.org\/{rel}","templated":true}]}}