{"id":82775,"date":"2026-04-30T08:33:36","date_gmt":"2026-04-30T07:33:36","guid":{"rendered":"https:\/\/herzogtum-direkt.de\/?p=82775"},"modified":"2026-04-30T08:33:36","modified_gmt":"2026-04-30T07:33:36","slug":"vortreffen-fuer-tag-und-nacht-fuer-demokratie","status":"publish","type":"post","link":"https:\/\/herzogtum-direkt.de\/index.php\/2026\/04\/30\/vortreffen-fuer-tag-und-nacht-fuer-demokratie\/","title":{"rendered":"Vortreffen f\u00fcr &#8218;Tag und Nacht f\u00fcr Demokratie&#8216;"},"content":{"rendered":"<p style=\"font-weight: 400;\"><strong>Lauenburg (pm).\u00a0<\/strong>Wer etwas bewegen will, f\u00e4ngt hier an: Am Dienstag, 5. Mai, findet von 18 bis 20 Uhr im Haus der Begegnung (F\u00fcrstengarten 29, Lauenburg) ein Vortreffen statt. Es ist gedacht f\u00fcr alle, die bei der Veranstaltungsreihe \u201eTag und Nacht f\u00fcr Demokratie 2026&#8243; (6. bis 9. November) mitmachen m\u00f6chten.<\/p>\n<p style=\"font-weight: 400;\">Das Treffen richtet sich genauso an Menschen, die bereits eine eigene Aktion rund um den 9. November planen, wie an alle, die neugierig sind und noch nicht wissen, wie sie sich einbringen k\u00f6nnen. Wer kommt, bekommt Informationen dar\u00fcber, wie eine Aktion angemeldet werden kann, kann seine eigenen Ideen vorstellen und wichtige Kontakte kn\u00fcpfen. Vorkenntnisse braucht es daf\u00fcr nicht. Ob Vortrag, Mitmach-Aktion, Kunstprojekt, Gespr\u00e4chsrunde oder einfach die Unterst\u00fctzung eines bestehenden Formats \u2013 alle Beitr\u00e4ge sind willkommen. \u201eJede Aktion, die dazukommt, macht das Programm reicher&#8220;, bringt es ein Mitglied des Orga-Teams auf den Punkt. Geplant ist auch wieder eine \u201eDemokratie-Meile\u201c, auf der sich demokratische Organisationen und Initiativen vorstellen.<\/p>\n<p style=\"font-weight: 400;\">Lauenburg hat 2024 und 2025 gezeigt, was m\u00f6glich ist, wenn viele verschiedene Menschen gemeinsam ein Zeichen setzen. Im dritten Jahr soll das Programm von noch mehr Stimmen aus der Stadtgesellschaft getragen werden.<\/p>\n<p style=\"font-weight: 400;\">\u201eTag und Nacht f\u00fcr Demokratie\u201c ist eine Veranstaltungsreihe der Partnerschaft f\u00fcr Demokratie der Stadt Lauenburg\/Elbe mit dem Amt L\u00fctau. Im Orga-Team engagieren sich Menschen aus dem B\u00fcndnis \u201eWiLD \u2013 wir leben Demokratie\u201c. Unterst\u00fctzt wird das Orga-Team von der Koordinierungs- und Fachstelle der Partnerschaft f\u00fcr Demokratie beim Kreisjugendring Herzogtum Lauenburg.<\/p>\n<p style=\"font-weight: 400;\">Um Anmeldung f\u00fcr den 5. Mai wird gebeten unter: <a href=\"mailto:nagel@kjr-herzogtum-lauenburg.de\" target=\"_blank\" rel=\"noopener\">nagel@kjr-herzogtum-lauenburg.de<\/a><\/p>\n<p style=\"font-weight: 400;\"><img fetchpriority=\"high\" decoding=\"async\" class=\"alignnone  wp-image-38154\" src=\"https:\/\/herzogtum-direkt.de\/wp-content\/uploads\/2022\/03\/Demokratie-leben-BMFSFJ_DL_mitFoerderzusatz-1-300x102.png\" alt=\"\" width=\"694\" height=\"236\" srcset=\"https:\/\/herzogtum-direkt.de\/wp-content\/uploads\/2022\/03\/Demokratie-leben-BMFSFJ_DL_mitFoerderzusatz-1-300x102.png 300w, https:\/\/herzogtum-direkt.de\/wp-content\/uploads\/2022\/03\/Demokratie-leben-BMFSFJ_DL_mitFoerderzusatz-1-768x260.png 768w, https:\/\/herzogtum-direkt.de\/wp-content\/uploads\/2022\/03\/Demokratie-leben-BMFSFJ_DL_mitFoerderzusatz-1-750x254.png 750w, https:\/\/herzogtum-direkt.de\/wp-content\/uploads\/2022\/03\/Demokratie-leben-BMFSFJ_DL_mitFoerderzusatz-1.png 1000w\" sizes=\"(max-width: 694px) 100vw, 694px\" \/><\/p>\n<p style=\"font-weight: 400;\">Das Projekt wird im Rahmen des Bundesprogramms \u201eDemokratie leben!&#8220; vom Bundesministerium f\u00fcr Bildung, Familie, Senioren, Frauen und Jugend gef\u00f6rdert.<\/p>\n","protected":false},"excerpt":{"rendered":"<p>Lauenburg (pm).\u00a0Wer etwas bewegen will, f\u00e4ngt hier an: Am Dienstag, 5. Mai, findet von 18 bis 20 Uhr im Haus der Begegnung (F\u00fcrstengarten 29, Lauenburg) ein Vortreffen statt. Es ist gedacht f\u00fcr alle, die bei der Veranstaltungsreihe \u201eTag und Nacht f\u00fcr Demokratie 2026&#8243; (6. bis 9. November) mitmachen m\u00f6chten. Das Treffen richtet sich genauso an [&hellip;]<\/p>\n","protected":false},"author":2,"featured_media":82776,"comment_status":"closed","ping_status":"closed","sticky":false,"template":"","format":"standard","meta":{"jnews-multi-image_gallery":[],"jnews_single_post":{"subtitle":"","format":"standard","override":[{"template":"1","parallax":"1","fullscreen":"1","layout":"right-sidebar","sidebar":"default-sidebar","second_sidebar":"default-sidebar","sticky_sidebar":"1","share_position":"top","share_float_style":"share-monocrhome","show_view_counter":"1","show_featured":"1","show_post_meta":"1","show_post_author":"1","show_post_author_image":"1","show_post_date":"1","post_date_format":"default","post_date_format_custom":"Y\/m\/d","post_reading_time_wpm":"300","post_calculate_word_method":"str_word_count","show_zoom_button":"0","zoom_button_out_step":"2","zoom_button_in_step":"3","show_post_tag":"1","show_popup_post":"1","number_popup_post":"1","show_author_box":"1","show_post_related":"1","show_inline_post_related":"0"}],"image_override":[{"single_post_thumbnail_size":"crop-500","single_post_gallery_size":"crop-500"}],"trending_post_position":"meta","trending_post_label":"Trending","sponsored_post_label":"Sponsored by","disable_ad":"0"},"jnews_primary_category":[],"jnews_social_meta":[],"jnews_override_counter":{"view_counter_number":"0","share_counter_number":"0","like_counter_number":"0","dislike_counter_number":"0"},"jnews_post_split":{"post_split":[{"template":"1","tag":"h2","numbering":"asc","mode":"normal","first":"0","enable_toc":"0","toc_type":"normal"}]},"footnotes":""},"categories":[3338,74,2626],"tags":[175,3367,3912],"class_list":["post-82775","post","type-post","status-publish","format-standard","has-post-thumbnail","hentry","category-amt-luettau","category-jugend-direkt","category-lauenburg","tag-demokratie-leben","tag-event","tag-tag-der-demokratie"],"_links":{"self":[{"href":"https:\/\/herzogtum-direkt.de\/index.php\/wp-json\/wp\/v2\/posts\/82775","targetHints":{"allow":["GET"]}}],"collection":[{"href":"https:\/\/herzogtum-direkt.de\/index.php\/wp-json\/wp\/v2\/posts"}],"about":[{"href":"https:\/\/herzogtum-direkt.de\/index.php\/wp-json\/wp\/v2\/types\/post"}],"author":[{"embeddable":true,"href":"https:\/\/herzogtum-direkt.de\/index.php\/wp-json\/wp\/v2\/users\/2"}],"replies":[{"embeddable":true,"href":"https:\/\/herzogtum-direkt.de\/index.php\/wp-json\/wp\/v2\/comments?post=82775"}],"version-history":[{"count":1,"href":"https:\/\/herzogtum-direkt.de\/index.php\/wp-json\/wp\/v2\/posts\/82775\/revisions"}],"predecessor-version":[{"id":82777,"href":"https:\/\/herzogtum-direkt.de\/index.php\/wp-json\/wp\/v2\/posts\/82775\/revisions\/82777"}],"wp:featuredmedia":[{"embeddable":true,"href":"https:\/\/herzogtum-direkt.de\/index.php\/wp-json\/wp\/v2\/media\/82776"}],"wp:attachment":[{"href":"https:\/\/herzogtum-direkt.de\/index.php\/wp-json\/wp\/v2\/media?parent=82775"}],"wp:term":[{"taxonomy":"category","embeddable":true,"href":"https:\/\/herzogtum-direkt.de\/index.php\/wp-json\/wp\/v2\/categories?post=82775"},{"taxonomy":"post_tag","embeddable":true,"href":"https:\/\/herzogtum-direkt.de\/index.php\/wp-json\/wp\/v2\/tags?post=82775"}],"curies":[{"name":"wp","href":"https:\/\/api.w.org\/{rel}","templated":true}]}}