{"id":82771,"date":"2026-04-30T08:26:57","date_gmt":"2026-04-30T07:26:57","guid":{"rendered":"https:\/\/herzogtum-direkt.de\/?p=82771"},"modified":"2026-04-30T08:27:29","modified_gmt":"2026-04-30T07:27:29","slug":"ehrenamt-in-der-jugendarbeit-ist-nicht-selbstverstaendlich","status":"publish","type":"post","link":"https:\/\/herzogtum-direkt.de\/index.php\/2026\/04\/30\/ehrenamt-in-der-jugendarbeit-ist-nicht-selbstverstaendlich\/","title":{"rendered":"Ehrenamt in der Jugendarbeit ist nicht selbstverst\u00e4ndlich"},"content":{"rendered":"<p style=\"font-weight: 400;\"><strong>M\u00f6lln (pm).\u00a0<\/strong>\u201eEhrenamt in der Jugendarbeit ist nicht selbstverst\u00e4ndlich, aber wir haben viele Gr\u00fcnde warum sich ein ehrenamtliches Engagement in den Vereinen und Jugendgruppen lohnt\u201c, betont Julian Schlicht, 1. Vorsitzender des Kreisjugendrings Herzogtum Lauenburg (KJR) und selbst ehrenamtlich in der Jugendarbeit t\u00e4tig. Gerade j\u00fcngst w\u00e4hlten die Delegierten aus den Jugendverb\u00e4nden ihn auf der Vollversammlung des KJR erneut f\u00fcr zwei Jahre zum 1. Vorsitzenden.<\/p>\n<figure id=\"attachment_82772\" aria-describedby=\"caption-attachment-82772\" style=\"width: 776px\" class=\"wp-caption alignnone\"><img fetchpriority=\"high\" decoding=\"async\" class=\" wp-image-82772\" src=\"https:\/\/herzogtum-direkt.de\/wp-content\/uploads\/2026\/04\/2026-Vollversammlung-KJR-2026-hfr-600x400.jpg\" alt=\"\" width=\"776\" height=\"517\" srcset=\"https:\/\/herzogtum-direkt.de\/wp-content\/uploads\/2026\/04\/2026-Vollversammlung-KJR-2026-hfr-600x400.jpg 600w, https:\/\/herzogtum-direkt.de\/wp-content\/uploads\/2026\/04\/2026-Vollversammlung-KJR-2026-hfr-768x512.jpg 768w, https:\/\/herzogtum-direkt.de\/wp-content\/uploads\/2026\/04\/2026-Vollversammlung-KJR-2026-hfr.jpg 1000w\" sizes=\"(max-width: 776px) 100vw, 776px\" \/><figcaption id=\"caption-attachment-82772\" class=\"wp-caption-text\">Die Vollversammlung des Kreisjugendringes 2026. Foto: hfr<\/figcaption><\/figure>\n<p style=\"font-weight: 400;\">In dem inhaltlichen Schwerpunkt der Versammlung diskutierten Vertreter und Vertreterinnen aus Politik und Verwaltung gemeinsam mit den Delegierten aus den Jugendverb\u00e4nden an verschiedenen Tischen \u00fcber das Ehrenamt in der Jugendverbandsarbeit. Hierbei wurde auf die Alleinstellungsmerkmale von Jugendarbeit ebenso eingegangen wie auf die Motivation junger Menschen f\u00fcr ehrenamtliches Engagement in den Vereinen und Jugendgruppen. \u201eDer Spa\u00df und die Freude, in Gemeinschaft etwas Gutes zu tun, sind starke Motive f\u00fcr ein Ehrenamt\u201c, fasst Julian Schlicht die Ergebnisse der anwesenden Jugendvertreter und -vertreterinnen zusammen. \u201eBei uns in den Jugendverb\u00e4nden und Jugendgruppen k\u00f6nnen zudem junge Menschen von Anfang an demokratisch mitbestimmen und mitgestalten; und dies basierend auf gelebten Werten. Vereine m\u00fcssen dieses Potential nutzen, um junge Menschen schrittweise an Verantwortung heranzuf\u00fchren, sie darin zu unterst\u00fctzen und ihnen wirkliche Entscheidungsgewalt zu \u00fcbertragen\u201c, bekr\u00e4ftigt Arne Strickrodt, Gesch\u00e4ftsf\u00fchrer des KJR. \u201eStudien zeigen, junge Menschen m\u00f6chten sich engagieren; gerade im l\u00e4ndlichen Raum. Sie brauchen aber einen f\u00f6rderlichen Rahmen durch die Vereine und Verb\u00e4nde sowie durch Politik und Verwaltung\u201c, so Strickrodt weiter. Der Bundestagabgeordnete Henri Schmidt betonte in seinem Gru\u00dfwort, dass ehrenamtliches Engagement eine Demokratie st\u00e4rkt und dies gerade in den aktuell herausfordernden Zeiten von Bedeutung ist. Er dankte allen f\u00fcr dieses wichtige Engagement.<\/p>\n<p style=\"font-weight: 400;\">In seinem Jahresbericht richtet der Vorstand des KJR seinen Dank an die Kommunalpolitik und -verwaltung, die in Zeiten der Haushaltssperre und einer schwierigen Haushaltslage die F\u00f6rderung der Jugendarbeit nicht aus dem Blick verloren haben. Gleichzeitig formuliert Julian Schlicht aber auch eine dringende Bitte an die Zukunft: \u201eDie F\u00f6rderung der Jugendarbeit muss mindestens in gleichem Umfang auch zuk\u00fcnftig erfolgen. Die Teilnahme an einer Jugendfahrt oder einem Juleica-Kurs darf zuk\u00fcnftig nicht ein Luxusgut werden.\u201c In einem Podiumsgespr\u00e4ch betont Karsten Fries (Fachbereichsleiter Jugend, Familie, Schulen und Soziales des Kreises) die Bedeutung der Jugendverbandsarbeit im Herzogtum Lauenburg. Manfred B\u00f6rner als stellvertretender Vorsitzender des Jugendhilfeausschusses dankt f\u00fcr die Zusammenarbeit im Jugendhilfeausschuss und f\u00fcr das Engagement in den vielf\u00e4ltigen Arbeitsfeldern des KJRs.<\/p>\n<p style=\"font-weight: 400;\">Neben Henri Schmidt, Manfred B\u00f6rner und Karsten Fries waren auch der Landtagsabgeordnete Rasmus V\u00f6ge, die Kreistagsabgeordnete Annedore Granz sowie M\u00f6llns B\u00fcrgervorsteherin Katharina Fiedermann und Ratzeburgs B\u00fcrgermeister Eckhard Graf unter den G\u00e4sten. Sie alle verfolgten aufmerksam die Wahlen. F\u00fcr zwei weitere Jahre wurden Lea Wald, Ben Schumacher und Tabea Schudde als stellvertretende Vorsitzende wiedergew\u00e4hlt sowie Jan-Oliver Schomann als Vertreter des Aktiv-Teams f\u00fcr ein Jahr best\u00e4tigt. Die Vorstandsmitglieder des KJR dankten zum Abschluss des Schwerpunktthemas allen Anwesenden mit einer kleinen Aufmerksamkeit, um auch symbolisch zum Ausdruck zu bringen: \u201eEhrenamt in der Jugendarbeit ist nicht selbstverst\u00e4ndlich.\u201c<\/p>\n<p style=\"font-weight: 400;\">\u00a0<\/p>\n","protected":false},"excerpt":{"rendered":"<p>M\u00f6lln (pm).\u00a0\u201eEhrenamt in der Jugendarbeit ist nicht selbstverst\u00e4ndlich, aber wir haben viele Gr\u00fcnde warum sich ein ehrenamtliches Engagement in den Vereinen und Jugendgruppen lohnt\u201c, betont Julian Schlicht, 1. Vorsitzender des Kreisjugendrings Herzogtum Lauenburg (KJR) und selbst ehrenamtlich in der Jugendarbeit t\u00e4tig. Gerade j\u00fcngst w\u00e4hlten die Delegierten aus den Jugendverb\u00e4nden ihn auf der Vollversammlung des KJR [&hellip;]<\/p>\n","protected":false},"author":2,"featured_media":82773,"comment_status":"closed","ping_status":"closed","sticky":false,"template":"","format":"standard","meta":{"jnews-multi-image_gallery":[],"jnews_single_post":{"format":"standard","override":[{"template":"1","parallax":"1","fullscreen":"1","layout":"right-sidebar","sidebar":"default-sidebar","second_sidebar":"default-sidebar","sticky_sidebar":"1","share_position":"top","share_float_style":"share-monocrhome","show_view_counter":"1","show_featured":"1","show_post_meta":"1","show_post_author":"1","show_post_author_image":"1","show_post_date":"1","post_date_format":"default","post_date_format_custom":"Y\/m\/d","post_reading_time_wpm":"300","post_calculate_word_method":"str_word_count","show_zoom_button":"0","zoom_button_out_step":"2","zoom_button_in_step":"3","show_post_tag":"1","show_popup_post":"1","number_popup_post":"1","show_author_box":"1","show_post_related":"1","show_inline_post_related":"0"}],"image_override":[{"single_post_thumbnail_size":"crop-500","single_post_gallery_size":"crop-500"}],"trending_post_position":"meta","trending_post_label":"Trending","sponsored_post_label":"Sponsored by","disable_ad":"0","subtitle":"Julian Schlicht als 1. Vorsitzender des Kreisjugendrings wiedergew\u00e4hlt"},"jnews_primary_category":[],"jnews_social_meta":[],"jnews_override_counter":{"view_counter_number":"0","share_counter_number":"0","like_counter_number":"0","dislike_counter_number":"0"},"jnews_post_split":{"post_split":[{"template":"1","tag":"h2","numbering":"asc","mode":"normal","first":"0","enable_toc":"0","toc_type":"normal"}]},"footnotes":""},"categories":[63,74,66],"tags":[301,226],"class_list":["post-82771","post","type-post","status-publish","format-standard","has-post-thumbnail","hentry","category-herzogtum-lauenburg","category-jugend-direkt","category-moelln","tag-ehrenamt","tag-kreisjugendring"],"_links":{"self":[{"href":"https:\/\/herzogtum-direkt.de\/index.php\/wp-json\/wp\/v2\/posts\/82771","targetHints":{"allow":["GET"]}}],"collection":[{"href":"https:\/\/herzogtum-direkt.de\/index.php\/wp-json\/wp\/v2\/posts"}],"about":[{"href":"https:\/\/herzogtum-direkt.de\/index.php\/wp-json\/wp\/v2\/types\/post"}],"author":[{"embeddable":true,"href":"https:\/\/herzogtum-direkt.de\/index.php\/wp-json\/wp\/v2\/users\/2"}],"replies":[{"embeddable":true,"href":"https:\/\/herzogtum-direkt.de\/index.php\/wp-json\/wp\/v2\/comments?post=82771"}],"version-history":[{"count":1,"href":"https:\/\/herzogtum-direkt.de\/index.php\/wp-json\/wp\/v2\/posts\/82771\/revisions"}],"predecessor-version":[{"id":82774,"href":"https:\/\/herzogtum-direkt.de\/index.php\/wp-json\/wp\/v2\/posts\/82771\/revisions\/82774"}],"wp:featuredmedia":[{"embeddable":true,"href":"https:\/\/herzogtum-direkt.de\/index.php\/wp-json\/wp\/v2\/media\/82773"}],"wp:attachment":[{"href":"https:\/\/herzogtum-direkt.de\/index.php\/wp-json\/wp\/v2\/media?parent=82771"}],"wp:term":[{"taxonomy":"category","embeddable":true,"href":"https:\/\/herzogtum-direkt.de\/index.php\/wp-json\/wp\/v2\/categories?post=82771"},{"taxonomy":"post_tag","embeddable":true,"href":"https:\/\/herzogtum-direkt.de\/index.php\/wp-json\/wp\/v2\/tags?post=82771"}],"curies":[{"name":"wp","href":"https:\/\/api.w.org\/{rel}","templated":true}]}}