{"id":82758,"date":"2026-04-30T07:38:57","date_gmt":"2026-04-30T06:38:57","guid":{"rendered":"https:\/\/herzogtum-direkt.de\/?p=82758"},"modified":"2026-04-30T09:25:50","modified_gmt":"2026-04-30T08:25:50","slug":"buecherflohmarkt-in-der-grundschule-sandesneben","status":"publish","type":"post","link":"https:\/\/herzogtum-direkt.de\/index.php\/2026\/04\/30\/buecherflohmarkt-in-der-grundschule-sandesneben\/","title":{"rendered":"B\u00fccherflohmarkt in der Grundschule Sandesneben"},"content":{"rendered":"<p><strong>Sandesneben (sn)<\/strong>. Zum &#8222;Welttag des Buches&#8220; am Donnerstag, 23. April hatte sich die Grund- und Gemeinschaftsschule Sandesneben etwas ganz besonderes einfallen lassen. &#8222;B\u00fccher, die in den Regalen stehen und verstauben&#8220;, erkl\u00e4rte Lehrerin Mareike H\u00e4nsch, &#8222;sollten neue Besitzer finden.&#8220;<\/p>\n<figure id=\"attachment_82759\" aria-describedby=\"caption-attachment-82759\" style=\"width: 600px\" class=\"wp-caption alignnone\"><img fetchpriority=\"high\" decoding=\"async\" class=\"size-medium wp-image-82759\" src=\"https:\/\/herzogtum-direkt.de\/wp-content\/uploads\/2026\/04\/Buecherflohmarkt-Sandesneben-2026-hfr-600x400.jpg\" alt=\"\" width=\"600\" height=\"400\" srcset=\"https:\/\/herzogtum-direkt.de\/wp-content\/uploads\/2026\/04\/Buecherflohmarkt-Sandesneben-2026-hfr-600x400.jpg 600w, https:\/\/herzogtum-direkt.de\/wp-content\/uploads\/2026\/04\/Buecherflohmarkt-Sandesneben-2026-hfr-768x512.jpg 768w, https:\/\/herzogtum-direkt.de\/wp-content\/uploads\/2026\/04\/Buecherflohmarkt-Sandesneben-2026-hfr.jpg 1000w\" sizes=\"(max-width: 600px) 100vw, 600px\" \/><figcaption id=\"caption-attachment-82759\" class=\"wp-caption-text\">Lehrerin Mareike Hensch hatte den Flohmarkt zum Welttag des Buches organisiert und nutze die Gelegenheit, um auch ein paar neue B\u00fccher f\u00fcr ihre eigenen Kinder zu kaufen. Foto: Durmis \u00d6zen Palma, hfr<\/figcaption><\/figure>\n<p>Gemeinsam mit dem Grundschulkollegium organisierten daraufhin die Kinder einen riesigen B\u00fccherflohmarkt. T\u00fctenweise wurden B\u00fccher und Kuscheldecken angeschleppt. Preisschilder wurden liebevoll gestaltet und gut sichtbar fixiert, bevor f\u00fcr den Verkauf alles h\u00fcbsch drapiert wurde. Von den &#8222;Drei ???&#8220; \u00fcber die &#8222;Harry-Potter&#8220;-B\u00fccher, vom &#8222;Was-ist-Was&#8220;-Buch zum Pferde-Buch bis hin zu Wimmel- und Pixie-B\u00fcchern &#8211; Das Angebot war riesig und viele Lieblingsb\u00fccher fanden neue, gl\u00fcckliche Besitzer. Nach nur zwei Unterrichtsstunden war schon wieder Schluss und t\u00fctenweise wurden nach diesem spannenden Tag neuen B\u00fccher nachhause geschleppt.<\/p>\n","protected":false},"excerpt":{"rendered":"<p>Sandesneben (sn). Zum &#8222;Welttag des Buches&#8220; am Donnerstag, 23. April hatte sich die Grund- und Gemeinschaftsschule Sandesneben etwas ganz besonderes einfallen lassen. &#8222;B\u00fccher, die in den Regalen stehen und verstauben&#8220;, erkl\u00e4rte Lehrerin Mareike H\u00e4nsch, &#8222;sollten neue Besitzer finden.&#8220; Gemeinsam mit dem Grundschulkollegium organisierten daraufhin die Kinder einen riesigen B\u00fccherflohmarkt. T\u00fctenweise wurden B\u00fccher und Kuscheldecken angeschleppt. [&hellip;]<\/p>\n","protected":false},"author":50,"featured_media":82760,"comment_status":"closed","ping_status":"closed","sticky":false,"template":"","format":"standard","meta":{"jnews-multi-image_gallery":[],"jnews_single_post":{"subtitle":"","format":"standard","override":[{"template":"1","parallax":"1","fullscreen":"1","layout":"right-sidebar","sidebar":"default-sidebar","second_sidebar":"default-sidebar","sticky_sidebar":"1","share_position":"top","share_float_style":"share-monocrhome","show_view_counter":"1","show_featured":"1","show_post_meta":"1","show_post_author":"1","show_post_author_image":"1","show_post_date":"1","post_date_format":"default","post_date_format_custom":"Y\/m\/d","post_reading_time_wpm":"300","post_calculate_word_method":"str_word_count","show_zoom_button":"0","zoom_button_out_step":"2","zoom_button_in_step":"3","show_post_tag":"1","show_popup_post":"1","number_popup_post":"1","show_author_box":"1","show_post_related":"1","show_inline_post_related":"0"}],"image_override":[{"single_post_thumbnail_size":"crop-500","single_post_gallery_size":"crop-500"}],"trending_post_position":"meta","trending_post_label":"Trending","sponsored_post_label":"Sponsored by","disable_ad":"0"},"jnews_primary_category":[],"jnews_social_meta":[],"jnews_override_counter":{"view_counter_number":"0","share_counter_number":"0","like_counter_number":"0","dislike_counter_number":"0"},"jnews_post_split":{"post_split":[{"template":"1","tag":"h2","numbering":"asc","mode":"normal","first":"0","enable_toc":"0","toc_type":"normal"}]},"footnotes":""},"categories":[67,74],"tags":[1976,3394],"class_list":["post-82758","post","type-post","status-publish","format-standard","has-post-thumbnail","hentry","category-amt-sandesneben-nusse","category-jugend-direkt","tag-grund-und-gemeinschaftsschule-sandesneben","tag-sandes-news"],"_links":{"self":[{"href":"https:\/\/herzogtum-direkt.de\/index.php\/wp-json\/wp\/v2\/posts\/82758","targetHints":{"allow":["GET"]}}],"collection":[{"href":"https:\/\/herzogtum-direkt.de\/index.php\/wp-json\/wp\/v2\/posts"}],"about":[{"href":"https:\/\/herzogtum-direkt.de\/index.php\/wp-json\/wp\/v2\/types\/post"}],"author":[{"embeddable":true,"href":"https:\/\/herzogtum-direkt.de\/index.php\/wp-json\/wp\/v2\/users\/50"}],"replies":[{"embeddable":true,"href":"https:\/\/herzogtum-direkt.de\/index.php\/wp-json\/wp\/v2\/comments?post=82758"}],"version-history":[{"count":1,"href":"https:\/\/herzogtum-direkt.de\/index.php\/wp-json\/wp\/v2\/posts\/82758\/revisions"}],"predecessor-version":[{"id":82761,"href":"https:\/\/herzogtum-direkt.de\/index.php\/wp-json\/wp\/v2\/posts\/82758\/revisions\/82761"}],"wp:featuredmedia":[{"embeddable":true,"href":"https:\/\/herzogtum-direkt.de\/index.php\/wp-json\/wp\/v2\/media\/82760"}],"wp:attachment":[{"href":"https:\/\/herzogtum-direkt.de\/index.php\/wp-json\/wp\/v2\/media?parent=82758"}],"wp:term":[{"taxonomy":"category","embeddable":true,"href":"https:\/\/herzogtum-direkt.de\/index.php\/wp-json\/wp\/v2\/categories?post=82758"},{"taxonomy":"post_tag","embeddable":true,"href":"https:\/\/herzogtum-direkt.de\/index.php\/wp-json\/wp\/v2\/tags?post=82758"}],"curies":[{"name":"wp","href":"https:\/\/api.w.org\/{rel}","templated":true}]}}