{"id":82754,"date":"2026-04-30T07:28:54","date_gmt":"2026-04-30T06:28:54","guid":{"rendered":"https:\/\/herzogtum-direkt.de\/?p=82754"},"modified":"2026-04-30T09:25:07","modified_gmt":"2026-04-30T08:25:07","slug":"klaus-schlie-keine-einzige-windkraftanlage-im-naturpark","status":"publish","type":"post","link":"https:\/\/herzogtum-direkt.de\/index.php\/2026\/04\/30\/klaus-schlie-keine-einzige-windkraftanlage-im-naturpark\/","title":{"rendered":"Klaus Schlie: \u201aKeine einzige Windkraftanlage im Naturpark\u2018"},"content":{"rendered":"<p style=\"font-weight: 400;\"><strong>Herzogtum Lauenburg\/M\u00f6lln (pm). <\/strong>Als vor fast 50 Jahren die Stiftung Herzogtum Lauenburg gegr\u00fcndet wurde, wurden in der Satzung der Stiftung zwei S\u00e4ulen als Zweck festgelegt. Das war die F\u00f6rderung der Kultur und der Erhalt und die Pflege der lauenburgischen Landschaft. Verst\u00e4rkt wurde der Bereich des Naturschutzes 1990 durch ein Erbe des Ehepaares Blunck an die Stiftung. \u201eDas Ehepaar Blunck beauftragte die Stiftung mit dem Ertrag aus dem Erbe die lauenburgische Landschaft zu sch\u00fctzen, zu erhalten und dem Naturschutz verpflichtend zu entwickeln\u201c, so der Pr\u00e4sident der Stiftung Klaus Schlie.<\/p>\n<figure id=\"attachment_2269\" aria-describedby=\"caption-attachment-2269\" style=\"width: 676px\" class=\"wp-caption alignnone\"><img fetchpriority=\"high\" decoding=\"async\" class=\" wp-image-2269\" src=\"https:\/\/herzogtum-direkt.de\/wp-content\/uploads\/2018\/03\/Windkraft-300x186.jpg\" alt=\"\" width=\"676\" height=\"419\" srcset=\"https:\/\/herzogtum-direkt.de\/wp-content\/uploads\/2018\/03\/Windkraft-300x186.jpg 300w, https:\/\/herzogtum-direkt.de\/wp-content\/uploads\/2018\/03\/Windkraft-768x477.jpg 768w, https:\/\/herzogtum-direkt.de\/wp-content\/uploads\/2018\/03\/Windkraft-356x220.jpg 356w, https:\/\/herzogtum-direkt.de\/wp-content\/uploads\/2018\/03\/Windkraft-696x432.jpg 696w, https:\/\/herzogtum-direkt.de\/wp-content\/uploads\/2018\/03\/Windkraft-676x420.jpg 676w, https:\/\/herzogtum-direkt.de\/wp-content\/uploads\/2018\/03\/Windkraft.jpg 1000w\" sizes=\"(max-width: 676px) 100vw, 676px\" \/><figcaption id=\"caption-attachment-2269\" class=\"wp-caption-text\">Foto: pixabay.com<\/figcaption><\/figure>\n<p style=\"font-weight: 400;\">\u201eDiese Zielsetzungen, denen wir uns zutiefst verpflichtet f\u00fchlen, sind durch die vom Land Schleswig-Holstein geplante Ausweisung von \u00fcber 600 Hektar Vorrangfl\u00e4chen f\u00fcr Windkraft im Naturpark Lauenburgische Seen erheblich bedroht.\u201c<\/p>\n<p style=\"font-weight: 400;\">Der Naturpark Lauenburgische Seen, der 1961 gegr\u00fcndet wurde, ist der \u00e4lteste Naturpark des Landes und der zweit\u00e4lteste in Deutschland. Ziel der Ausweisung war es, die einzigartige Naturlandschaft zu erhalten und den strukturschwachen Raum an der damaligen innerdeutschen Grenze durch die Entwicklung einer Naherholungsinfrastruktur, wie es damals hie\u00df, als Naturerlebnisraum zu entwickeln.<\/p>\n<p style=\"font-weight: 400;\">Nun ist dieser seit \u00fcber 70 Jahren bestehende einmalige Naturraum massiv gef\u00e4hrdet.\u00a0Industrielle Windkraftanlagen in diesem Gebiet sind ein unverantwortlicher Eingriff in eine intakte, einmalige Landschaft mit Buchen- und Erlenw\u00e4ldern, \u00fcber 40 Seen, Trockenrasenfl\u00e4chen und den so wertvollen Mooren als CO2 Speicher. Seit Jahrzehnten wurde in aufopferungsvoller Naturschutzarbeit \u00fcberwiegend ehrenamtlich daf\u00fcr gesorgt, dass sich der Seeadler, der Kranich, der Rotmilan, der Fischotter und viele andere bedrohte Tierarten und Pflanzen hier angesiedelt haben.<\/p>\n<p style=\"font-weight: 400;\">\u201eWir haben als Stiftung Herzogtum Lauenburg die Pflicht, gemeinsam mit den B\u00fcrgern und Gemeinden vor Ort die verfehlte Landesplanung im Naturpark zu verhindern.\u00a0Neben den offiziellen Eingaben gegen die Planung werden wir eine \u201aOffensive gegen die Zerst\u00f6rung des Naturparks Lauenburgische Seen\u2018 starten.<\/p>\n<p style=\"font-weight: 400;\">Wir sind zuversichtlich, dass wir dies gemeinsam mit den betroffenen Gemeinden, dem Kreis Herzogtum Lauenburg, den Naturschutz- und Tourismusverb\u00e4nden im Kreis und der B\u00fcrgerinitiative machen.<\/p>\n<p style=\"font-weight: 400;\">Geplant ist eine Einladung an den Umweltminister des Landes Tobias Goldschmidt B\u00fcndnis 90\/Die Gr\u00fcnen, die lauenburgischen Landtagsabgeordneten und den Landrat sowie die Abgeordneten des Kreistages. In einer \u00f6ffentlichen Podiumsdiskussion wollen wir dar\u00fcber mit Ihnen sprechen. Wir erwarten eindeutige Stellungnahmen zu dieser Planung.<\/p>\n<p style=\"font-weight: 400;\">Mit einem \u00f6ffentlichen Brief werde ich im Namen der Stiftung den Ministerpr\u00e4sidenten, die Innenministerin und den Umweltminister die Gr\u00fcnde darlegen, warum diese Windkraftanlagenplanung widersinnig ist\u201c, so Klaus Schlie.<\/p>\n<p style=\"font-weight: 400;\">\u201eAls ehemaliger Innenminister, der auch eine Regionalplanung Wind verantwortlich durchgef\u00fchrt hat, wei\u00df ich, welche massiven Betonsockel, Stromleitungen (unter- oder oberirdisch) und notwendigen Wartungsarbeiten dieses hochsensible Gebiet belasten werden.\u201c<\/p>\n","protected":false},"excerpt":{"rendered":"<p>Herzogtum Lauenburg\/M\u00f6lln (pm). Als vor fast 50 Jahren die Stiftung Herzogtum Lauenburg gegr\u00fcndet wurde, wurden in der Satzung der Stiftung zwei S\u00e4ulen als Zweck festgelegt. Das war die F\u00f6rderung der Kultur und der Erhalt und die Pflege der lauenburgischen Landschaft. Verst\u00e4rkt wurde der Bereich des Naturschutzes 1990 durch ein Erbe des Ehepaares Blunck an die [&hellip;]<\/p>\n","protected":false},"author":2,"featured_media":82137,"comment_status":"closed","ping_status":"closed","sticky":false,"template":"","format":"standard","meta":{"jnews-multi-image_gallery":[],"jnews_single_post":{"format":"standard","override":[{"template":"1","parallax":"1","fullscreen":"1","layout":"right-sidebar","sidebar":"default-sidebar","second_sidebar":"default-sidebar","sticky_sidebar":"1","share_position":"top","share_float_style":"share-monocrhome","show_view_counter":"1","show_featured":"1","show_post_meta":"1","show_post_author":"1","show_post_author_image":"1","show_post_date":"1","post_date_format":"default","post_date_format_custom":"Y\/m\/d","post_reading_time_wpm":"300","post_calculate_word_method":"str_word_count","show_zoom_button":"0","zoom_button_out_step":"2","zoom_button_in_step":"3","show_post_tag":"1","show_popup_post":"1","number_popup_post":"1","show_author_box":"1","show_post_related":"1","show_inline_post_related":"0"}],"image_override":[{"single_post_thumbnail_size":"crop-500","single_post_gallery_size":"crop-500"}],"trending_post_position":"meta","trending_post_label":"Trending","sponsored_post_label":"Sponsored by","disable_ad":"0","subtitle":"Stiftung Herzogtum Lauenburg nimmt Stellung zu Windkraftanlagen"},"jnews_primary_category":[],"jnews_social_meta":[],"jnews_override_counter":{"view_counter_number":"0","share_counter_number":"0","like_counter_number":"0","dislike_counter_number":"0"},"jnews_post_split":{"post_split":[{"template":"1","tag":"h2","numbering":"asc","mode":"normal","first":"0","enable_toc":"0","toc_type":"normal"}]},"footnotes":""},"categories":[63,1237],"tags":[752,352],"class_list":["post-82754","post","type-post","status-publish","format-standard","has-post-thumbnail","hentry","category-herzogtum-lauenburg","category-umweltnatur","tag-stiftung-herzogtum-lauenburg","tag-windkraftanlagen"],"_links":{"self":[{"href":"https:\/\/herzogtum-direkt.de\/index.php\/wp-json\/wp\/v2\/posts\/82754","targetHints":{"allow":["GET"]}}],"collection":[{"href":"https:\/\/herzogtum-direkt.de\/index.php\/wp-json\/wp\/v2\/posts"}],"about":[{"href":"https:\/\/herzogtum-direkt.de\/index.php\/wp-json\/wp\/v2\/types\/post"}],"author":[{"embeddable":true,"href":"https:\/\/herzogtum-direkt.de\/index.php\/wp-json\/wp\/v2\/users\/2"}],"replies":[{"embeddable":true,"href":"https:\/\/herzogtum-direkt.de\/index.php\/wp-json\/wp\/v2\/comments?post=82754"}],"version-history":[{"count":3,"href":"https:\/\/herzogtum-direkt.de\/index.php\/wp-json\/wp\/v2\/posts\/82754\/revisions"}],"predecessor-version":[{"id":82757,"href":"https:\/\/herzogtum-direkt.de\/index.php\/wp-json\/wp\/v2\/posts\/82754\/revisions\/82757"}],"wp:featuredmedia":[{"embeddable":true,"href":"https:\/\/herzogtum-direkt.de\/index.php\/wp-json\/wp\/v2\/media\/82137"}],"wp:attachment":[{"href":"https:\/\/herzogtum-direkt.de\/index.php\/wp-json\/wp\/v2\/media?parent=82754"}],"wp:term":[{"taxonomy":"category","embeddable":true,"href":"https:\/\/herzogtum-direkt.de\/index.php\/wp-json\/wp\/v2\/categories?post=82754"},{"taxonomy":"post_tag","embeddable":true,"href":"https:\/\/herzogtum-direkt.de\/index.php\/wp-json\/wp\/v2\/tags?post=82754"}],"curies":[{"name":"wp","href":"https:\/\/api.w.org\/{rel}","templated":true}]}}