{"id":82750,"date":"2026-04-30T07:15:52","date_gmt":"2026-04-30T06:15:52","guid":{"rendered":"https:\/\/herzogtum-direkt.de\/?p=82750"},"modified":"2026-04-30T07:41:44","modified_gmt":"2026-04-30T06:41:44","slug":"radiosendung-zum-europaeischen-protesttag-zur-gleichstellung-von-menschen-mit-behinderung","status":"publish","type":"post","link":"https:\/\/herzogtum-direkt.de\/index.php\/2026\/04\/30\/radiosendung-zum-europaeischen-protesttag-zur-gleichstellung-von-menschen-mit-behinderung\/","title":{"rendered":"Radiosendung zum Europ\u00e4ischen Protesttag zur Gleichstellung von Menschen mit Behinderung"},"content":{"rendered":"<p><strong>Ratzeburg (pm). <\/strong>Der Inklusionsbeirat der Stadt Ratzeburg und des Amtes Lauenburgische Seen appelliert am Dienstag, 5. Mai um 11 Uhr in einer Radiosendung im Offenen Kanal L\u00fcbeck (L\u00fcbeck FM) an Politik und Gesellschaft, Inklusion und Teilhabe konsequent umzusetzen und Selbstbestimmung zu st\u00e4rken.<\/p>\n<p>Am 5. Mai finden seit \u00fcber 30 Jahren in ganz Deutschland Aktionen zum Europ\u00e4ischen Protesttag zur Gleichstellung von Menschen mit Behinderung statt. Angesichts aktueller Krisen im In- und Ausland sowie geplanter K\u00fcrzungen im Sozialbereich drohen zentrale Inklusionsziele zunehmend aus dem Blickfeld von politischen Entscheidungstr\u00e4gerInnen zu geraten. Bereits erreichte Fortschritte bei der gleichberechtigten Teilhabe von Menschen mit Behinderung stehen damit auf dem Spiel \u2013 obwohl diese Ziele die zentrale Grundlage f\u00fcr eine uneingeschr\u00e4nkte Teilhabe aller Menschen bilden. Umso wichtiger ist es, bisher nur unzureichend oder nicht realisierte behindertenpolitische Ma\u00dfnahmen endlich umzusetzen.<\/p>\n<p>Zum Protesttag fordern Verb\u00e4nde, Organisationen und Aktivist*innen daher umfassende Barrierefreiheit und Selbstbestimmung von Menschen mit Behinderung sowie ihre Beteiligung an allen Entscheidungen, die das eigene Leben betreffen. Unter dem Motto &#8222;Menschenrechte sind nicht verhandelbar!&#8220; finden bundesweit zahlreiche Aktionen statt. Der Protesttag ist ein Appell an alle B\u00fcrger*innen, aktiv zu werden und Menschen mit Behinderung dabei zu unterst\u00fctzen, sich f\u00fcr ihre Rechte stark zu machen.<\/p>\n<p>\u201eVor Ort machen wir uns gemeinsam f\u00fcr eine inklusive Gesellschaft ohne Barrieren stark \u2013 mit unserer Arbeit im Inklusionsbeirat. Mit unserer Radiosendung wollen wir die breite \u00d6ffentlichkeit f\u00fcr diese wichtigen Inklusionsthemen sensibilisieren und uns f\u00fcr eine barrierefreie Zukunft in der Stadt Ratzeburg und dem umliegenden Amt Lauenburgische Seen einsetzen\u201c, sagt Beiratsvorsitzende Silke Boldt.<\/p>\n","protected":false},"excerpt":{"rendered":"<p>Ratzeburg (pm). Der Inklusionsbeirat der Stadt Ratzeburg und des Amtes Lauenburgische Seen appelliert am Dienstag, 5. Mai um 11 Uhr in einer Radiosendung im Offenen Kanal L\u00fcbeck (L\u00fcbeck FM) an Politik und Gesellschaft, Inklusion und Teilhabe konsequent umzusetzen und Selbstbestimmung zu st\u00e4rken. Am 5. Mai finden seit \u00fcber 30 Jahren in ganz Deutschland Aktionen zum [&hellip;]<\/p>\n","protected":false},"author":2,"featured_media":82751,"comment_status":"closed","ping_status":"closed","sticky":false,"template":"","format":"standard","meta":{"jnews-multi-image_gallery":[],"jnews_single_post":{"subtitle":"","format":"standard","override":[{"template":"1","parallax":"1","fullscreen":"1","layout":"right-sidebar","sidebar":"default-sidebar","second_sidebar":"default-sidebar","sticky_sidebar":"1","share_position":"top","share_float_style":"share-monocrhome","show_view_counter":"1","show_featured":"1","show_post_meta":"1","show_post_author":"1","show_post_author_image":"1","show_post_date":"1","post_date_format":"default","post_date_format_custom":"Y\/m\/d","post_reading_time_wpm":"300","post_calculate_word_method":"str_word_count","show_zoom_button":"0","zoom_button_out_step":"2","zoom_button_in_step":"3","show_post_tag":"1","show_popup_post":"1","number_popup_post":"1","show_author_box":"1","show_post_related":"1","show_inline_post_related":"0"}],"image_override":[{"single_post_thumbnail_size":"crop-500","single_post_gallery_size":"crop-500"}],"trending_post_position":"meta","trending_post_label":"Trending","sponsored_post_label":"Sponsored by","disable_ad":"0"},"jnews_primary_category":[],"jnews_social_meta":[],"jnews_override_counter":{"view_counter_number":"0","share_counter_number":"0","like_counter_number":"0","dislike_counter_number":"0"},"jnews_post_split":{"post_split":[{"template":"1","tag":"h2","numbering":"asc","mode":"normal","first":"0","enable_toc":"0","toc_type":"normal"}]},"footnotes":""},"categories":[1,73,64],"tags":[3861,2101,327],"class_list":["post-82750","post","type-post","status-publish","format-standard","has-post-thumbnail","hentry","category-feature","category-landleute","category-ratzeburg","tag-inklusionsbeirat","tag-inklusionsfoerderung","tag-offener-kanal-luebeck"],"_links":{"self":[{"href":"https:\/\/herzogtum-direkt.de\/index.php\/wp-json\/wp\/v2\/posts\/82750","targetHints":{"allow":["GET"]}}],"collection":[{"href":"https:\/\/herzogtum-direkt.de\/index.php\/wp-json\/wp\/v2\/posts"}],"about":[{"href":"https:\/\/herzogtum-direkt.de\/index.php\/wp-json\/wp\/v2\/types\/post"}],"author":[{"embeddable":true,"href":"https:\/\/herzogtum-direkt.de\/index.php\/wp-json\/wp\/v2\/users\/2"}],"replies":[{"embeddable":true,"href":"https:\/\/herzogtum-direkt.de\/index.php\/wp-json\/wp\/v2\/comments?post=82750"}],"version-history":[{"count":1,"href":"https:\/\/herzogtum-direkt.de\/index.php\/wp-json\/wp\/v2\/posts\/82750\/revisions"}],"predecessor-version":[{"id":82752,"href":"https:\/\/herzogtum-direkt.de\/index.php\/wp-json\/wp\/v2\/posts\/82750\/revisions\/82752"}],"wp:featuredmedia":[{"embeddable":true,"href":"https:\/\/herzogtum-direkt.de\/index.php\/wp-json\/wp\/v2\/media\/82751"}],"wp:attachment":[{"href":"https:\/\/herzogtum-direkt.de\/index.php\/wp-json\/wp\/v2\/media?parent=82750"}],"wp:term":[{"taxonomy":"category","embeddable":true,"href":"https:\/\/herzogtum-direkt.de\/index.php\/wp-json\/wp\/v2\/categories?post=82750"},{"taxonomy":"post_tag","embeddable":true,"href":"https:\/\/herzogtum-direkt.de\/index.php\/wp-json\/wp\/v2\/tags?post=82750"}],"curies":[{"name":"wp","href":"https:\/\/api.w.org\/{rel}","templated":true}]}}